{"id":357414,"date":"2025-07-06T00:35:39","date_gmt":"2025-07-06T03:35:39","guid":{"rendered":"https:\/\/www.notibras.com\/site\/?p=357414"},"modified":"2025-07-06T03:37:28","modified_gmt":"2025-07-06T06:37:28","slug":"fernando-de-noronha-vira-palco-para-debates-de-estimulo-ao-turismo","status":"publish","type":"post","link":"https:\/\/www.notibras.com\/site\/fernando-de-noronha-vira-palco-para-debates-de-estimulo-ao-turismo\/","title":{"rendered":"Fernando de Noronha vira palco para debates de est\u00edmulo ao turismo"},"content":{"rendered":"<p>Profissionais do cinema, representantes do governo, curadores de festivais e agentes do turismo discutiram nesta semana, em Fernando de Noronha, o est\u00edmulo \u00e0 produ\u00e7\u00e3o audiovisual como ferramenta para o desenvolvimento tur\u00edstico, econ\u00f4mico e cultural. O arquip\u00e9lago pernambucano recebeu, entre 29 de junho e 2 de julho, o segundo f\u00f3rum de film commissions Noronha2B (N2B).<\/p>\n<p>Uma film commission, ou comiss\u00e3o f\u00edlmica, \u00e9 uma organiza\u00e7\u00e3o, geralmente governamental, que tem como objetivo atrair e facilitar a produ\u00e7\u00e3o audiovisual em uma determinada regi\u00e3o, oferecendo suporte e informa\u00e7\u00f5es para produtoras e equipes de filmagem.<\/p>\n<p>Essas organiza\u00e7\u00f5es oferecem suporte em v\u00e1rias etapas de uma produ\u00e7\u00e3o, desde a burocracia para filmagens at\u00e9 o contato com fornecedores e o mapeamento de poss\u00edveis loca\u00e7\u00f5es.<\/p>\n<p><strong>Comiss\u00e3o f\u00edlmica nacional<\/strong><br \/>\nO Brasil tem comiss\u00f5es f\u00edlmicas locais, como as de Porto Alegre, S\u00e3o Paulo e Rio de Janeiro, mas ainda n\u00e3o disp\u00f5e de um \u00f3rg\u00e3o nacional com essa atribui\u00e7\u00e3o, necessidade que foi destacada pelos participantes do evento.<\/p>\n<p>Em uma palestra dedicada a esse tema, o secret\u00e1rio executivo do Minist\u00e9rio da Cultura, M\u00e1rcio Tavares, e a secret\u00e1ria do audiovisual, Joelma Gonzaga, discutiram a necessidade de uma film commission nacional e de uma regulamenta\u00e7\u00e3o do streaming.<\/p>\n<p>Gonzaga afirmou que o Minc lidera um grupo de trabalho interministerial que debate a cria\u00e7\u00e3o dessa comiss\u00e3o f\u00edlmica, do qual tamb\u00e9m participam o Minist\u00e9rio do Turismo, a Embratur, a Apex e a Rede de Film Commission Nacional.<\/p>\n<p><strong>Audiovisual e turismo<\/strong><br \/>\nIdealizador e diretor art\u00edstico do Noronha2B, Zeca Brito explicou que uma rede bem articulada de film commissions tem um papel de atra\u00e7\u00e3o de mais produ\u00e7\u00f5es para um local, que, por sua vez, ganha maior visibilidade e proje\u00e7\u00e3o com os produtos audiovisuais produzidos nele:<\/p>\n<p>\u201cA fun\u00e7\u00e3o de uma film commission \u00e9 fomentar o mercado de atra\u00e7\u00e3o. J\u00e1 parou para pensar em como um filme ou s\u00e9rie pode inspirar as pessoas a viajar para um destino tur\u00edstico? O audiovisual tem um poder imenso de construir narrativas e valorizar a identidade cultural de um lugar&#8221;, disse Brito<\/p>\n<p>A coordenadora de economia criativa da Porto Alegre Film Commission, Joana Braga, acredita que qualificar as film commissions no pa\u00eds \u00e9 fundamental para o desenvolvimento econ\u00f4mico.<\/p>\n<p>\u201cViemos aqui e apostamos na participa\u00e7\u00e3o e patroc\u00ednio deste evento porque era necess\u00e1rio qualificar a discuss\u00e3o sobre as film commissions no pa\u00eds. Isso ficou claro nas falas do Minist\u00e9rio da Cultura, da Embratur e do Minist\u00e9rio do Turismo, que perceberam a oportunidade de trabalhar de forma engajada e colaborativa pela film commission nacional.&#8221;<\/p>\n<p><strong>Casos de sucesso<\/strong><br \/>\nCom a premissa de que o audiovisual \u00e9 uma ferramenta poderosa de promo\u00e7\u00e3o do turismo, o evento apresentou casos de sucesso de film commissions internacionais, como a de Medell\u00edn, que conseguiu contribuir para a revers\u00e3o da imagem de local perigoso que era atribu\u00edda \u00e0 cidade colombiana. A capital portuguesa, Lisboa, \u00e9 outra cidade considerada um bom exemplo de atra\u00e7\u00e3o do audiovisual.<\/p>\n<p>Durante o evento, representantes dos 10 projetos selecionados para o laborat\u00f3rio N2B participaram da primeira sess\u00e3o de tutorias com grandes nomes do audiovisual brasileiro e internacional, como Andrea Barata Ribeiro, Carla Esmeralda, Daniel Dreifuss e outros. Andrea, reconhecida pela revista americana Variety como uma das 50 produtoras mais influentes do mundo, destacou a relev\u00e2ncia do evento para conex\u00f5es no setor.<\/p>\n<p>\u201cSem d\u00favida, \u00e9 uma forma muito eficiente de mostrar o Brasil. O audiovisual e o turismo t\u00eam uma rela\u00e7\u00e3o simbi\u00f3tica. O N2B tornou poss\u00edvel o encontro de pessoas desse universo, trouxe tutores para os projetos, trouxe as film commissions, curadores, o ICMBio, a Embratur. Foi um encontro muito pr\u00f3spero\u201d, resumiu Andr\u00e9a.<\/p>\n","protected":false},"excerpt":{"rendered":"<p>Profissionais do cinema, representantes do governo, curadores de festivais e agentes do turismo discutiram nesta semana, em Fernando de Noronha, o est\u00edmulo \u00e0 produ\u00e7\u00e3o audiovisual como ferramenta para o desenvolvimento tur\u00edstico, econ\u00f4mico e cultural. O arquip\u00e9lago pernambucano recebeu, entre 29 de junho e 2 de julho, o segundo f\u00f3rum de film commissions Noronha2B (N2B). Uma [&hellip;]<\/p>\n","protected":false},"author":2,"featured_media":357415,"comment_status":"closed","ping_status":"closed","sticky":false,"template":"","format":"standard","meta":{"_acf_changed":false,"footnotes":""},"categories":[165],"tags":[],"class_list":["post-357414","post","type-post","status-publish","format-standard","has-post-thumbnail","hentry","category-nordeste"],"acf":[],"_links":{"self":[{"href":"https:\/\/www.notibras.com\/site\/wp-json\/wp\/v2\/posts\/357414","targetHints":{"allow":["GET"]}}],"collection":[{"href":"https:\/\/www.notibras.com\/site\/wp-json\/wp\/v2\/posts"}],"about":[{"href":"https:\/\/www.notibras.com\/site\/wp-json\/wp\/v2\/types\/post"}],"author":[{"embeddable":true,"href":"https:\/\/www.notibras.com\/site\/wp-json\/wp\/v2\/users\/2"}],"replies":[{"embeddable":true,"href":"https:\/\/www.notibras.com\/site\/wp-json\/wp\/v2\/comments?post=357414"}],"version-history":[{"count":1,"href":"https:\/\/www.notibras.com\/site\/wp-json\/wp\/v2\/posts\/357414\/revisions"}],"predecessor-version":[{"id":357416,"href":"https:\/\/www.notibras.com\/site\/wp-json\/wp\/v2\/posts\/357414\/revisions\/357416"}],"wp:featuredmedia":[{"embeddable":true,"href":"https:\/\/www.notibras.com\/site\/wp-json\/wp\/v2\/media\/357415"}],"wp:attachment":[{"href":"https:\/\/www.notibras.com\/site\/wp-json\/wp\/v2\/media?parent=357414"}],"wp:term":[{"taxonomy":"category","embeddable":true,"href":"https:\/\/www.notibras.com\/site\/wp-json\/wp\/v2\/categories?post=357414"},{"taxonomy":"post_tag","embeddable":true,"href":"https:\/\/www.notibras.com\/site\/wp-json\/wp\/v2\/tags?post=357414"}],"curies":[{"name":"wp","href":"https:\/\/api.w.org\/{rel}","templated":true}]}}