{"id":357421,"date":"2025-07-06T00:01:01","date_gmt":"2025-07-06T03:01:01","guid":{"rendered":"https:\/\/www.notibras.com\/site\/?p=357421"},"modified":"2025-07-06T04:06:00","modified_gmt":"2025-07-06T07:06:00","slug":"rutte-descarta-reducao-de-tropas-norte-americanas-na-europa","status":"publish","type":"post","link":"https:\/\/www.notibras.com\/site\/rutte-descarta-reducao-de-tropas-norte-americanas-na-europa\/","title":{"rendered":"Rutte descarta redu\u00e7\u00e3o de tropas norte-americanas na Europa"},"content":{"rendered":"<p>Uma redu\u00e7\u00e3o no n\u00famero de tropas americanas na Europa n\u00e3o est\u00e1 em discuss\u00e3o no momento, disse o secret\u00e1rio-geral da OTAN, Mark Rutte, em uma entrevista ao jornal <em>The New York Times<\/em> publicada no s\u00e1bado, 5.<\/p>\n<p>&#8220;N\u00e3o se fala, neste momento, em redu\u00e7\u00e3o. O que sabemos \u00e9 que os europeus precisam gastar mais. \u00c9 isso que estamos fazendo. No que diz respeito ao n\u00famero de tropas, todos concordamos que n\u00e3o deve haver lacunas de capacidade na Europa&#8221;, disse Rutte.<\/p>\n<p>O presidente dos EUA, Donald Trump, criticou repetidamente a Europa por sua baixa contribui\u00e7\u00e3o para a capacidade de defesa da OTAN e exigiu que todos os Estados-membros aumentassem os gastos com defesa para 5% do PIB.<\/p>\n<p>Ao mesmo tempo, o chefe do Pent\u00e1gono, Pete Hegseth, afirmou que os EUA n\u00e3o t\u00eam planos de reduzir sua presen\u00e7a militar na Europa neste momento.<\/p>\n","protected":false},"excerpt":{"rendered":"<p>Uma redu\u00e7\u00e3o no n\u00famero de tropas americanas na Europa n\u00e3o est\u00e1 em discuss\u00e3o no momento, disse o secret\u00e1rio-geral da OTAN, Mark Rutte, em uma entrevista ao jornal The New York Times publicada no s\u00e1bado, 5. &#8220;N\u00e3o se fala, neste momento, em redu\u00e7\u00e3o. O que sabemos \u00e9 que os europeus precisam gastar mais. \u00c9 isso que [&hellip;]<\/p>\n","protected":false},"author":2,"featured_media":357422,"comment_status":"closed","ping_status":"closed","sticky":false,"template":"","format":"standard","meta":{"_acf_changed":false,"footnotes":""},"categories":[159],"tags":[],"class_list":["post-357421","post","type-post","status-publish","format-standard","has-post-thumbnail","hentry","category-apocalipse"],"acf":[],"yoast_head":"<!-- This site is optimized with the Yoast SEO plugin v27.2 - https:\/\/yoast.com\/product\/yoast-seo-wordpress\/ -->\n<title>Rutte descarta redu\u00e7\u00e3o de tropas norte-americanas na Europa - Notibras<\/title>\n<meta name=\"robots\" content=\"index, follow, max-snippet:-1, max-image-preview:large, max-video-preview:-1\" \/>\n<link rel=\"canonical\" href=\"https:\/\/www.notibras.com\/site\/rutte-descarta-reducao-de-tropas-norte-americanas-na-europa\/\" \/>\n<meta property=\"og:locale\" content=\"pt_BR\" \/>\n<meta property=\"og:type\" content=\"article\" \/>\n<meta property=\"og:title\" content=\"Rutte descarta redu\u00e7\u00e3o de tropas norte-americanas na Europa - Notibras\" \/>\n<meta property=\"og:description\" content=\"Uma redu\u00e7\u00e3o no n\u00famero de tropas americanas na Europa n\u00e3o est\u00e1 em discuss\u00e3o no momento, disse o secret\u00e1rio-geral da OTAN, Mark Rutte, em uma entrevista ao jornal The New York Times publicada no s\u00e1bado, 5. &#8220;N\u00e3o se fala, neste momento, em redu\u00e7\u00e3o. O que sabemos \u00e9 que os europeus precisam gastar mais. \u00c9 isso que [&hellip;]\" \/>\n<meta property=\"og:url\" content=\"https:\/\/www.notibras.com\/site\/rutte-descarta-reducao-de-tropas-norte-americanas-na-europa\/\" \/>\n<meta property=\"og:site_name\" content=\"Notibras\" \/>\n<meta property=\"article:publisher\" content=\"https:\/\/www.facebook.com\/notibras\/\" \/>\n<meta property=\"article:published_time\" content=\"2025-07-06T03:01:01+00:00\" \/>\n<meta property=\"article:modified_time\" content=\"2025-07-06T07:06:00+00:00\" \/>\n<meta property=\"og:image\" content=\"https:\/\/www.notibras.com\/site\/wp-content\/uploads\/2025\/07\/1092099019_0_60_3072_1788_1920x0_80_0_0_6ce217d028928bf987d9d4556eca265d.jpg.webp\" \/>\n\t<meta property=\"og:image:width\" content=\"1920\" \/>\n\t<meta property=\"og:image:height\" content=\"1080\" \/>\n\t<meta property=\"og:image:type\" content=\"image\/webp\" \/>\n<meta name=\"author\" content=\"Reda\u00e7\u00e3o\" \/>\n<meta name=\"twitter:card\" content=\"summary_large_image\" \/>\n<meta name=\"twitter:creator\" content=\"@Notibras\" \/>\n<meta name=\"twitter:site\" content=\"@Notibras\" \/>\n<meta name=\"twitter:label1\" content=\"Escrito por\" \/>\n\t<meta name=\"twitter:data1\" content=\"Reda\u00e7\u00e3o\" \/>\n\t<meta name=\"twitter:label2\" content=\"Est. tempo de leitura\" \/>\n\t<meta name=\"twitter:data2\" content=\"2 minutos\" \/>\n<script type=\"application\/ld+json\" class=\"yoast-schema-graph\">{\"@context\":\"https:\/\/schema.org\",\"@graph\":[{\"@type\":\"Article\",\"@id\":\"https:\/\/www.notibras.com\/site\/rutte-descarta-reducao-de-tropas-norte-americanas-na-europa\/#article\",\"isPartOf\":{\"@id\":\"https:\/\/www.notibras.com\/site\/rutte-descarta-reducao-de-tropas-norte-americanas-na-europa\/\"},\"author\":{\"name\":\"Reda\u00e7\u00e3o\",\"@id\":\"https:\/\/www.notibras.com\/site\/#\/schema\/person\/36ab0979449956132d3e5b517ea76ac8\"},\"headline\":\"Rutte descarta redu\u00e7\u00e3o de tropas norte-americanas na Europa\",\"datePublished\":\"2025-07-06T03:01:01+00:00\",\"dateModified\":\"2025-07-06T07:06:00+00:00\",\"mainEntityOfPage\":{\"@id\":\"https:\/\/www.notibras.com\/site\/rutte-descarta-reducao-de-tropas-norte-americanas-na-europa\/\"},\"wordCount\":159,\"publisher\":{\"@id\":\"https:\/\/www.notibras.com\/site\/#organization\"},\"image\":{\"@id\":\"https:\/\/www.notibras.com\/site\/rutte-descarta-reducao-de-tropas-norte-americanas-na-europa\/#primaryimage\"},\"thumbnailUrl\":\"https:\/\/www.notibras.com\/site\/wp-content\/uploads\/2025\/07\/1092099019_0_60_3072_1788_1920x0_80_0_0_6ce217d028928bf987d9d4556eca265d.jpg.webp\",\"articleSection\":[\"Apocalipse\"],\"inLanguage\":\"pt-BR\"},{\"@type\":\"WebPage\",\"@id\":\"https:\/\/www.notibras.com\/site\/rutte-descarta-reducao-de-tropas-norte-americanas-na-europa\/\",\"url\":\"https:\/\/www.notibras.com\/site\/rutte-descarta-reducao-de-tropas-norte-americanas-na-europa\/\",\"name\":\"Rutte descarta redu\u00e7\u00e3o de tropas norte-americanas na Europa - Notibras\",\"isPartOf\":{\"@id\":\"https:\/\/www.notibras.com\/site\/#website\"},\"primaryImageOfPage\":{\"@id\":\"https:\/\/www.notibras.com\/site\/rutte-descarta-reducao-de-tropas-norte-americanas-na-europa\/#primaryimage\"},\"image\":{\"@id\":\"https:\/\/www.notibras.com\/site\/rutte-descarta-reducao-de-tropas-norte-americanas-na-europa\/#primaryimage\"},\"thumbnailUrl\":\"https:\/\/www.notibras.com\/site\/wp-content\/uploads\/2025\/07\/1092099019_0_60_3072_1788_1920x0_80_0_0_6ce217d028928bf987d9d4556eca265d.jpg.webp\",\"datePublished\":\"2025-07-06T03:01:01+00:00\",\"dateModified\":\"2025-07-06T07:06:00+00:00\",\"breadcrumb\":{\"@id\":\"https:\/\/www.notibras.com\/site\/rutte-descarta-reducao-de-tropas-norte-americanas-na-europa\/#breadcrumb\"},\"inLanguage\":\"pt-BR\",\"potentialAction\":[{\"@type\":\"ReadAction\",\"target\":[\"https:\/\/www.notibras.com\/site\/rutte-descarta-reducao-de-tropas-norte-americanas-na-europa\/\"]}]},{\"@type\":\"ImageObject\",\"inLanguage\":\"pt-BR\",\"@id\":\"https:\/\/www.notibras.com\/site\/rutte-descarta-reducao-de-tropas-norte-americanas-na-europa\/#primaryimage\",\"url\":\"https:\/\/www.notibras.com\/site\/wp-content\/uploads\/2025\/07\/1092099019_0_60_3072_1788_1920x0_80_0_0_6ce217d028928bf987d9d4556eca265d.jpg.webp\",\"contentUrl\":\"https:\/\/www.notibras.com\/site\/wp-content\/uploads\/2025\/07\/1092099019_0_60_3072_1788_1920x0_80_0_0_6ce217d028928bf987d9d4556eca265d.jpg.webp\",\"width\":1920,\"height\":1080},{\"@type\":\"BreadcrumbList\",\"@id\":\"https:\/\/www.notibras.com\/site\/rutte-descarta-reducao-de-tropas-norte-americanas-na-europa\/#breadcrumb\",\"itemListElement\":[{\"@type\":\"ListItem\",\"position\":1,\"name\":\"In\u00edcio\",\"item\":\"https:\/\/www.notibras.com\/site\/\"},{\"@type\":\"ListItem\",\"position\":2,\"name\":\"Rutte descarta redu\u00e7\u00e3o de tropas norte-americanas na Europa\"}]},{\"@type\":\"WebSite\",\"@id\":\"https:\/\/www.notibras.com\/site\/#website\",\"url\":\"https:\/\/www.notibras.com\/site\/\",\"name\":\"Notibras\",\"description\":\"Not\u00edcias de Bras\u00edlia, do Brasil e do Mundo\",\"publisher\":{\"@id\":\"https:\/\/www.notibras.com\/site\/#organization\"},\"potentialAction\":[{\"@type\":\"SearchAction\",\"target\":{\"@type\":\"EntryPoint\",\"urlTemplate\":\"https:\/\/www.notibras.com\/site\/?s={search_term_string}\"},\"query-input\":{\"@type\":\"PropertyValueSpecification\",\"valueRequired\":true,\"valueName\":\"search_term_string\"}}],\"inLanguage\":\"pt-BR\"},{\"@type\":\"Organization\",\"@id\":\"https:\/\/www.notibras.com\/site\/#organization\",\"name\":\"Grupo Notibras de Comunica\u00e7\u00e3o\",\"url\":\"https:\/\/www.notibras.com\/site\/\",\"logo\":{\"@type\":\"ImageObject\",\"inLanguage\":\"pt-BR\",\"@id\":\"https:\/\/www.notibras.com\/site\/#\/schema\/logo\/image\/\",\"url\":\"https:\/\/www.notibras.com\/site\/wp-content\/uploads\/2023\/01\/notibras23.png\",\"contentUrl\":\"https:\/\/www.notibras.com\/site\/wp-content\/uploads\/2023\/01\/notibras23.png\",\"width\":350,\"height\":87,\"caption\":\"Grupo Notibras de Comunica\u00e7\u00e3o\"},\"image\":{\"@id\":\"https:\/\/www.notibras.com\/site\/#\/schema\/logo\/image\/\"},\"sameAs\":[\"https:\/\/www.facebook.com\/notibras\/\",\"https:\/\/x.com\/Notibras\",\"https:\/\/www.instagram.com\/notibras\/\"]},{\"@type\":\"Person\",\"@id\":\"https:\/\/www.notibras.com\/site\/#\/schema\/person\/36ab0979449956132d3e5b517ea76ac8\",\"name\":\"Reda\u00e7\u00e3o\",\"image\":{\"@type\":\"ImageObject\",\"inLanguage\":\"pt-BR\",\"@id\":\"https:\/\/secure.gravatar.com\/avatar\/e0a867bdedb85fd243eadf09663511f96fc81e0720a4a42581f334ad4303aa6b?s=96&d=mm&r=g\",\"url\":\"https:\/\/secure.gravatar.com\/avatar\/e0a867bdedb85fd243eadf09663511f96fc81e0720a4a42581f334ad4303aa6b?s=96&d=mm&r=g\",\"contentUrl\":\"https:\/\/secure.gravatar.com\/avatar\/e0a867bdedb85fd243eadf09663511f96fc81e0720a4a42581f334ad4303aa6b?s=96&d=mm&r=g\",\"caption\":\"Reda\u00e7\u00e3o\"}}]}<\/script>\n<!-- \/ Yoast SEO plugin. -->","yoast_head_json":{"title":"Rutte descarta redu\u00e7\u00e3o de tropas norte-americanas na Europa - Notibras","robots":{"index":"index","follow":"follow","max-snippet":"max-snippet:-1","max-image-preview":"max-image-preview:large","max-video-preview":"max-video-preview:-1"},"canonical":"https:\/\/www.notibras.com\/site\/rutte-descarta-reducao-de-tropas-norte-americanas-na-europa\/","og_locale":"pt_BR","og_type":"article","og_title":"Rutte descarta redu\u00e7\u00e3o de tropas norte-americanas na Europa - Notibras","og_description":"Uma redu\u00e7\u00e3o no n\u00famero de tropas americanas na Europa n\u00e3o est\u00e1 em discuss\u00e3o no momento, disse o secret\u00e1rio-geral da OTAN, Mark Rutte, em uma entrevista ao jornal The New York Times publicada no s\u00e1bado, 5. &#8220;N\u00e3o se fala, neste momento, em redu\u00e7\u00e3o. O que sabemos \u00e9 que os europeus precisam gastar mais. \u00c9 isso que [&hellip;]","og_url":"https:\/\/www.notibras.com\/site\/rutte-descarta-reducao-de-tropas-norte-americanas-na-europa\/","og_site_name":"Notibras","article_publisher":"https:\/\/www.facebook.com\/notibras\/","article_published_time":"2025-07-06T03:01:01+00:00","article_modified_time":"2025-07-06T07:06:00+00:00","og_image":[{"width":1920,"height":1080,"url":"https:\/\/www.notibras.com\/site\/wp-content\/uploads\/2025\/07\/1092099019_0_60_3072_1788_1920x0_80_0_0_6ce217d028928bf987d9d4556eca265d.jpg.webp","type":"image\/webp"}],"author":"Reda\u00e7\u00e3o","twitter_card":"summary_large_image","twitter_creator":"@Notibras","twitter_site":"@Notibras","twitter_misc":{"Escrito por":"Reda\u00e7\u00e3o","Est. tempo de leitura":"2 minutos"},"schema":{"@context":"https:\/\/schema.org","@graph":[{"@type":"Article","@id":"https:\/\/www.notibras.com\/site\/rutte-descarta-reducao-de-tropas-norte-americanas-na-europa\/#article","isPartOf":{"@id":"https:\/\/www.notibras.com\/site\/rutte-descarta-reducao-de-tropas-norte-americanas-na-europa\/"},"author":{"name":"Reda\u00e7\u00e3o","@id":"https:\/\/www.notibras.com\/site\/#\/schema\/person\/36ab0979449956132d3e5b517ea76ac8"},"headline":"Rutte descarta redu\u00e7\u00e3o de tropas norte-americanas na Europa","datePublished":"2025-07-06T03:01:01+00:00","dateModified":"2025-07-06T07:06:00+00:00","mainEntityOfPage":{"@id":"https:\/\/www.notibras.com\/site\/rutte-descarta-reducao-de-tropas-norte-americanas-na-europa\/"},"wordCount":159,"publisher":{"@id":"https:\/\/www.notibras.com\/site\/#organization"},"image":{"@id":"https:\/\/www.notibras.com\/site\/rutte-descarta-reducao-de-tropas-norte-americanas-na-europa\/#primaryimage"},"thumbnailUrl":"https:\/\/www.notibras.com\/site\/wp-content\/uploads\/2025\/07\/1092099019_0_60_3072_1788_1920x0_80_0_0_6ce217d028928bf987d9d4556eca265d.jpg.webp","articleSection":["Apocalipse"],"inLanguage":"pt-BR"},{"@type":"WebPage","@id":"https:\/\/www.notibras.com\/site\/rutte-descarta-reducao-de-tropas-norte-americanas-na-europa\/","url":"https:\/\/www.notibras.com\/site\/rutte-descarta-reducao-de-tropas-norte-americanas-na-europa\/","name":"Rutte descarta redu\u00e7\u00e3o de tropas norte-americanas na Europa - Notibras","isPartOf":{"@id":"https:\/\/www.notibras.com\/site\/#website"},"primaryImageOfPage":{"@id":"https:\/\/www.notibras.com\/site\/rutte-descarta-reducao-de-tropas-norte-americanas-na-europa\/#primaryimage"},"image":{"@id":"https:\/\/www.notibras.com\/site\/rutte-descarta-reducao-de-tropas-norte-americanas-na-europa\/#primaryimage"},"thumbnailUrl":"https:\/\/www.notibras.com\/site\/wp-content\/uploads\/2025\/07\/1092099019_0_60_3072_1788_1920x0_80_0_0_6ce217d028928bf987d9d4556eca265d.jpg.webp","datePublished":"2025-07-06T03:01:01+00:00","dateModified":"2025-07-06T07:06:00+00:00","breadcrumb":{"@id":"https:\/\/www.notibras.com\/site\/rutte-descarta-reducao-de-tropas-norte-americanas-na-europa\/#breadcrumb"},"inLanguage":"pt-BR","potentialAction":[{"@type":"ReadAction","target":["https:\/\/www.notibras.com\/site\/rutte-descarta-reducao-de-tropas-norte-americanas-na-europa\/"]}]},{"@type":"ImageObject","inLanguage":"pt-BR","@id":"https:\/\/www.notibras.com\/site\/rutte-descarta-reducao-de-tropas-norte-americanas-na-europa\/#primaryimage","url":"https:\/\/www.notibras.com\/site\/wp-content\/uploads\/2025\/07\/1092099019_0_60_3072_1788_1920x0_80_0_0_6ce217d028928bf987d9d4556eca265d.jpg.webp","contentUrl":"https:\/\/www.notibras.com\/site\/wp-content\/uploads\/2025\/07\/1092099019_0_60_3072_1788_1920x0_80_0_0_6ce217d028928bf987d9d4556eca265d.jpg.webp","width":1920,"height":1080},{"@type":"BreadcrumbList","@id":"https:\/\/www.notibras.com\/site\/rutte-descarta-reducao-de-tropas-norte-americanas-na-europa\/#breadcrumb","itemListElement":[{"@type":"ListItem","position":1,"name":"In\u00edcio","item":"https:\/\/www.notibras.com\/site\/"},{"@type":"ListItem","position":2,"name":"Rutte descarta redu\u00e7\u00e3o de tropas norte-americanas na Europa"}]},{"@type":"WebSite","@id":"https:\/\/www.notibras.com\/site\/#website","url":"https:\/\/www.notibras.com\/site\/","name":"Notibras","description":"Not\u00edcias de Bras\u00edlia, do Brasil e do Mundo","publisher":{"@id":"https:\/\/www.notibras.com\/site\/#organization"},"potentialAction":[{"@type":"SearchAction","target":{"@type":"EntryPoint","urlTemplate":"https:\/\/www.notibras.com\/site\/?s={search_term_string}"},"query-input":{"@type":"PropertyValueSpecification","valueRequired":true,"valueName":"search_term_string"}}],"inLanguage":"pt-BR"},{"@type":"Organization","@id":"https:\/\/www.notibras.com\/site\/#organization","name":"Grupo Notibras de Comunica\u00e7\u00e3o","url":"https:\/\/www.notibras.com\/site\/","logo":{"@type":"ImageObject","inLanguage":"pt-BR","@id":"https:\/\/www.notibras.com\/site\/#\/schema\/logo\/image\/","url":"https:\/\/www.notibras.com\/site\/wp-content\/uploads\/2023\/01\/notibras23.png","contentUrl":"https:\/\/www.notibras.com\/site\/wp-content\/uploads\/2023\/01\/notibras23.png","width":350,"height":87,"caption":"Grupo Notibras de Comunica\u00e7\u00e3o"},"image":{"@id":"https:\/\/www.notibras.com\/site\/#\/schema\/logo\/image\/"},"sameAs":["https:\/\/www.facebook.com\/notibras\/","https:\/\/x.com\/Notibras","https:\/\/www.instagram.com\/notibras\/"]},{"@type":"Person","@id":"https:\/\/www.notibras.com\/site\/#\/schema\/person\/36ab0979449956132d3e5b517ea76ac8","name":"Reda\u00e7\u00e3o","image":{"@type":"ImageObject","inLanguage":"pt-BR","@id":"https:\/\/secure.gravatar.com\/avatar\/e0a867bdedb85fd243eadf09663511f96fc81e0720a4a42581f334ad4303aa6b?s=96&d=mm&r=g","url":"https:\/\/secure.gravatar.com\/avatar\/e0a867bdedb85fd243eadf09663511f96fc81e0720a4a42581f334ad4303aa6b?s=96&d=mm&r=g","contentUrl":"https:\/\/secure.gravatar.com\/avatar\/e0a867bdedb85fd243eadf09663511f96fc81e0720a4a42581f334ad4303aa6b?s=96&d=mm&r=g","caption":"Reda\u00e7\u00e3o"}}]}},"amp_enabled":true,"_links":{"self":[{"href":"https:\/\/www.notibras.com\/site\/wp-json\/wp\/v2\/posts\/357421","targetHints":{"allow":["GET"]}}],"collection":[{"href":"https:\/\/www.notibras.com\/site\/wp-json\/wp\/v2\/posts"}],"about":[{"href":"https:\/\/www.notibras.com\/site\/wp-json\/wp\/v2\/types\/post"}],"author":[{"embeddable":true,"href":"https:\/\/www.notibras.com\/site\/wp-json\/wp\/v2\/users\/2"}],"replies":[{"embeddable":true,"href":"https:\/\/www.notibras.com\/site\/wp-json\/wp\/v2\/comments?post=357421"}],"version-history":[{"count":1,"href":"https:\/\/www.notibras.com\/site\/wp-json\/wp\/v2\/posts\/357421\/revisions"}],"predecessor-version":[{"id":357423,"href":"https:\/\/www.notibras.com\/site\/wp-json\/wp\/v2\/posts\/357421\/revisions\/357423"}],"wp:featuredmedia":[{"embeddable":true,"href":"https:\/\/www.notibras.com\/site\/wp-json\/wp\/v2\/media\/357422"}],"wp:attachment":[{"href":"https:\/\/www.notibras.com\/site\/wp-json\/wp\/v2\/media?parent=357421"}],"wp:term":[{"taxonomy":"category","embeddable":true,"href":"https:\/\/www.notibras.com\/site\/wp-json\/wp\/v2\/categories?post=357421"},{"taxonomy":"post_tag","embeddable":true,"href":"https:\/\/www.notibras.com\/site\/wp-json\/wp\/v2\/tags?post=357421"}],"curies":[{"name":"wp","href":"https:\/\/api.w.org\/{rel}","templated":true}]}}