{"id":357424,"date":"2025-07-06T03:11:23","date_gmt":"2025-07-06T06:11:23","guid":{"rendered":"https:\/\/www.notibras.com\/site\/?p=357424"},"modified":"2025-07-06T07:42:55","modified_gmt":"2025-07-06T10:42:55","slug":"novas-provas-apontam-estragos-provocados-pelo-ira-em-israel","status":"publish","type":"post","link":"https:\/\/www.notibras.com\/site\/novas-provas-apontam-estragos-provocados-pelo-ira-em-israel\/","title":{"rendered":"Novas provas apontam estragos provocados pelo Ir\u00e3 em Israel"},"content":{"rendered":"<p>Israel ocultou informa\u00e7\u00f5es sobre os ataques bem-sucedidos do Ir\u00e3 em suas cinco instala\u00e7\u00f5es militares durante a recente escalada, o que pode ser explicado pelas r\u00edgidas leis de censura militar no estado judeu, informou o jornal <em>The Telegraph<\/em> no s\u00e1bado, 5, citando dados de radar de sat\u00e9lite fornecidos por cientistas da Universidade Estadual do Oregon, nos EUA.<\/p>\n<p>Essas instala\u00e7\u00f5es, localizadas no norte, sul e centro de Israel, foram atingidas por um total de seis m\u00edsseis iranianos, segundo a reportagem. Entre elas, est\u00e3o a base a\u00e9rea de Tel Nof, uma base log\u00edstica e um centro de coleta de intelig\u00eancia, informou o jornal.<\/p>\n<p>De acordo com a an\u00e1lise conduzida pelo <em>The Telegraph<\/em>, a maioria dos m\u00edsseis iranianos foi interceptada, mas a propor\u00e7\u00e3o de m\u00edsseis que passaram pelas defesas a\u00e9reas de Israel aumentou durante os primeiros oito dias da escalada.<\/p>\n<p>As For\u00e7as de Defesa de Israel se recusaram a fazer quaisquer coment\u00e1rios sobre as quest\u00f5es de intercepta\u00e7\u00e3o de m\u00edsseis e os danos infligidos por Teer\u00e3, informou o <em>The Telegraph<\/em>.<\/p>\n<p>Na noite de 13 de junho, Israel lan\u00e7ou uma opera\u00e7\u00e3o contra o Ir\u00e3, acusando-o de implementar um programa nuclear militar secreto. O Ir\u00e3 rejeitou as acusa\u00e7\u00f5es, respondendo com seus pr\u00f3prios ataques. As partes trocaram ataques por 12 dias, aos quais se juntaram os Estados Unidos, que realizaram um ataque \u00fanico \u00e0s instala\u00e7\u00f5es nucleares iranianas na noite de 22 de junho.<\/p>\n<p>Na noite seguinte, Teer\u00e3 lan\u00e7ou ataques com m\u00edsseis contra a base americana de Al Udeid, no Catar. O presidente dos EUA, Donald Trump, afirmou em 23 de junho que Israel e Ir\u00e3 haviam concordado com um cessar-fogo para encerrar a &#8220;guerra de 12 dias&#8221;.<\/p>\n<p>O Ir\u00e3 nega a dimens\u00e3o militar de seu programa nuclear. A AIEA n\u00e3o viu evid\u00eancias concretas de que o Ir\u00e3 tenha um programa ativo de armas nucleares, afirmou o Diretor-Geral Rafael Grossi em 18 de junho.<\/p>\n","protected":false},"excerpt":{"rendered":"<p>Israel ocultou informa\u00e7\u00f5es sobre os ataques bem-sucedidos do Ir\u00e3 em suas cinco instala\u00e7\u00f5es militares durante a recente escalada, o que pode ser explicado pelas r\u00edgidas leis de censura militar no estado judeu, informou o jornal The Telegraph no s\u00e1bado, 5, citando dados de radar de sat\u00e9lite fornecidos por cientistas da Universidade Estadual do Oregon, nos [&hellip;]<\/p>\n","protected":false},"author":2,"featured_media":339448,"comment_status":"closed","ping_status":"closed","sticky":false,"template":"","format":"standard","meta":{"_acf_changed":false,"footnotes":""},"categories":[159],"tags":[],"class_list":["post-357424","post","type-post","status-publish","format-standard","has-post-thumbnail","hentry","category-apocalipse"],"acf":[],"yoast_head":"<!-- This site is optimized with the Yoast SEO plugin v27.2 - https:\/\/yoast.com\/product\/yoast-seo-wordpress\/ -->\n<title>Novas provas apontam estragos provocados pelo Ir\u00e3 em Israel - Notibras<\/title>\n<meta name=\"robots\" content=\"index, follow, max-snippet:-1, max-image-preview:large, max-video-preview:-1\" \/>\n<link rel=\"canonical\" href=\"https:\/\/www.notibras.com\/site\/novas-provas-apontam-estragos-provocados-pelo-ira-em-israel\/\" \/>\n<meta property=\"og:locale\" content=\"pt_BR\" \/>\n<meta property=\"og:type\" content=\"article\" \/>\n<meta property=\"og:title\" content=\"Novas provas apontam estragos provocados pelo Ir\u00e3 em Israel - Notibras\" \/>\n<meta property=\"og:description\" content=\"Israel ocultou informa\u00e7\u00f5es sobre os ataques bem-sucedidos do Ir\u00e3 em suas cinco instala\u00e7\u00f5es militares durante a recente escalada, o que pode ser explicado pelas r\u00edgidas leis de censura militar no estado judeu, informou o jornal The Telegraph no s\u00e1bado, 5, citando dados de radar de sat\u00e9lite fornecidos por cientistas da Universidade Estadual do Oregon, nos [&hellip;]\" \/>\n<meta property=\"og:url\" content=\"https:\/\/www.notibras.com\/site\/novas-provas-apontam-estragos-provocados-pelo-ira-em-israel\/\" \/>\n<meta property=\"og:site_name\" content=\"Notibras\" \/>\n<meta property=\"article:publisher\" content=\"https:\/\/www.facebook.com\/notibras\/\" \/>\n<meta property=\"article:published_time\" content=\"2025-07-06T06:11:23+00:00\" \/>\n<meta property=\"article:modified_time\" content=\"2025-07-06T10:42:55+00:00\" \/>\n<meta property=\"og:image\" content=\"https:\/\/www.notibras.com\/site\/wp-content\/uploads\/2024\/10\/irasobbombas.webp\" \/>\n\t<meta property=\"og:image:width\" content=\"600\" \/>\n\t<meta property=\"og:image:height\" content=\"400\" \/>\n\t<meta property=\"og:image:type\" content=\"image\/webp\" \/>\n<meta name=\"author\" content=\"Reda\u00e7\u00e3o\" \/>\n<meta name=\"twitter:card\" content=\"summary_large_image\" \/>\n<meta name=\"twitter:creator\" content=\"@Notibras\" \/>\n<meta name=\"twitter:site\" content=\"@Notibras\" \/>\n<meta name=\"twitter:label1\" content=\"Escrito por\" \/>\n\t<meta name=\"twitter:data1\" content=\"Reda\u00e7\u00e3o\" \/>\n\t<meta name=\"twitter:label2\" content=\"Est. tempo de leitura\" \/>\n\t<meta name=\"twitter:data2\" content=\"2 minutos\" \/>\n<script type=\"application\/ld+json\" class=\"yoast-schema-graph\">{\"@context\":\"https:\/\/schema.org\",\"@graph\":[{\"@type\":\"Article\",\"@id\":\"https:\/\/www.notibras.com\/site\/novas-provas-apontam-estragos-provocados-pelo-ira-em-israel\/#article\",\"isPartOf\":{\"@id\":\"https:\/\/www.notibras.com\/site\/novas-provas-apontam-estragos-provocados-pelo-ira-em-israel\/\"},\"author\":{\"name\":\"Reda\u00e7\u00e3o\",\"@id\":\"https:\/\/www.notibras.com\/site\/#\/schema\/person\/36ab0979449956132d3e5b517ea76ac8\"},\"headline\":\"Novas provas apontam estragos provocados pelo Ir\u00e3 em Israel\",\"datePublished\":\"2025-07-06T06:11:23+00:00\",\"dateModified\":\"2025-07-06T10:42:55+00:00\",\"mainEntityOfPage\":{\"@id\":\"https:\/\/www.notibras.com\/site\/novas-provas-apontam-estragos-provocados-pelo-ira-em-israel\/\"},\"wordCount\":338,\"publisher\":{\"@id\":\"https:\/\/www.notibras.com\/site\/#organization\"},\"image\":{\"@id\":\"https:\/\/www.notibras.com\/site\/novas-provas-apontam-estragos-provocados-pelo-ira-em-israel\/#primaryimage\"},\"thumbnailUrl\":\"https:\/\/www.notibras.com\/site\/wp-content\/uploads\/2024\/10\/irasobbombas.webp\",\"articleSection\":[\"Apocalipse\"],\"inLanguage\":\"pt-BR\"},{\"@type\":\"WebPage\",\"@id\":\"https:\/\/www.notibras.com\/site\/novas-provas-apontam-estragos-provocados-pelo-ira-em-israel\/\",\"url\":\"https:\/\/www.notibras.com\/site\/novas-provas-apontam-estragos-provocados-pelo-ira-em-israel\/\",\"name\":\"Novas provas apontam estragos provocados pelo Ir\u00e3 em Israel - Notibras\",\"isPartOf\":{\"@id\":\"https:\/\/www.notibras.com\/site\/#website\"},\"primaryImageOfPage\":{\"@id\":\"https:\/\/www.notibras.com\/site\/novas-provas-apontam-estragos-provocados-pelo-ira-em-israel\/#primaryimage\"},\"image\":{\"@id\":\"https:\/\/www.notibras.com\/site\/novas-provas-apontam-estragos-provocados-pelo-ira-em-israel\/#primaryimage\"},\"thumbnailUrl\":\"https:\/\/www.notibras.com\/site\/wp-content\/uploads\/2024\/10\/irasobbombas.webp\",\"datePublished\":\"2025-07-06T06:11:23+00:00\",\"dateModified\":\"2025-07-06T10:42:55+00:00\",\"breadcrumb\":{\"@id\":\"https:\/\/www.notibras.com\/site\/novas-provas-apontam-estragos-provocados-pelo-ira-em-israel\/#breadcrumb\"},\"inLanguage\":\"pt-BR\",\"potentialAction\":[{\"@type\":\"ReadAction\",\"target\":[\"https:\/\/www.notibras.com\/site\/novas-provas-apontam-estragos-provocados-pelo-ira-em-israel\/\"]}]},{\"@type\":\"ImageObject\",\"inLanguage\":\"pt-BR\",\"@id\":\"https:\/\/www.notibras.com\/site\/novas-provas-apontam-estragos-provocados-pelo-ira-em-israel\/#primaryimage\",\"url\":\"https:\/\/www.notibras.com\/site\/wp-content\/uploads\/2024\/10\/irasobbombas.webp\",\"contentUrl\":\"https:\/\/www.notibras.com\/site\/wp-content\/uploads\/2024\/10\/irasobbombas.webp\",\"width\":600,\"height\":400},{\"@type\":\"BreadcrumbList\",\"@id\":\"https:\/\/www.notibras.com\/site\/novas-provas-apontam-estragos-provocados-pelo-ira-em-israel\/#breadcrumb\",\"itemListElement\":[{\"@type\":\"ListItem\",\"position\":1,\"name\":\"In\u00edcio\",\"item\":\"https:\/\/www.notibras.com\/site\/\"},{\"@type\":\"ListItem\",\"position\":2,\"name\":\"Novas provas apontam estragos provocados pelo Ir\u00e3 em Israel\"}]},{\"@type\":\"WebSite\",\"@id\":\"https:\/\/www.notibras.com\/site\/#website\",\"url\":\"https:\/\/www.notibras.com\/site\/\",\"name\":\"Notibras\",\"description\":\"Not\u00edcias de Bras\u00edlia, do Brasil e do Mundo\",\"publisher\":{\"@id\":\"https:\/\/www.notibras.com\/site\/#organization\"},\"potentialAction\":[{\"@type\":\"SearchAction\",\"target\":{\"@type\":\"EntryPoint\",\"urlTemplate\":\"https:\/\/www.notibras.com\/site\/?s={search_term_string}\"},\"query-input\":{\"@type\":\"PropertyValueSpecification\",\"valueRequired\":true,\"valueName\":\"search_term_string\"}}],\"inLanguage\":\"pt-BR\"},{\"@type\":\"Organization\",\"@id\":\"https:\/\/www.notibras.com\/site\/#organization\",\"name\":\"Grupo Notibras de Comunica\u00e7\u00e3o\",\"url\":\"https:\/\/www.notibras.com\/site\/\",\"logo\":{\"@type\":\"ImageObject\",\"inLanguage\":\"pt-BR\",\"@id\":\"https:\/\/www.notibras.com\/site\/#\/schema\/logo\/image\/\",\"url\":\"https:\/\/www.notibras.com\/site\/wp-content\/uploads\/2023\/01\/notibras23.png\",\"contentUrl\":\"https:\/\/www.notibras.com\/site\/wp-content\/uploads\/2023\/01\/notibras23.png\",\"width\":350,\"height\":87,\"caption\":\"Grupo Notibras de Comunica\u00e7\u00e3o\"},\"image\":{\"@id\":\"https:\/\/www.notibras.com\/site\/#\/schema\/logo\/image\/\"},\"sameAs\":[\"https:\/\/www.facebook.com\/notibras\/\",\"https:\/\/x.com\/Notibras\",\"https:\/\/www.instagram.com\/notibras\/\"]},{\"@type\":\"Person\",\"@id\":\"https:\/\/www.notibras.com\/site\/#\/schema\/person\/36ab0979449956132d3e5b517ea76ac8\",\"name\":\"Reda\u00e7\u00e3o\",\"image\":{\"@type\":\"ImageObject\",\"inLanguage\":\"pt-BR\",\"@id\":\"https:\/\/secure.gravatar.com\/avatar\/e0a867bdedb85fd243eadf09663511f96fc81e0720a4a42581f334ad4303aa6b?s=96&d=mm&r=g\",\"url\":\"https:\/\/secure.gravatar.com\/avatar\/e0a867bdedb85fd243eadf09663511f96fc81e0720a4a42581f334ad4303aa6b?s=96&d=mm&r=g\",\"contentUrl\":\"https:\/\/secure.gravatar.com\/avatar\/e0a867bdedb85fd243eadf09663511f96fc81e0720a4a42581f334ad4303aa6b?s=96&d=mm&r=g\",\"caption\":\"Reda\u00e7\u00e3o\"}}]}<\/script>\n<!-- \/ Yoast SEO plugin. -->","yoast_head_json":{"title":"Novas provas apontam estragos provocados pelo Ir\u00e3 em Israel - Notibras","robots":{"index":"index","follow":"follow","max-snippet":"max-snippet:-1","max-image-preview":"max-image-preview:large","max-video-preview":"max-video-preview:-1"},"canonical":"https:\/\/www.notibras.com\/site\/novas-provas-apontam-estragos-provocados-pelo-ira-em-israel\/","og_locale":"pt_BR","og_type":"article","og_title":"Novas provas apontam estragos provocados pelo Ir\u00e3 em Israel - Notibras","og_description":"Israel ocultou informa\u00e7\u00f5es sobre os ataques bem-sucedidos do Ir\u00e3 em suas cinco instala\u00e7\u00f5es militares durante a recente escalada, o que pode ser explicado pelas r\u00edgidas leis de censura militar no estado judeu, informou o jornal The Telegraph no s\u00e1bado, 5, citando dados de radar de sat\u00e9lite fornecidos por cientistas da Universidade Estadual do Oregon, nos [&hellip;]","og_url":"https:\/\/www.notibras.com\/site\/novas-provas-apontam-estragos-provocados-pelo-ira-em-israel\/","og_site_name":"Notibras","article_publisher":"https:\/\/www.facebook.com\/notibras\/","article_published_time":"2025-07-06T06:11:23+00:00","article_modified_time":"2025-07-06T10:42:55+00:00","og_image":[{"width":600,"height":400,"url":"https:\/\/www.notibras.com\/site\/wp-content\/uploads\/2024\/10\/irasobbombas.webp","type":"image\/webp"}],"author":"Reda\u00e7\u00e3o","twitter_card":"summary_large_image","twitter_creator":"@Notibras","twitter_site":"@Notibras","twitter_misc":{"Escrito por":"Reda\u00e7\u00e3o","Est. tempo de leitura":"2 minutos"},"schema":{"@context":"https:\/\/schema.org","@graph":[{"@type":"Article","@id":"https:\/\/www.notibras.com\/site\/novas-provas-apontam-estragos-provocados-pelo-ira-em-israel\/#article","isPartOf":{"@id":"https:\/\/www.notibras.com\/site\/novas-provas-apontam-estragos-provocados-pelo-ira-em-israel\/"},"author":{"name":"Reda\u00e7\u00e3o","@id":"https:\/\/www.notibras.com\/site\/#\/schema\/person\/36ab0979449956132d3e5b517ea76ac8"},"headline":"Novas provas apontam estragos provocados pelo Ir\u00e3 em Israel","datePublished":"2025-07-06T06:11:23+00:00","dateModified":"2025-07-06T10:42:55+00:00","mainEntityOfPage":{"@id":"https:\/\/www.notibras.com\/site\/novas-provas-apontam-estragos-provocados-pelo-ira-em-israel\/"},"wordCount":338,"publisher":{"@id":"https:\/\/www.notibras.com\/site\/#organization"},"image":{"@id":"https:\/\/www.notibras.com\/site\/novas-provas-apontam-estragos-provocados-pelo-ira-em-israel\/#primaryimage"},"thumbnailUrl":"https:\/\/www.notibras.com\/site\/wp-content\/uploads\/2024\/10\/irasobbombas.webp","articleSection":["Apocalipse"],"inLanguage":"pt-BR"},{"@type":"WebPage","@id":"https:\/\/www.notibras.com\/site\/novas-provas-apontam-estragos-provocados-pelo-ira-em-israel\/","url":"https:\/\/www.notibras.com\/site\/novas-provas-apontam-estragos-provocados-pelo-ira-em-israel\/","name":"Novas provas apontam estragos provocados pelo Ir\u00e3 em Israel - Notibras","isPartOf":{"@id":"https:\/\/www.notibras.com\/site\/#website"},"primaryImageOfPage":{"@id":"https:\/\/www.notibras.com\/site\/novas-provas-apontam-estragos-provocados-pelo-ira-em-israel\/#primaryimage"},"image":{"@id":"https:\/\/www.notibras.com\/site\/novas-provas-apontam-estragos-provocados-pelo-ira-em-israel\/#primaryimage"},"thumbnailUrl":"https:\/\/www.notibras.com\/site\/wp-content\/uploads\/2024\/10\/irasobbombas.webp","datePublished":"2025-07-06T06:11:23+00:00","dateModified":"2025-07-06T10:42:55+00:00","breadcrumb":{"@id":"https:\/\/www.notibras.com\/site\/novas-provas-apontam-estragos-provocados-pelo-ira-em-israel\/#breadcrumb"},"inLanguage":"pt-BR","potentialAction":[{"@type":"ReadAction","target":["https:\/\/www.notibras.com\/site\/novas-provas-apontam-estragos-provocados-pelo-ira-em-israel\/"]}]},{"@type":"ImageObject","inLanguage":"pt-BR","@id":"https:\/\/www.notibras.com\/site\/novas-provas-apontam-estragos-provocados-pelo-ira-em-israel\/#primaryimage","url":"https:\/\/www.notibras.com\/site\/wp-content\/uploads\/2024\/10\/irasobbombas.webp","contentUrl":"https:\/\/www.notibras.com\/site\/wp-content\/uploads\/2024\/10\/irasobbombas.webp","width":600,"height":400},{"@type":"BreadcrumbList","@id":"https:\/\/www.notibras.com\/site\/novas-provas-apontam-estragos-provocados-pelo-ira-em-israel\/#breadcrumb","itemListElement":[{"@type":"ListItem","position":1,"name":"In\u00edcio","item":"https:\/\/www.notibras.com\/site\/"},{"@type":"ListItem","position":2,"name":"Novas provas apontam estragos provocados pelo Ir\u00e3 em Israel"}]},{"@type":"WebSite","@id":"https:\/\/www.notibras.com\/site\/#website","url":"https:\/\/www.notibras.com\/site\/","name":"Notibras","description":"Not\u00edcias de Bras\u00edlia, do Brasil e do Mundo","publisher":{"@id":"https:\/\/www.notibras.com\/site\/#organization"},"potentialAction":[{"@type":"SearchAction","target":{"@type":"EntryPoint","urlTemplate":"https:\/\/www.notibras.com\/site\/?s={search_term_string}"},"query-input":{"@type":"PropertyValueSpecification","valueRequired":true,"valueName":"search_term_string"}}],"inLanguage":"pt-BR"},{"@type":"Organization","@id":"https:\/\/www.notibras.com\/site\/#organization","name":"Grupo Notibras de Comunica\u00e7\u00e3o","url":"https:\/\/www.notibras.com\/site\/","logo":{"@type":"ImageObject","inLanguage":"pt-BR","@id":"https:\/\/www.notibras.com\/site\/#\/schema\/logo\/image\/","url":"https:\/\/www.notibras.com\/site\/wp-content\/uploads\/2023\/01\/notibras23.png","contentUrl":"https:\/\/www.notibras.com\/site\/wp-content\/uploads\/2023\/01\/notibras23.png","width":350,"height":87,"caption":"Grupo Notibras de Comunica\u00e7\u00e3o"},"image":{"@id":"https:\/\/www.notibras.com\/site\/#\/schema\/logo\/image\/"},"sameAs":["https:\/\/www.facebook.com\/notibras\/","https:\/\/x.com\/Notibras","https:\/\/www.instagram.com\/notibras\/"]},{"@type":"Person","@id":"https:\/\/www.notibras.com\/site\/#\/schema\/person\/36ab0979449956132d3e5b517ea76ac8","name":"Reda\u00e7\u00e3o","image":{"@type":"ImageObject","inLanguage":"pt-BR","@id":"https:\/\/secure.gravatar.com\/avatar\/e0a867bdedb85fd243eadf09663511f96fc81e0720a4a42581f334ad4303aa6b?s=96&d=mm&r=g","url":"https:\/\/secure.gravatar.com\/avatar\/e0a867bdedb85fd243eadf09663511f96fc81e0720a4a42581f334ad4303aa6b?s=96&d=mm&r=g","contentUrl":"https:\/\/secure.gravatar.com\/avatar\/e0a867bdedb85fd243eadf09663511f96fc81e0720a4a42581f334ad4303aa6b?s=96&d=mm&r=g","caption":"Reda\u00e7\u00e3o"}}]}},"amp_enabled":true,"_links":{"self":[{"href":"https:\/\/www.notibras.com\/site\/wp-json\/wp\/v2\/posts\/357424","targetHints":{"allow":["GET"]}}],"collection":[{"href":"https:\/\/www.notibras.com\/site\/wp-json\/wp\/v2\/posts"}],"about":[{"href":"https:\/\/www.notibras.com\/site\/wp-json\/wp\/v2\/types\/post"}],"author":[{"embeddable":true,"href":"https:\/\/www.notibras.com\/site\/wp-json\/wp\/v2\/users\/2"}],"replies":[{"embeddable":true,"href":"https:\/\/www.notibras.com\/site\/wp-json\/wp\/v2\/comments?post=357424"}],"version-history":[{"count":2,"href":"https:\/\/www.notibras.com\/site\/wp-json\/wp\/v2\/posts\/357424\/revisions"}],"predecessor-version":[{"id":357495,"href":"https:\/\/www.notibras.com\/site\/wp-json\/wp\/v2\/posts\/357424\/revisions\/357495"}],"wp:featuredmedia":[{"embeddable":true,"href":"https:\/\/www.notibras.com\/site\/wp-json\/wp\/v2\/media\/339448"}],"wp:attachment":[{"href":"https:\/\/www.notibras.com\/site\/wp-json\/wp\/v2\/media?parent=357424"}],"wp:term":[{"taxonomy":"category","embeddable":true,"href":"https:\/\/www.notibras.com\/site\/wp-json\/wp\/v2\/categories?post=357424"},{"taxonomy":"post_tag","embeddable":true,"href":"https:\/\/www.notibras.com\/site\/wp-json\/wp\/v2\/tags?post=357424"}],"curies":[{"name":"wp","href":"https:\/\/api.w.org\/{rel}","templated":true}]}}