{"id":357497,"date":"2025-07-06T08:07:32","date_gmt":"2025-07-06T11:07:32","guid":{"rendered":"https:\/\/www.notibras.com\/site\/?p=357497"},"modified":"2025-07-06T08:07:32","modified_gmt":"2025-07-06T11:07:32","slug":"o-casal-mais-feliz-do-mundo-so-nao-amava-o-mesmo-sabor-de-sorvete","status":"publish","type":"post","link":"https:\/\/www.notibras.com\/site\/o-casal-mais-feliz-do-mundo-so-nao-amava-o-mesmo-sabor-de-sorvete\/","title":{"rendered":"O casal mais feliz do mundo s\u00f3 n\u00e3o amava o mesmo sabor de sorvete"},"content":{"rendered":"<p>Rafael e Morgana pareciam ser o casal mais feliz do mundo, e n\u00e3o faltavam motivos para que todos, inclusive eles, concordassem. Viagens a dois para locais inusitados, jantares \u00e0 luz de vela, presentes-surpresa deixados nos bolsos, como nos tempos de namoro. Isso sem falar nas noites t\u00f3rridas sob a prote\u00e7\u00e3o de len\u00e7\u00f3is discretos.<\/p>\n<p>Disc\u00f3rdias, apesar de rar\u00edssimas, existiam. Entretanto, nada al\u00e9m de diverg\u00eancias quanto ao sabor favorito de sorvete. Rafael, convencional, sempre pedia chocolate; Morgana, cujo instinto desbravador sempre lhe fez companhia, preferia variar. O homem olhava esse despudor da amada e sorria.<\/p>\n<p>N\u00e3o se sabe se o que se deu foi porque os filhos, todos criados, j\u00e1 n\u00e3o moravam h\u00e1 tempos com o casal. Netos a caminho, \u00e9 prov\u00e1vel que Morgana, ao acordar certo dia diante do marido, o mesmo homem de sempre, sentiu desejos longe dali. Quem sabe, talvez, o amor tivesse se transformado em outro sentimento? Meras suposi\u00e7\u00f5es, que n\u00e3o parecem carregar o selo da verdade. E quem se importa?<\/p>\n<p>L\u00e1 estavam os outrora enamorados, sentados \u00e0 mesa de um dos mais concorridos restaurantes\u00a0 no Lago Sul. N\u00e3o raro, Morgana ia at\u00e9 o banheiro retocar a maquiagem. N\u00e3o que precisasse, mas era o seu momento de encarar a mulher por detr\u00e1s do espelho. Quanto ao homem, aguardava a esposa retornar, pois ela gostava de surpreender.<\/p>\n<p>Ap\u00f3s comer o de sempre, Rafael saboreou a vis\u00e3o da mulher degustar aquela iguaria peruana: pachamanca. Rafael esperou a amada dar a \u00faltima garfada.<\/p>\n<p>\u2014 Gostou?<\/p>\n<p>\u2014 Se isso n\u00e3o \u00e9 o manjar dos deuses, n\u00e3o sei o que poderia ser.<\/p>\n<p>Trocaram olhares confidentes e, do nada, Morgana se levantou, deu um ardoroso beijo nos l\u00e1bios do Rafael e, antes de ir embora, lhe disse:<\/p>\n<p>\u2014 Voc\u00ea est\u00e1 colado na minha pele, Rafael, e eu n\u00e3o consigo e nem quero tir\u00e1-lo daqui. Digo at\u00e9 que eu teria uma vida toda ao seu lado, mas n\u00e3o esta.<\/p>\n<p>Virou-se e nunca mais foi vista.<\/p>\n<p>&#8230;&#8230;&#8230;&#8230;&#8230;..<\/p>\n<p><strong>Eduardo Mart\u00ednez \u00e9 autor do livro 57 Contos e Cr\u00f4nicas por um Autor Muito Velho\u2019<\/strong><\/p>\n<p>Compre aqui\u00a0<span class=\"x19la9d6 x1fc57z9 x6ikm8r x10wlt62 x19co3pv x1g5zs5t xfibh0p xiy17q3 x1xsqp64 x1lkfr7t xexx8yu x4uap5 x18d9i69 xkhd6sd\"><span class=\"xrtxmta x1bhl96m\"><img decoding=\"async\" class=\"emoji\" role=\"img\" draggable=\"false\" src=\"https:\/\/s.w.org\/images\/core\/emoji\/15.0.3\/svg\/1f447-1f3ff.svg\" alt=\"&#x1f447;&#x1f3ff;\" \/><\/span><\/span><\/p>\n<p><a href=\"https:\/\/www.joanineditora.com.br\/57-contos-e-cronicas-por-um-autor-muito-velho\">https:\/\/www.joanineditora.com.br\/57-contos-e-cronicas-por-um-autor-muito-velho<\/a><\/p>\n","protected":false},"excerpt":{"rendered":"<p>Rafael e Morgana pareciam ser o casal mais feliz do mundo, e n\u00e3o faltavam motivos para que todos, inclusive eles, concordassem. Viagens a dois para locais inusitados, jantares \u00e0 luz de vela, presentes-surpresa deixados nos bolsos, como nos tempos de namoro. Isso sem falar nas noites t\u00f3rridas sob a prote\u00e7\u00e3o de len\u00e7\u00f3is discretos. Disc\u00f3rdias, apesar [&hellip;]<\/p>\n","protected":false},"author":2,"featured_media":357498,"comment_status":"closed","ping_status":"closed","sticky":false,"template":"","format":"standard","meta":{"_acf_changed":false,"footnotes":""},"categories":[161],"tags":[],"class_list":["post-357497","post","type-post","status-publish","format-standard","has-post-thumbnail","hentry","category-quadradinho-em-foco"],"acf":[],"_links":{"self":[{"href":"https:\/\/www.notibras.com\/site\/wp-json\/wp\/v2\/posts\/357497","targetHints":{"allow":["GET"]}}],"collection":[{"href":"https:\/\/www.notibras.com\/site\/wp-json\/wp\/v2\/posts"}],"about":[{"href":"https:\/\/www.notibras.com\/site\/wp-json\/wp\/v2\/types\/post"}],"author":[{"embeddable":true,"href":"https:\/\/www.notibras.com\/site\/wp-json\/wp\/v2\/users\/2"}],"replies":[{"embeddable":true,"href":"https:\/\/www.notibras.com\/site\/wp-json\/wp\/v2\/comments?post=357497"}],"version-history":[{"count":1,"href":"https:\/\/www.notibras.com\/site\/wp-json\/wp\/v2\/posts\/357497\/revisions"}],"predecessor-version":[{"id":357499,"href":"https:\/\/www.notibras.com\/site\/wp-json\/wp\/v2\/posts\/357497\/revisions\/357499"}],"wp:featuredmedia":[{"embeddable":true,"href":"https:\/\/www.notibras.com\/site\/wp-json\/wp\/v2\/media\/357498"}],"wp:attachment":[{"href":"https:\/\/www.notibras.com\/site\/wp-json\/wp\/v2\/media?parent=357497"}],"wp:term":[{"taxonomy":"category","embeddable":true,"href":"https:\/\/www.notibras.com\/site\/wp-json\/wp\/v2\/categories?post=357497"},{"taxonomy":"post_tag","embeddable":true,"href":"https:\/\/www.notibras.com\/site\/wp-json\/wp\/v2\/tags?post=357497"}],"curies":[{"name":"wp","href":"https:\/\/api.w.org\/{rel}","templated":true}]}}