{"id":357500,"date":"2025-07-06T00:15:24","date_gmt":"2025-07-06T03:15:24","guid":{"rendered":"https:\/\/www.notibras.com\/site\/?p=357500"},"modified":"2025-07-06T08:16:57","modified_gmt":"2025-07-06T11:16:57","slug":"santa-maria-comemora-entrega-de-campo-sintetico-reformado","status":"publish","type":"post","link":"https:\/\/www.notibras.com\/site\/santa-maria-comemora-entrega-de-campo-sintetico-reformado\/","title":{"rendered":"Santa Maria comemora entrega de campo sint\u00e9tico reformado"},"content":{"rendered":"<p>O campo sint\u00e9tico da QR 409, em Santa Maria, foi oficialmente reinaugurado, neste s\u00e1bado (5), em solenidade com a presen\u00e7a da governadora em exerc\u00edcio Celina Le\u00e3o. O espa\u00e7o p\u00fablico dedicado ao esporte passou por uma reforma completa promovida pelo Governo do Distrito Federal (GDF). Foram investidos R$ 2,2 milh\u00f5es provenientes de emenda parlamentar da deputada distrital Jaqueline Silva. Os servi\u00e7os foram executados por empresa contratada pela Companhia Urbanizadora da Nova Capital (Novacap).<\/p>\n<p>\u201cEsse campo \u00e9 hist\u00f3rico. Ele tem um valor sentimental e emocional para a cidade. S\u00f3 na nossa gest\u00e3o ele j\u00e1 passou por duas reformas. Essa \u00e9 mais uma entrega do Governo do Distrito Federal\u201d, afirmou Celina Le\u00e3o. \u201cSabemos que o esporte salva vidas e nosso governo tem esse olhar. N\u00f3s j\u00e1 reformamos mais de 80 campos sint\u00e9ticos. Temos certeza que isso traz sa\u00fade, alegria e disciplina para nossas crian\u00e7as\u201d.<\/p>\n<p>A reforma contou com a substitui\u00e7\u00e3o do gramado por grama sint\u00e9tica de alto desempenho, com 50 mm de altura e preenchimento de borracha e p\u00f3 granulado de pinho, que ajuda a reduzir o aquecimento da superf\u00edcie. Tamb\u00e9m foram instalados 1.980 m\u00b2 de novo alambrado e feitas a pintura da estrutura e a recupera\u00e7\u00e3o das arquibancadas e vesti\u00e1rios, al\u00e9m da amplia\u00e7\u00e3o do sistema de capta\u00e7\u00e3o de \u00e1guas pluviais. Foram constru\u00eddas ainda cal\u00e7adas acess\u00edveis, somando 518,75 m\u00b2 de \u00e1rea. Ao todo, a interven\u00e7\u00e3o contemplou uma \u00e1rea de 6.144 m\u00b2.<\/p>\n<p>\u201cEntregar campos sint\u00e9ticos como esse, bem como quadras poliesportivas, PECs ou parquinhos \u00e9 mais que fomentar o esporte. Trata-se de uma a\u00e7\u00e3o para aumentar a sensa\u00e7\u00e3o de seguran\u00e7a da popula\u00e7\u00e3o e o sentimento de pertencimento do cidad\u00e3o, melhorar a qualidade de vida e a infraestrutura da regi\u00e3o. \u00c9 um trabalho que vai al\u00e9m do que a gente enxerga\u201d, definiu o presidente da Novacap, Fernando Leite.<\/p>\n<p><strong>Incentivo ao esporte<\/strong><br \/>\nCom mais de duas d\u00e9cadas de hist\u00f3ria, o local \u00e9 conhecido como Arena Eraldo Cabral, uma homenagem a um falecido morador reconhecido pelas contribui\u00e7\u00f5es e incentivo \u00e0 pr\u00e1tica esportiva na cidade. O espa\u00e7o \u00e9 considerado o principal campo de futebol de Santa Maria pela sua dimens\u00e3o, capaz de atender tanto equipes de base quanto times amadores. A popula\u00e7\u00e3o tem acesso livre ao local. Jogos e treinamentos seguem conforme cronograma da administra\u00e7\u00e3o regional.<\/p>\n<p>\u201c\u00c9 uma comunidade que precisa. Temos diversas escolinhas que funcionam que s\u00e3o atendidas atrav\u00e9s de projetos sociais e n\u00e3o adianta se n\u00e3o tivermos os equipamentos [p\u00fablicos]. N\u00e3o tenho d\u00favida que essas escolinhas ser\u00e3o cada vez mais potencializadas. A gente constr\u00f3i, reforma e faz a manuten\u00e7\u00e3o para que esses espa\u00e7os sejam democr\u00e1ticos e de forma\u00e7\u00e3o de atletas\u201d, destacou o secret\u00e1rio de Esporte e Lazer, Renato Junqueira.<\/p>\n<p>O administrador regional de Santa Maria, Josiel Fran\u00e7a, refor\u00e7ou que a Arena Heraldo Cabral \u00e9 um ponto de encontro da comunidade da regi\u00e3o. \u201cEle \u00e9 um campo muito utilizado por todas as \u00e1reas sociais, culturais e esportivas. Ele \u00e9 muito importante para a cidade, por isso a gente fez essa reforma com muito carinho e amor. Tentamos implantar o que \u00e9 mais moderno em quest\u00e3o de campo sint\u00e9tico para ter uma estrutura boa para a comunidade\u201d, definiu.<\/p>\n<p>Marcos Rodrigues \u00e9 fundador da Escolinha de Futebol Alvinegro, que atua no espa\u00e7o desde junho de 2005. \u201cUm campo desse traz muitos benef\u00edcios n\u00e3o s\u00f3 para as crian\u00e7as, mas para toda a comunidade\u201d, pontuou. \u201cEnt\u00e3o a reforma desse campo \u00e9 tudo que a popula\u00e7\u00e3o de Santa Maria esperava, porque isso aqui vai trazer muita alegria para todos. Tenho certeza que teremos muitas festas e muitos cora\u00e7\u00f5es felizes de serem campe\u00f5es\u201d, comentou.<\/p>\n<p>Davi Lima de 13 anos \u00e9 um dos alunos do Alvinegro. F\u00e3 de Neymar, ele sonha em ser atacante do Flamengo um dia e os passos para conduzi-lo a esse desejo est\u00e3o sendo dados no campo sint\u00e9tico da QR 409. Ele acredita que a melhoria do espa\u00e7o pode ajud\u00e1-lo a ser um jogador ainda melhor. \u201cAntes at\u00e9 dava para jogar, mas a grama n\u00e3o tava t\u00e3o boa, agora t\u00e1 bom demais. A reforma ficou muito boa. Acredito que vai nos ajudar a jogar bolar, nos destacar e, quem sabe, ir para fora\u201d, disse.<\/p>\n<p>Quem tamb\u00e9m comemorou a reforma foi o atleta mirim da Escolinha de Futebol Lyon Arthur Pereira, 9 anos. \u201c\u00c9 bom para gente poder treinar e fazer uma variedade de coisas aqui, como jogar e se divertir. Aqui tem tamb\u00e9m muitos jogos, ent\u00e3o estava precisando, principalmente porque tinha muito buraco ali na \u00e1rea. Agora est\u00e1 muito melhor\u201d, elogiou.<\/p>\n<p>J\u00e1 o professor da Escola de Futebol Lyon Carlos Nunes destacou o papel dos campos sint\u00e9ticos no futuro dos jovens. O projeto social atende em m\u00e9dia 130 alunos por ano desde a cria\u00e7\u00e3o h\u00e1 14 anos. \u201cCome\u00e7a que, para a comunidade, \u00e9 uma b\u00ean\u00e7\u00e3o porque tira as crian\u00e7as das ruas. Temos agora um campo adequado para praticar esporte da melhor maneira. Antigamente, estava cheio de buracos. Agora n\u00e3o, est\u00e1 todo reformado e eles conseguem mostrar melhor o talento deles\u201d, comentou.<\/p>\n","protected":false},"excerpt":{"rendered":"<p>O campo sint\u00e9tico da QR 409, em Santa Maria, foi oficialmente reinaugurado, neste s\u00e1bado (5), em solenidade com a presen\u00e7a da governadora em exerc\u00edcio Celina Le\u00e3o. O espa\u00e7o p\u00fablico dedicado ao esporte passou por uma reforma completa promovida pelo Governo do Distrito Federal (GDF). Foram investidos R$ 2,2 milh\u00f5es provenientes de emenda parlamentar da deputada [&hellip;]<\/p>\n","protected":false},"author":2,"featured_media":357501,"comment_status":"closed","ping_status":"closed","sticky":false,"template":"","format":"standard","meta":{"_acf_changed":false,"footnotes":""},"categories":[161],"tags":[],"class_list":["post-357500","post","type-post","status-publish","format-standard","has-post-thumbnail","hentry","category-quadradinho-em-foco"],"acf":[],"_links":{"self":[{"href":"https:\/\/www.notibras.com\/site\/wp-json\/wp\/v2\/posts\/357500","targetHints":{"allow":["GET"]}}],"collection":[{"href":"https:\/\/www.notibras.com\/site\/wp-json\/wp\/v2\/posts"}],"about":[{"href":"https:\/\/www.notibras.com\/site\/wp-json\/wp\/v2\/types\/post"}],"author":[{"embeddable":true,"href":"https:\/\/www.notibras.com\/site\/wp-json\/wp\/v2\/users\/2"}],"replies":[{"embeddable":true,"href":"https:\/\/www.notibras.com\/site\/wp-json\/wp\/v2\/comments?post=357500"}],"version-history":[{"count":1,"href":"https:\/\/www.notibras.com\/site\/wp-json\/wp\/v2\/posts\/357500\/revisions"}],"predecessor-version":[{"id":357502,"href":"https:\/\/www.notibras.com\/site\/wp-json\/wp\/v2\/posts\/357500\/revisions\/357502"}],"wp:featuredmedia":[{"embeddable":true,"href":"https:\/\/www.notibras.com\/site\/wp-json\/wp\/v2\/media\/357501"}],"wp:attachment":[{"href":"https:\/\/www.notibras.com\/site\/wp-json\/wp\/v2\/media?parent=357500"}],"wp:term":[{"taxonomy":"category","embeddable":true,"href":"https:\/\/www.notibras.com\/site\/wp-json\/wp\/v2\/categories?post=357500"},{"taxonomy":"post_tag","embeddable":true,"href":"https:\/\/www.notibras.com\/site\/wp-json\/wp\/v2\/tags?post=357500"}],"curies":[{"name":"wp","href":"https:\/\/api.w.org\/{rel}","templated":true}]}}