{"id":357503,"date":"2025-07-06T00:01:57","date_gmt":"2025-07-06T03:01:57","guid":{"rendered":"https:\/\/www.notibras.com\/site\/?p=357503"},"modified":"2025-07-06T08:27:55","modified_gmt":"2025-07-06T11:27:55","slug":"comeca-a-valer-nova-tarifa-social-de-consumo-de-energia-eletrica","status":"publish","type":"post","link":"https:\/\/www.notibras.com\/site\/comeca-a-valer-nova-tarifa-social-de-consumo-de-energia-eletrica\/","title":{"rendered":"Come\u00e7a a valer nova tarifa social de consumo de energia el\u00e9trica"},"content":{"rendered":"<p>J\u00e1 est\u00e1 em vigor a nova Tarifa Social de Energia El\u00e9trica, que prev\u00ea gratuidade para fam\u00edlias benefici\u00e1rias do Cadastro \u00danico para Programas Sociais do Governo Federal (Cad\u00danico) e que tenham consumo mensal de at\u00e9 80 kWh.<\/p>\n<p>Pelas regras da tarifa, aprovadas pela Ag\u00eancia Nacional de Energia El\u00e9trica (Aneel), tem direito \u00e0 gratuidade os consumidores beneficiados pela Tarifa Social que possuem instala\u00e7\u00f5es trif\u00e1sicas e usam at\u00e9 80 kWh por m\u00eas.<\/p>\n<p>Nesse caso, poder\u00e1 ser cobrado na fatura apenas os custos n\u00e3o associados \u00e0 energia consumida, como a contribui\u00e7\u00e3o de ilumina\u00e7\u00e3o p\u00fablica ou o Imposto sobre Circula\u00e7\u00e3o de Mercadorias e Servi\u00e7os (ICMS), de acordo com legisla\u00e7\u00e3o espec\u00edfica do estado ou munic\u00edpio onde a fam\u00edlia reside.<\/p>\n<p>J\u00e1 para os consumidores que possuem instala\u00e7\u00f5es trif\u00e1sicas e usam mais de 80 kWh por m\u00eas, o custo de disponibilidade da rede continua sendo de 100 kWh. Nesse caso, o consumidor precisar\u00e1 pagar uma diferen\u00e7a caso use entre 80 kWh e 100 kWh.<\/p>\n<p>O custo de disponibilidade \u00e9 o valor m\u00ednimo cobrado pela distribuidora para remunerar os gastos com a rede el\u00e9trica necess\u00e1rios para transportar a energia at\u00e9 o consumidor.<\/p>\n","protected":false},"excerpt":{"rendered":"<p>J\u00e1 est\u00e1 em vigor a nova Tarifa Social de Energia El\u00e9trica, que prev\u00ea gratuidade para fam\u00edlias benefici\u00e1rias do Cadastro \u00danico para Programas Sociais do Governo Federal (Cad\u00danico) e que tenham consumo mensal de at\u00e9 80 kWh. Pelas regras da tarifa, aprovadas pela Ag\u00eancia Nacional de Energia El\u00e9trica (Aneel), tem direito \u00e0 gratuidade os consumidores beneficiados [&hellip;]<\/p>\n","protected":false},"author":2,"featured_media":222482,"comment_status":"closed","ping_status":"closed","sticky":false,"template":"","format":"standard","meta":{"_acf_changed":false,"footnotes":""},"categories":[161],"tags":[],"class_list":["post-357503","post","type-post","status-publish","format-standard","has-post-thumbnail","hentry","category-quadradinho-em-foco"],"acf":[],"_links":{"self":[{"href":"https:\/\/www.notibras.com\/site\/wp-json\/wp\/v2\/posts\/357503","targetHints":{"allow":["GET"]}}],"collection":[{"href":"https:\/\/www.notibras.com\/site\/wp-json\/wp\/v2\/posts"}],"about":[{"href":"https:\/\/www.notibras.com\/site\/wp-json\/wp\/v2\/types\/post"}],"author":[{"embeddable":true,"href":"https:\/\/www.notibras.com\/site\/wp-json\/wp\/v2\/users\/2"}],"replies":[{"embeddable":true,"href":"https:\/\/www.notibras.com\/site\/wp-json\/wp\/v2\/comments?post=357503"}],"version-history":[{"count":1,"href":"https:\/\/www.notibras.com\/site\/wp-json\/wp\/v2\/posts\/357503\/revisions"}],"predecessor-version":[{"id":357504,"href":"https:\/\/www.notibras.com\/site\/wp-json\/wp\/v2\/posts\/357503\/revisions\/357504"}],"wp:featuredmedia":[{"embeddable":true,"href":"https:\/\/www.notibras.com\/site\/wp-json\/wp\/v2\/media\/222482"}],"wp:attachment":[{"href":"https:\/\/www.notibras.com\/site\/wp-json\/wp\/v2\/media?parent=357503"}],"wp:term":[{"taxonomy":"category","embeddable":true,"href":"https:\/\/www.notibras.com\/site\/wp-json\/wp\/v2\/categories?post=357503"},{"taxonomy":"post_tag","embeddable":true,"href":"https:\/\/www.notibras.com\/site\/wp-json\/wp\/v2\/tags?post=357503"}],"curies":[{"name":"wp","href":"https:\/\/api.w.org\/{rel}","templated":true}]}}