{"id":357511,"date":"2025-07-06T00:02:50","date_gmt":"2025-07-06T03:02:50","guid":{"rendered":"https:\/\/www.notibras.com\/site\/?p=357511"},"modified":"2025-07-06T08:51:08","modified_gmt":"2025-07-06T11:51:08","slug":"unieuro-lanca-primeira-pos-graduacao-em-inteligencia-artificial-aplicada-a-advocacia","status":"publish","type":"post","link":"https:\/\/www.notibras.com\/site\/unieuro-lanca-primeira-pos-graduacao-em-inteligencia-artificial-aplicada-a-advocacia\/","title":{"rendered":"UniEURO lan\u00e7a primeira p\u00f3s-gradua\u00e7\u00e3o em Intelig\u00eancia Artificial aplicada \u00e0 advocacia"},"content":{"rendered":"<p>A capital federal \u00e9 palco de mais um marco no ensino superior: teve in\u00edcio nesta semana a primeira p\u00f3s-gradua\u00e7\u00e3o do Brasil em Intelig\u00eancia Artificial no Direito, uma iniciativa da UniEURO capitaneada pelo advogado e doutor em Direito Eric Gustavo, atual diretor da OAB\/DF.<\/p>\n<p>O curso, que une inova\u00e7\u00e3o, alta performance e aplica\u00e7\u00e3o pr\u00e1tica da IA na advocacia, tem chancela do MEC com nota m\u00e1xima (5) e j\u00e1 \u00e9 considerado refer\u00eancia no setor. A forma\u00e7\u00e3o tamb\u00e9m \u00e9 v\u00e1lida como prova de t\u00edtulos em concursos para Minist\u00e9rio P\u00fablico, Magistratura e Delegado.<\/p>\n<p>No primeiro dia de aula, os alunos demonstraram grande interesse em compreender como utilizar a intelig\u00eancia artificial na rotina jur\u00eddica: da reda\u00e7\u00e3o de peti\u00e7\u00f5es e contratos at\u00e9 a cria\u00e7\u00e3o de agentes automatizados que operem em sinergia com os advogados.<\/p>\n<p>\u201cA proposta \u00e9 formar juristas que dominem tanto o Direito quanto as ferramentas tecnol\u00f3gicas que est\u00e3o moldando a profiss\u00e3o\u201d, destacou Eric Gustavo. O docente traz no curr\u00edculo experi\u00eancias acad\u00eamicas em Salamanca (Espanha) e Portugal, al\u00e9m de ter presidido a OAB \u00c1guas Claras\/DF por cinco anos.<\/p>\n<p>As aulas magnas contam com especialistas renomados do Brasil e do exterior, reunindo conhecimento t\u00e9cnico, jur\u00eddico e tecnol\u00f3gico de alto n\u00edvel. O curso se destaca tamb\u00e9m por fomentar uma comunidade acad\u00eamica conectada \u00e0s transforma\u00e7\u00f5es reais da advocacia digital.<\/p>\n<p>A P\u00f3s em IA no Direito da UniEURO posiciona-se como resposta concreta \u00e0s mudan\u00e7as do mercado jur\u00eddico. Para os organizadores, o momento exige forma\u00e7\u00e3o s\u00f3lida e atualiza\u00e7\u00e3o constante. \u201cEssa n\u00e3o \u00e9 s\u00f3 uma p\u00f3s-gradua\u00e7\u00e3o \u2014 \u00e9 um movimento que antecipa o futuro da Justi\u00e7a brasileira\u201d, resume Eric.<\/p>\n","protected":false},"excerpt":{"rendered":"<p>A capital federal \u00e9 palco de mais um marco no ensino superior: teve in\u00edcio nesta semana a primeira p\u00f3s-gradua\u00e7\u00e3o do Brasil em Intelig\u00eancia Artificial no Direito, uma iniciativa da UniEURO capitaneada pelo advogado e doutor em Direito Eric Gustavo, atual diretor da OAB\/DF. O curso, que une inova\u00e7\u00e3o, alta performance e aplica\u00e7\u00e3o pr\u00e1tica da IA [&hellip;]<\/p>\n","protected":false},"author":2,"featured_media":357512,"comment_status":"closed","ping_status":"closed","sticky":false,"template":"","format":"standard","meta":{"_acf_changed":false,"footnotes":""},"categories":[161],"tags":[],"class_list":["post-357511","post","type-post","status-publish","format-standard","has-post-thumbnail","hentry","category-quadradinho-em-foco"],"acf":[],"_links":{"self":[{"href":"https:\/\/www.notibras.com\/site\/wp-json\/wp\/v2\/posts\/357511","targetHints":{"allow":["GET"]}}],"collection":[{"href":"https:\/\/www.notibras.com\/site\/wp-json\/wp\/v2\/posts"}],"about":[{"href":"https:\/\/www.notibras.com\/site\/wp-json\/wp\/v2\/types\/post"}],"author":[{"embeddable":true,"href":"https:\/\/www.notibras.com\/site\/wp-json\/wp\/v2\/users\/2"}],"replies":[{"embeddable":true,"href":"https:\/\/www.notibras.com\/site\/wp-json\/wp\/v2\/comments?post=357511"}],"version-history":[{"count":1,"href":"https:\/\/www.notibras.com\/site\/wp-json\/wp\/v2\/posts\/357511\/revisions"}],"predecessor-version":[{"id":357513,"href":"https:\/\/www.notibras.com\/site\/wp-json\/wp\/v2\/posts\/357511\/revisions\/357513"}],"wp:featuredmedia":[{"embeddable":true,"href":"https:\/\/www.notibras.com\/site\/wp-json\/wp\/v2\/media\/357512"}],"wp:attachment":[{"href":"https:\/\/www.notibras.com\/site\/wp-json\/wp\/v2\/media?parent=357511"}],"wp:term":[{"taxonomy":"category","embeddable":true,"href":"https:\/\/www.notibras.com\/site\/wp-json\/wp\/v2\/categories?post=357511"},{"taxonomy":"post_tag","embeddable":true,"href":"https:\/\/www.notibras.com\/site\/wp-json\/wp\/v2\/tags?post=357511"}],"curies":[{"name":"wp","href":"https:\/\/api.w.org\/{rel}","templated":true}]}}