{"id":357519,"date":"2025-07-07T00:06:09","date_gmt":"2025-07-07T03:06:09","guid":{"rendered":"https:\/\/www.notibras.com\/site\/?p=357519"},"modified":"2025-07-07T00:15:14","modified_gmt":"2025-07-07T03:15:14","slug":"fe-negra-e-sinonimo-de-resistencia-e-memoria-no-maranhao","status":"publish","type":"post","link":"https:\/\/www.notibras.com\/site\/fe-negra-e-sinonimo-de-resistencia-e-memoria-no-maranhao\/","title":{"rendered":"F\u00e9 negra \u00e9 sin\u00f4nimo de resist\u00eancia e mem\u00f3ria no Maranh\u00e3o"},"content":{"rendered":"<p>Enquanto o pa\u00eds se inunda de arraiais juninos e julinos padronizados, o culto a S\u00e3o Mar\u00e7al, em S\u00e3o Lu\u00eds do Maranh\u00e3o, mant\u00e9m viva uma tradi\u00e7\u00e3o marcada pela f\u00e9 negra e pelos tambores ancestrais. Ali, as caixas reverberam mais que som: elas reverberam hist\u00f3ria e resist\u00eancia.<\/p>\n<p>O soci\u00f3logo Paul Gilroy falaria do \u201cAtl\u00e2ntico Negro\u201d como espa\u00e7o de trocas culturais e espirituais. A celebra\u00e7\u00e3o de S\u00e3o Mar\u00e7al \u00e9 a pr\u00f3pria encarna\u00e7\u00e3o disso: uma religiosidade que cruza oceanos e s\u00e9culos, dialogando com cosmovis\u00f5es africanas e com o catolicismo colonial. A festa \u00e9 uma encruzilhada.<\/p>\n<p>\u00c9 imposs\u00edvel compreender essa manifesta\u00e7\u00e3o sem recorrer \u00e0 Antropologia da Religi\u00e3o de Mary Douglas: o sagrado se constr\u00f3i tamb\u00e9m no corpo, no ritmo, na coletividade. S\u00e3o Mar\u00e7al \u00e9 mais que um santo: \u00e9 um s\u00edmbolo de como a f\u00e9 negra ressignifica a dor, transforma a opress\u00e3o em dan\u00e7a e a invisibilidade em presen\u00e7a.<\/p>\n<p>\u00c9 festa, sim. Mas \u00e9 sobretudo afirma\u00e7\u00e3o de identidade num pa\u00eds que insiste em esconder suas ra\u00edzes africanas sob camadas de racismo estrutural.<\/p>\n","protected":false},"excerpt":{"rendered":"<p>Enquanto o pa\u00eds se inunda de arraiais juninos e julinos padronizados, o culto a S\u00e3o Mar\u00e7al, em S\u00e3o Lu\u00eds do Maranh\u00e3o, mant\u00e9m viva uma tradi\u00e7\u00e3o marcada pela f\u00e9 negra e pelos tambores ancestrais. Ali, as caixas reverberam mais que som: elas reverberam hist\u00f3ria e resist\u00eancia. O soci\u00f3logo Paul Gilroy falaria do \u201cAtl\u00e2ntico Negro\u201d como espa\u00e7o [&hellip;]<\/p>\n","protected":false},"author":2,"featured_media":357520,"comment_status":"closed","ping_status":"closed","sticky":false,"template":"","format":"standard","meta":{"_acf_changed":false,"footnotes":""},"categories":[165],"tags":[],"class_list":["post-357519","post","type-post","status-publish","format-standard","has-post-thumbnail","hentry","category-nordeste"],"acf":[],"_links":{"self":[{"href":"https:\/\/www.notibras.com\/site\/wp-json\/wp\/v2\/posts\/357519","targetHints":{"allow":["GET"]}}],"collection":[{"href":"https:\/\/www.notibras.com\/site\/wp-json\/wp\/v2\/posts"}],"about":[{"href":"https:\/\/www.notibras.com\/site\/wp-json\/wp\/v2\/types\/post"}],"author":[{"embeddable":true,"href":"https:\/\/www.notibras.com\/site\/wp-json\/wp\/v2\/users\/2"}],"replies":[{"embeddable":true,"href":"https:\/\/www.notibras.com\/site\/wp-json\/wp\/v2\/comments?post=357519"}],"version-history":[{"count":2,"href":"https:\/\/www.notibras.com\/site\/wp-json\/wp\/v2\/posts\/357519\/revisions"}],"predecessor-version":[{"id":357523,"href":"https:\/\/www.notibras.com\/site\/wp-json\/wp\/v2\/posts\/357519\/revisions\/357523"}],"wp:featuredmedia":[{"embeddable":true,"href":"https:\/\/www.notibras.com\/site\/wp-json\/wp\/v2\/media\/357520"}],"wp:attachment":[{"href":"https:\/\/www.notibras.com\/site\/wp-json\/wp\/v2\/media?parent=357519"}],"wp:term":[{"taxonomy":"category","embeddable":true,"href":"https:\/\/www.notibras.com\/site\/wp-json\/wp\/v2\/categories?post=357519"},{"taxonomy":"post_tag","embeddable":true,"href":"https:\/\/www.notibras.com\/site\/wp-json\/wp\/v2\/tags?post=357519"}],"curies":[{"name":"wp","href":"https:\/\/api.w.org\/{rel}","templated":true}]}}