{"id":357524,"date":"2025-07-07T00:22:43","date_gmt":"2025-07-07T03:22:43","guid":{"rendered":"https:\/\/www.notibras.com\/site\/?p=357524"},"modified":"2025-07-07T00:22:43","modified_gmt":"2025-07-07T03:22:43","slug":"lenda-ou-historia-que-venceu-o-tempo-nordestino","status":"publish","type":"post","link":"https:\/\/www.notibras.com\/site\/lenda-ou-historia-que-venceu-o-tempo-nordestino\/","title":{"rendered":"Lenda ou hist\u00f3ria que venceu o tempo nordestino"},"content":{"rendered":"<p>No sert\u00e3o \u00e9 assim: o c\u00e9u parece mais perto da terra e as estrelas brilham como olhos curiosos. Foi nessa regi\u00e3o \u00e1rida do Nordeste que nasceu uma hist\u00f3ria que o tempo n\u00e3o apagou. Era uma noite quente, dessas em que o sil\u00eancio da caatinga s\u00f3 \u00e9 quebrado pelo canto distante de um curi\u00f3 ou pelo uivo do vento nos galhos secos. E foi ali, entre cactos, mandacarus e olhos desconfiados, que o \u201cET do sert\u00e3o\u201d apareceu pela primeira vez.<\/p>\n<p>Dizem que foi em 1983, numa vila esquecida no mapa, onde a luz ainda era de lamparina e o r\u00e1dio de pilha era a principal janela para o mundo. Naquela noite, um clar\u00e3o estranho riscou o c\u00e9u. N\u00e3o era estrela cadente nem rel\u00e2mpago \u2014 era algo diferente, como se o c\u00e9u tivesse aberto uma porta para o desconhecido. Um objeto voador desceu devagar e pousou pr\u00f3ximo ao riacho seco de Z\u00e9 Targino.<\/p>\n<p>No dia seguinte, a not\u00edcia correu mais r\u00e1pido que vento em redemoinho: \u201cO sert\u00e3o viu um disco voador!\u201d Uns juravam que viram um ser magro, de olhos grandes e cabe\u00e7a reluzente, andando pelos arredores, meio perdido. Outros diziam que era s\u00f3 inven\u00e7\u00e3o de pescador com cacha\u00e7a demais. Mas a verdade \u00e9 que, desde aquele dia, o \u201cET do sert\u00e3o\u201d virou lenda viva.<\/p>\n<p>As crian\u00e7as cresciam ouvindo a hist\u00f3ria contada na sombra do umbuzeiro, com olhos arregalados e imagina\u00e7\u00e3o solta. Os mais velhos discutiam nos bancos da pra\u00e7a se aquilo era mesmo um extraterrestre ou alguma inven\u00e7\u00e3o do governo. E entre uma feira e outra, l\u00e1 vinha algu\u00e9m com um novo \u201cavistamento\u201d, uma nova hist\u00f3ria, uma nova luz no c\u00e9u.<\/p>\n<p>O tempo passou, mas a hist\u00f3ria ficou. Virou cordel, virou can\u00e7\u00e3o de sanfoneiro, virou desenho nas paredes das escolas. Hoje, mesmo com internet e celular, o povo do sert\u00e3o ainda guarda com carinho essa mem\u00f3ria. Porque mais que um mist\u00e9rio do espa\u00e7o, o \u201cET do sert\u00e3o\u201d \u00e9 um s\u00edmbolo da imagina\u00e7\u00e3o que resiste, da oralidade nordestina que encanta, da cultura que transforma o imposs\u00edvel em poesia.<\/p>\n","protected":false},"excerpt":{"rendered":"<p>No sert\u00e3o \u00e9 assim: o c\u00e9u parece mais perto da terra e as estrelas brilham como olhos curiosos. Foi nessa regi\u00e3o \u00e1rida do Nordeste que nasceu uma hist\u00f3ria que o tempo n\u00e3o apagou. Era uma noite quente, dessas em que o sil\u00eancio da caatinga s\u00f3 \u00e9 quebrado pelo canto distante de um curi\u00f3 ou pelo [&hellip;]<\/p>\n","protected":false},"author":2,"featured_media":357526,"comment_status":"closed","ping_status":"closed","sticky":false,"template":"","format":"standard","meta":{"_acf_changed":false,"footnotes":""},"categories":[165],"tags":[],"class_list":["post-357524","post","type-post","status-publish","format-standard","has-post-thumbnail","hentry","category-nordeste"],"acf":[],"_links":{"self":[{"href":"https:\/\/www.notibras.com\/site\/wp-json\/wp\/v2\/posts\/357524","targetHints":{"allow":["GET"]}}],"collection":[{"href":"https:\/\/www.notibras.com\/site\/wp-json\/wp\/v2\/posts"}],"about":[{"href":"https:\/\/www.notibras.com\/site\/wp-json\/wp\/v2\/types\/post"}],"author":[{"embeddable":true,"href":"https:\/\/www.notibras.com\/site\/wp-json\/wp\/v2\/users\/2"}],"replies":[{"embeddable":true,"href":"https:\/\/www.notibras.com\/site\/wp-json\/wp\/v2\/comments?post=357524"}],"version-history":[{"count":1,"href":"https:\/\/www.notibras.com\/site\/wp-json\/wp\/v2\/posts\/357524\/revisions"}],"predecessor-version":[{"id":357527,"href":"https:\/\/www.notibras.com\/site\/wp-json\/wp\/v2\/posts\/357524\/revisions\/357527"}],"wp:featuredmedia":[{"embeddable":true,"href":"https:\/\/www.notibras.com\/site\/wp-json\/wp\/v2\/media\/357526"}],"wp:attachment":[{"href":"https:\/\/www.notibras.com\/site\/wp-json\/wp\/v2\/media?parent=357524"}],"wp:term":[{"taxonomy":"category","embeddable":true,"href":"https:\/\/www.notibras.com\/site\/wp-json\/wp\/v2\/categories?post=357524"},{"taxonomy":"post_tag","embeddable":true,"href":"https:\/\/www.notibras.com\/site\/wp-json\/wp\/v2\/tags?post=357524"}],"curies":[{"name":"wp","href":"https:\/\/api.w.org\/{rel}","templated":true}]}}