{"id":357561,"date":"2025-07-07T01:44:33","date_gmt":"2025-07-07T04:44:33","guid":{"rendered":"https:\/\/www.notibras.com\/site\/?p=357561"},"modified":"2025-07-07T01:58:54","modified_gmt":"2025-07-07T04:58:54","slug":"israel-recua-e-descarta-acordo-sobre-gaza-em-meio-a-imposicoes","status":"publish","type":"post","link":"https:\/\/www.notibras.com\/site\/israel-recua-e-descarta-acordo-sobre-gaza-em-meio-a-imposicoes\/","title":{"rendered":"Israel recua e descarta acordo sobre Gaza em meio a imposi\u00e7\u00f5es"},"content":{"rendered":"<p>Autoridades israelenses consideraram inaceit\u00e1veis \u200b\u200bas mudan\u00e7as propostas pelo movimento palestino Hamas para um acordo de tr\u00e9gua na Faixa de Gaza, disse o conselheiro do primeiro-ministro israelense Benjamin Netanyahu, Dmitri Gendelman.<\/p>\n<p>&#8220;As revis\u00f5es do Hamas \u00e0 proposta do Catar nos foram entregues ontem \u00e0 noite e s\u00e3o inaceit\u00e1veis \u200b\u200bpara Israel. Ap\u00f3s avaliar a situa\u00e7\u00e3o, o Primeiro-Ministro Benjamin Netanyahu nos instruiu a responder ao convite para negocia\u00e7\u00f5es em um formato de di\u00e1logo indireto e a continuar os contatos sobre o tema da devolu\u00e7\u00e3o dos nossos ref\u00e9ns \u2014 com base na iniciativa do Catar, que Israel j\u00e1 aceitou&#8221;, disse Gendelman.<\/p>\n<p>Autoridades israelenses partir\u00e3o para conversas com o movimento palestino no Catar no domingo, acrescentou Gendelman.<br \/>\nNo in\u00edcio desta semana, o Hamas confirmou sua resposta positiva \u00e0 proposta de um novo acordo de cessar-fogo com Israel e sua prontid\u00e3o para iniciar negocia\u00e7\u00f5es.<\/p>\n<p>No s\u00e1bado, o portal de not\u00edcias Ynet informou, citando uma fonte israelense s\u00eanior, que as autoridades israelenses decidiram enviar uma delega\u00e7\u00e3o ao Catar para negocia\u00e7\u00f5es indiretas sobre um acordo de cessar-fogo com o Hamas.<\/p>\n<p>Em 30 de junho, o Ministro das Rela\u00e7\u00f5es Exteriores eg\u00edpcio, Badr Abdelatty, afirmou que o Cairo, juntamente com outros mediadores, estava tentando negociar um cessar-fogo de 60 dias na Faixa de Gaza e a liberta\u00e7\u00e3o de v\u00e1rios ref\u00e9ns israelenses. O presidente dos EUA, Donald Trump, afirmou na ter\u00e7a-feira, no Truth Social, que Israel havia concordado com as condi\u00e7\u00f5es necess\u00e1rias para finalizar o cessar-fogo de 60 dias.<\/p>\n<p>Em 7 de outubro de 2023, Israel foi alvo de um ataque de foguetes sem precedentes a partir de Gaza. Em seguida, militantes do Hamas penetraram nas \u00e1reas de fronteira, abrindo fogo contra militares e civis e fazendo mais de 200 ref\u00e9ns. Segundo as autoridades, cerca de 1.200 pessoas foram mortas do lado israelense. Em resposta, as For\u00e7as de Defesa de Israel lan\u00e7aram ataques e, posteriormente, opera\u00e7\u00f5es terrestres em Gaza. Os combates, interrompidos por cessar-fogo de curto prazo, custaram a vida de mais de 57.000 palestinos e cerca de 1.500 israelenses, e se espalharam para o L\u00edbano e o I\u00eamen.<\/p>\n","protected":false},"excerpt":{"rendered":"<p>Autoridades israelenses consideraram inaceit\u00e1veis \u200b\u200bas mudan\u00e7as propostas pelo movimento palestino Hamas para um acordo de tr\u00e9gua na Faixa de Gaza, disse o conselheiro do primeiro-ministro israelense Benjamin Netanyahu, Dmitri Gendelman. &#8220;As revis\u00f5es do Hamas \u00e0 proposta do Catar nos foram entregues ontem \u00e0 noite e s\u00e3o inaceit\u00e1veis \u200b\u200bpara Israel. Ap\u00f3s avaliar a situa\u00e7\u00e3o, o Primeiro-Ministro [&hellip;]<\/p>\n","protected":false},"author":2,"featured_media":357562,"comment_status":"closed","ping_status":"closed","sticky":false,"template":"","format":"standard","meta":{"_acf_changed":false,"footnotes":""},"categories":[159],"tags":[],"class_list":["post-357561","post","type-post","status-publish","format-standard","has-post-thumbnail","hentry","category-apocalipse"],"acf":[],"yoast_head":"<!-- This site is optimized with the Yoast SEO plugin v27.2 - https:\/\/yoast.com\/product\/yoast-seo-wordpress\/ -->\n<title>Israel recua e descarta acordo sobre Gaza em meio a imposi\u00e7\u00f5es - Notibras<\/title>\n<meta name=\"robots\" content=\"index, follow, max-snippet:-1, max-image-preview:large, max-video-preview:-1\" \/>\n<link rel=\"canonical\" href=\"https:\/\/www.notibras.com\/site\/israel-recua-e-descarta-acordo-sobre-gaza-em-meio-a-imposicoes\/\" \/>\n<meta property=\"og:locale\" content=\"pt_BR\" \/>\n<meta property=\"og:type\" content=\"article\" \/>\n<meta property=\"og:title\" content=\"Israel recua e descarta acordo sobre Gaza em meio a imposi\u00e7\u00f5es - Notibras\" \/>\n<meta property=\"og:description\" content=\"Autoridades israelenses consideraram inaceit\u00e1veis \u200b\u200bas mudan\u00e7as propostas pelo movimento palestino Hamas para um acordo de tr\u00e9gua na Faixa de Gaza, disse o conselheiro do primeiro-ministro israelense Benjamin Netanyahu, Dmitri Gendelman. &#8220;As revis\u00f5es do Hamas \u00e0 proposta do Catar nos foram entregues ontem \u00e0 noite e s\u00e3o inaceit\u00e1veis \u200b\u200bpara Israel. Ap\u00f3s avaliar a situa\u00e7\u00e3o, o Primeiro-Ministro [&hellip;]\" \/>\n<meta property=\"og:url\" content=\"https:\/\/www.notibras.com\/site\/israel-recua-e-descarta-acordo-sobre-gaza-em-meio-a-imposicoes\/\" \/>\n<meta property=\"og:site_name\" content=\"Notibras\" \/>\n<meta property=\"article:publisher\" content=\"https:\/\/www.facebook.com\/notibras\/\" \/>\n<meta property=\"article:published_time\" content=\"2025-07-07T04:44:33+00:00\" \/>\n<meta property=\"article:modified_time\" content=\"2025-07-07T04:58:54+00:00\" \/>\n<meta property=\"og:image\" content=\"https:\/\/www.notibras.com\/site\/wp-content\/uploads\/2025\/07\/1122093530_0_160_3072_1888_1920x0_80_0_0_ea3caa5fe48a32f4e6a234bc45b3ac6e.jpg.webp\" \/>\n\t<meta property=\"og:image:width\" content=\"1920\" \/>\n\t<meta property=\"og:image:height\" content=\"1080\" \/>\n\t<meta property=\"og:image:type\" content=\"image\/webp\" \/>\n<meta name=\"author\" content=\"Reda\u00e7\u00e3o\" \/>\n<meta name=\"twitter:card\" content=\"summary_large_image\" \/>\n<meta name=\"twitter:creator\" content=\"@Notibras\" \/>\n<meta name=\"twitter:site\" content=\"@Notibras\" \/>\n<meta name=\"twitter:label1\" content=\"Escrito por\" \/>\n\t<meta name=\"twitter:data1\" content=\"Reda\u00e7\u00e3o\" \/>\n\t<meta name=\"twitter:label2\" content=\"Est. tempo de leitura\" \/>\n\t<meta name=\"twitter:data2\" content=\"3 minutos\" \/>\n<script type=\"application\/ld+json\" class=\"yoast-schema-graph\">{\"@context\":\"https:\/\/schema.org\",\"@graph\":[{\"@type\":\"Article\",\"@id\":\"https:\/\/www.notibras.com\/site\/israel-recua-e-descarta-acordo-sobre-gaza-em-meio-a-imposicoes\/#article\",\"isPartOf\":{\"@id\":\"https:\/\/www.notibras.com\/site\/israel-recua-e-descarta-acordo-sobre-gaza-em-meio-a-imposicoes\/\"},\"author\":{\"name\":\"Reda\u00e7\u00e3o\",\"@id\":\"https:\/\/www.notibras.com\/site\/#\/schema\/person\/36ab0979449956132d3e5b517ea76ac8\"},\"headline\":\"Israel recua e descarta acordo sobre Gaza em meio a imposi\u00e7\u00f5es\",\"datePublished\":\"2025-07-07T04:44:33+00:00\",\"dateModified\":\"2025-07-07T04:58:54+00:00\",\"mainEntityOfPage\":{\"@id\":\"https:\/\/www.notibras.com\/site\/israel-recua-e-descarta-acordo-sobre-gaza-em-meio-a-imposicoes\/\"},\"wordCount\":372,\"publisher\":{\"@id\":\"https:\/\/www.notibras.com\/site\/#organization\"},\"image\":{\"@id\":\"https:\/\/www.notibras.com\/site\/israel-recua-e-descarta-acordo-sobre-gaza-em-meio-a-imposicoes\/#primaryimage\"},\"thumbnailUrl\":\"https:\/\/www.notibras.com\/site\/wp-content\/uploads\/2025\/07\/1122093530_0_160_3072_1888_1920x0_80_0_0_ea3caa5fe48a32f4e6a234bc45b3ac6e.jpg.webp\",\"articleSection\":[\"Apocalipse\"],\"inLanguage\":\"pt-BR\"},{\"@type\":\"WebPage\",\"@id\":\"https:\/\/www.notibras.com\/site\/israel-recua-e-descarta-acordo-sobre-gaza-em-meio-a-imposicoes\/\",\"url\":\"https:\/\/www.notibras.com\/site\/israel-recua-e-descarta-acordo-sobre-gaza-em-meio-a-imposicoes\/\",\"name\":\"Israel recua e descarta acordo sobre Gaza em meio a imposi\u00e7\u00f5es - Notibras\",\"isPartOf\":{\"@id\":\"https:\/\/www.notibras.com\/site\/#website\"},\"primaryImageOfPage\":{\"@id\":\"https:\/\/www.notibras.com\/site\/israel-recua-e-descarta-acordo-sobre-gaza-em-meio-a-imposicoes\/#primaryimage\"},\"image\":{\"@id\":\"https:\/\/www.notibras.com\/site\/israel-recua-e-descarta-acordo-sobre-gaza-em-meio-a-imposicoes\/#primaryimage\"},\"thumbnailUrl\":\"https:\/\/www.notibras.com\/site\/wp-content\/uploads\/2025\/07\/1122093530_0_160_3072_1888_1920x0_80_0_0_ea3caa5fe48a32f4e6a234bc45b3ac6e.jpg.webp\",\"datePublished\":\"2025-07-07T04:44:33+00:00\",\"dateModified\":\"2025-07-07T04:58:54+00:00\",\"breadcrumb\":{\"@id\":\"https:\/\/www.notibras.com\/site\/israel-recua-e-descarta-acordo-sobre-gaza-em-meio-a-imposicoes\/#breadcrumb\"},\"inLanguage\":\"pt-BR\",\"potentialAction\":[{\"@type\":\"ReadAction\",\"target\":[\"https:\/\/www.notibras.com\/site\/israel-recua-e-descarta-acordo-sobre-gaza-em-meio-a-imposicoes\/\"]}]},{\"@type\":\"ImageObject\",\"inLanguage\":\"pt-BR\",\"@id\":\"https:\/\/www.notibras.com\/site\/israel-recua-e-descarta-acordo-sobre-gaza-em-meio-a-imposicoes\/#primaryimage\",\"url\":\"https:\/\/www.notibras.com\/site\/wp-content\/uploads\/2025\/07\/1122093530_0_160_3072_1888_1920x0_80_0_0_ea3caa5fe48a32f4e6a234bc45b3ac6e.jpg.webp\",\"contentUrl\":\"https:\/\/www.notibras.com\/site\/wp-content\/uploads\/2025\/07\/1122093530_0_160_3072_1888_1920x0_80_0_0_ea3caa5fe48a32f4e6a234bc45b3ac6e.jpg.webp\",\"width\":1920,\"height\":1080},{\"@type\":\"BreadcrumbList\",\"@id\":\"https:\/\/www.notibras.com\/site\/israel-recua-e-descarta-acordo-sobre-gaza-em-meio-a-imposicoes\/#breadcrumb\",\"itemListElement\":[{\"@type\":\"ListItem\",\"position\":1,\"name\":\"In\u00edcio\",\"item\":\"https:\/\/www.notibras.com\/site\/\"},{\"@type\":\"ListItem\",\"position\":2,\"name\":\"Israel recua e descarta acordo sobre Gaza em meio a imposi\u00e7\u00f5es\"}]},{\"@type\":\"WebSite\",\"@id\":\"https:\/\/www.notibras.com\/site\/#website\",\"url\":\"https:\/\/www.notibras.com\/site\/\",\"name\":\"Notibras\",\"description\":\"Not\u00edcias de Bras\u00edlia, do Brasil e do Mundo\",\"publisher\":{\"@id\":\"https:\/\/www.notibras.com\/site\/#organization\"},\"potentialAction\":[{\"@type\":\"SearchAction\",\"target\":{\"@type\":\"EntryPoint\",\"urlTemplate\":\"https:\/\/www.notibras.com\/site\/?s={search_term_string}\"},\"query-input\":{\"@type\":\"PropertyValueSpecification\",\"valueRequired\":true,\"valueName\":\"search_term_string\"}}],\"inLanguage\":\"pt-BR\"},{\"@type\":\"Organization\",\"@id\":\"https:\/\/www.notibras.com\/site\/#organization\",\"name\":\"Grupo Notibras de Comunica\u00e7\u00e3o\",\"url\":\"https:\/\/www.notibras.com\/site\/\",\"logo\":{\"@type\":\"ImageObject\",\"inLanguage\":\"pt-BR\",\"@id\":\"https:\/\/www.notibras.com\/site\/#\/schema\/logo\/image\/\",\"url\":\"https:\/\/www.notibras.com\/site\/wp-content\/uploads\/2023\/01\/notibras23.png\",\"contentUrl\":\"https:\/\/www.notibras.com\/site\/wp-content\/uploads\/2023\/01\/notibras23.png\",\"width\":350,\"height\":87,\"caption\":\"Grupo Notibras de Comunica\u00e7\u00e3o\"},\"image\":{\"@id\":\"https:\/\/www.notibras.com\/site\/#\/schema\/logo\/image\/\"},\"sameAs\":[\"https:\/\/www.facebook.com\/notibras\/\",\"https:\/\/x.com\/Notibras\",\"https:\/\/www.instagram.com\/notibras\/\"]},{\"@type\":\"Person\",\"@id\":\"https:\/\/www.notibras.com\/site\/#\/schema\/person\/36ab0979449956132d3e5b517ea76ac8\",\"name\":\"Reda\u00e7\u00e3o\",\"image\":{\"@type\":\"ImageObject\",\"inLanguage\":\"pt-BR\",\"@id\":\"https:\/\/secure.gravatar.com\/avatar\/e0a867bdedb85fd243eadf09663511f96fc81e0720a4a42581f334ad4303aa6b?s=96&d=mm&r=g\",\"url\":\"https:\/\/secure.gravatar.com\/avatar\/e0a867bdedb85fd243eadf09663511f96fc81e0720a4a42581f334ad4303aa6b?s=96&d=mm&r=g\",\"contentUrl\":\"https:\/\/secure.gravatar.com\/avatar\/e0a867bdedb85fd243eadf09663511f96fc81e0720a4a42581f334ad4303aa6b?s=96&d=mm&r=g\",\"caption\":\"Reda\u00e7\u00e3o\"}}]}<\/script>\n<!-- \/ Yoast SEO plugin. -->","yoast_head_json":{"title":"Israel recua e descarta acordo sobre Gaza em meio a imposi\u00e7\u00f5es - Notibras","robots":{"index":"index","follow":"follow","max-snippet":"max-snippet:-1","max-image-preview":"max-image-preview:large","max-video-preview":"max-video-preview:-1"},"canonical":"https:\/\/www.notibras.com\/site\/israel-recua-e-descarta-acordo-sobre-gaza-em-meio-a-imposicoes\/","og_locale":"pt_BR","og_type":"article","og_title":"Israel recua e descarta acordo sobre Gaza em meio a imposi\u00e7\u00f5es - Notibras","og_description":"Autoridades israelenses consideraram inaceit\u00e1veis \u200b\u200bas mudan\u00e7as propostas pelo movimento palestino Hamas para um acordo de tr\u00e9gua na Faixa de Gaza, disse o conselheiro do primeiro-ministro israelense Benjamin Netanyahu, Dmitri Gendelman. &#8220;As revis\u00f5es do Hamas \u00e0 proposta do Catar nos foram entregues ontem \u00e0 noite e s\u00e3o inaceit\u00e1veis \u200b\u200bpara Israel. Ap\u00f3s avaliar a situa\u00e7\u00e3o, o Primeiro-Ministro [&hellip;]","og_url":"https:\/\/www.notibras.com\/site\/israel-recua-e-descarta-acordo-sobre-gaza-em-meio-a-imposicoes\/","og_site_name":"Notibras","article_publisher":"https:\/\/www.facebook.com\/notibras\/","article_published_time":"2025-07-07T04:44:33+00:00","article_modified_time":"2025-07-07T04:58:54+00:00","og_image":[{"width":1920,"height":1080,"url":"https:\/\/www.notibras.com\/site\/wp-content\/uploads\/2025\/07\/1122093530_0_160_3072_1888_1920x0_80_0_0_ea3caa5fe48a32f4e6a234bc45b3ac6e.jpg.webp","type":"image\/webp"}],"author":"Reda\u00e7\u00e3o","twitter_card":"summary_large_image","twitter_creator":"@Notibras","twitter_site":"@Notibras","twitter_misc":{"Escrito por":"Reda\u00e7\u00e3o","Est. tempo de leitura":"3 minutos"},"schema":{"@context":"https:\/\/schema.org","@graph":[{"@type":"Article","@id":"https:\/\/www.notibras.com\/site\/israel-recua-e-descarta-acordo-sobre-gaza-em-meio-a-imposicoes\/#article","isPartOf":{"@id":"https:\/\/www.notibras.com\/site\/israel-recua-e-descarta-acordo-sobre-gaza-em-meio-a-imposicoes\/"},"author":{"name":"Reda\u00e7\u00e3o","@id":"https:\/\/www.notibras.com\/site\/#\/schema\/person\/36ab0979449956132d3e5b517ea76ac8"},"headline":"Israel recua e descarta acordo sobre Gaza em meio a imposi\u00e7\u00f5es","datePublished":"2025-07-07T04:44:33+00:00","dateModified":"2025-07-07T04:58:54+00:00","mainEntityOfPage":{"@id":"https:\/\/www.notibras.com\/site\/israel-recua-e-descarta-acordo-sobre-gaza-em-meio-a-imposicoes\/"},"wordCount":372,"publisher":{"@id":"https:\/\/www.notibras.com\/site\/#organization"},"image":{"@id":"https:\/\/www.notibras.com\/site\/israel-recua-e-descarta-acordo-sobre-gaza-em-meio-a-imposicoes\/#primaryimage"},"thumbnailUrl":"https:\/\/www.notibras.com\/site\/wp-content\/uploads\/2025\/07\/1122093530_0_160_3072_1888_1920x0_80_0_0_ea3caa5fe48a32f4e6a234bc45b3ac6e.jpg.webp","articleSection":["Apocalipse"],"inLanguage":"pt-BR"},{"@type":"WebPage","@id":"https:\/\/www.notibras.com\/site\/israel-recua-e-descarta-acordo-sobre-gaza-em-meio-a-imposicoes\/","url":"https:\/\/www.notibras.com\/site\/israel-recua-e-descarta-acordo-sobre-gaza-em-meio-a-imposicoes\/","name":"Israel recua e descarta acordo sobre Gaza em meio a imposi\u00e7\u00f5es - Notibras","isPartOf":{"@id":"https:\/\/www.notibras.com\/site\/#website"},"primaryImageOfPage":{"@id":"https:\/\/www.notibras.com\/site\/israel-recua-e-descarta-acordo-sobre-gaza-em-meio-a-imposicoes\/#primaryimage"},"image":{"@id":"https:\/\/www.notibras.com\/site\/israel-recua-e-descarta-acordo-sobre-gaza-em-meio-a-imposicoes\/#primaryimage"},"thumbnailUrl":"https:\/\/www.notibras.com\/site\/wp-content\/uploads\/2025\/07\/1122093530_0_160_3072_1888_1920x0_80_0_0_ea3caa5fe48a32f4e6a234bc45b3ac6e.jpg.webp","datePublished":"2025-07-07T04:44:33+00:00","dateModified":"2025-07-07T04:58:54+00:00","breadcrumb":{"@id":"https:\/\/www.notibras.com\/site\/israel-recua-e-descarta-acordo-sobre-gaza-em-meio-a-imposicoes\/#breadcrumb"},"inLanguage":"pt-BR","potentialAction":[{"@type":"ReadAction","target":["https:\/\/www.notibras.com\/site\/israel-recua-e-descarta-acordo-sobre-gaza-em-meio-a-imposicoes\/"]}]},{"@type":"ImageObject","inLanguage":"pt-BR","@id":"https:\/\/www.notibras.com\/site\/israel-recua-e-descarta-acordo-sobre-gaza-em-meio-a-imposicoes\/#primaryimage","url":"https:\/\/www.notibras.com\/site\/wp-content\/uploads\/2025\/07\/1122093530_0_160_3072_1888_1920x0_80_0_0_ea3caa5fe48a32f4e6a234bc45b3ac6e.jpg.webp","contentUrl":"https:\/\/www.notibras.com\/site\/wp-content\/uploads\/2025\/07\/1122093530_0_160_3072_1888_1920x0_80_0_0_ea3caa5fe48a32f4e6a234bc45b3ac6e.jpg.webp","width":1920,"height":1080},{"@type":"BreadcrumbList","@id":"https:\/\/www.notibras.com\/site\/israel-recua-e-descarta-acordo-sobre-gaza-em-meio-a-imposicoes\/#breadcrumb","itemListElement":[{"@type":"ListItem","position":1,"name":"In\u00edcio","item":"https:\/\/www.notibras.com\/site\/"},{"@type":"ListItem","position":2,"name":"Israel recua e descarta acordo sobre Gaza em meio a imposi\u00e7\u00f5es"}]},{"@type":"WebSite","@id":"https:\/\/www.notibras.com\/site\/#website","url":"https:\/\/www.notibras.com\/site\/","name":"Notibras","description":"Not\u00edcias de Bras\u00edlia, do Brasil e do Mundo","publisher":{"@id":"https:\/\/www.notibras.com\/site\/#organization"},"potentialAction":[{"@type":"SearchAction","target":{"@type":"EntryPoint","urlTemplate":"https:\/\/www.notibras.com\/site\/?s={search_term_string}"},"query-input":{"@type":"PropertyValueSpecification","valueRequired":true,"valueName":"search_term_string"}}],"inLanguage":"pt-BR"},{"@type":"Organization","@id":"https:\/\/www.notibras.com\/site\/#organization","name":"Grupo Notibras de Comunica\u00e7\u00e3o","url":"https:\/\/www.notibras.com\/site\/","logo":{"@type":"ImageObject","inLanguage":"pt-BR","@id":"https:\/\/www.notibras.com\/site\/#\/schema\/logo\/image\/","url":"https:\/\/www.notibras.com\/site\/wp-content\/uploads\/2023\/01\/notibras23.png","contentUrl":"https:\/\/www.notibras.com\/site\/wp-content\/uploads\/2023\/01\/notibras23.png","width":350,"height":87,"caption":"Grupo Notibras de Comunica\u00e7\u00e3o"},"image":{"@id":"https:\/\/www.notibras.com\/site\/#\/schema\/logo\/image\/"},"sameAs":["https:\/\/www.facebook.com\/notibras\/","https:\/\/x.com\/Notibras","https:\/\/www.instagram.com\/notibras\/"]},{"@type":"Person","@id":"https:\/\/www.notibras.com\/site\/#\/schema\/person\/36ab0979449956132d3e5b517ea76ac8","name":"Reda\u00e7\u00e3o","image":{"@type":"ImageObject","inLanguage":"pt-BR","@id":"https:\/\/secure.gravatar.com\/avatar\/e0a867bdedb85fd243eadf09663511f96fc81e0720a4a42581f334ad4303aa6b?s=96&d=mm&r=g","url":"https:\/\/secure.gravatar.com\/avatar\/e0a867bdedb85fd243eadf09663511f96fc81e0720a4a42581f334ad4303aa6b?s=96&d=mm&r=g","contentUrl":"https:\/\/secure.gravatar.com\/avatar\/e0a867bdedb85fd243eadf09663511f96fc81e0720a4a42581f334ad4303aa6b?s=96&d=mm&r=g","caption":"Reda\u00e7\u00e3o"}}]}},"amp_enabled":true,"_links":{"self":[{"href":"https:\/\/www.notibras.com\/site\/wp-json\/wp\/v2\/posts\/357561","targetHints":{"allow":["GET"]}}],"collection":[{"href":"https:\/\/www.notibras.com\/site\/wp-json\/wp\/v2\/posts"}],"about":[{"href":"https:\/\/www.notibras.com\/site\/wp-json\/wp\/v2\/types\/post"}],"author":[{"embeddable":true,"href":"https:\/\/www.notibras.com\/site\/wp-json\/wp\/v2\/users\/2"}],"replies":[{"embeddable":true,"href":"https:\/\/www.notibras.com\/site\/wp-json\/wp\/v2\/comments?post=357561"}],"version-history":[{"count":1,"href":"https:\/\/www.notibras.com\/site\/wp-json\/wp\/v2\/posts\/357561\/revisions"}],"predecessor-version":[{"id":357563,"href":"https:\/\/www.notibras.com\/site\/wp-json\/wp\/v2\/posts\/357561\/revisions\/357563"}],"wp:featuredmedia":[{"embeddable":true,"href":"https:\/\/www.notibras.com\/site\/wp-json\/wp\/v2\/media\/357562"}],"wp:attachment":[{"href":"https:\/\/www.notibras.com\/site\/wp-json\/wp\/v2\/media?parent=357561"}],"wp:term":[{"taxonomy":"category","embeddable":true,"href":"https:\/\/www.notibras.com\/site\/wp-json\/wp\/v2\/categories?post=357561"},{"taxonomy":"post_tag","embeddable":true,"href":"https:\/\/www.notibras.com\/site\/wp-json\/wp\/v2\/tags?post=357561"}],"curies":[{"name":"wp","href":"https:\/\/api.w.org\/{rel}","templated":true}]}}