{"id":357564,"date":"2025-07-07T01:34:22","date_gmt":"2025-07-07T04:34:22","guid":{"rendered":"https:\/\/www.notibras.com\/site\/?p=357564"},"modified":"2025-07-07T02:03:06","modified_gmt":"2025-07-07T05:03:06","slug":"balanco-do-ira-aponta-seis-mil-portos-ou-feridos-na-guerra-com-israel","status":"publish","type":"post","link":"https:\/\/www.notibras.com\/site\/balanco-do-ira-aponta-seis-mil-portos-ou-feridos-na-guerra-com-israel\/","title":{"rendered":"Balan\u00e7o do Ir\u00e3 aponta seis mil portos ou feridos na guerra com Israel"},"content":{"rendered":"<p>Mais de 6.000 pessoas foram mortas ou feridas no Ir\u00e3 como resultado da fase ativa de 12 dias do conflito Ir\u00e3-Israel, disse o ministro das Rela\u00e7\u00f5es Exteriores iraniano, Abbas Araghchi, no domingo, 6.<\/p>\n<p>&#8220;A agress\u00e3o do regime israelense contra o Ir\u00e3 foi uma clara viola\u00e7\u00e3o do Artigo 2, item 4, da Carta da ONU e um ato de agress\u00e3o. Mais de 6.000 pessoas inocentes foram mortas ou feridas nesses ataques ilegais, e nossa infraestrutura, \u00e1reas residenciais e instala\u00e7\u00f5es nucleares foram severamente danificadas&#8221;, disse Araghchi, citado em suas redes sociais na c\u00fapula do BRICS no Rio de Janeiro.<\/p>\n<p>Em 25 de junho, Hossein Kermanpour, porta-voz do Minist\u00e9rio da Sa\u00fade iraniano, disse que um total de 627 pessoas foram mortas e 4.870 ficaram feridas como resultado dos ataques israelenses no territ\u00f3rio iraniano.<\/p>\n<p>Na noite de 13 de junho, Israel lan\u00e7ou uma opera\u00e7\u00e3o contra o Ir\u00e3, acusando-o de implementar um programa nuclear militar secreto. O Ir\u00e3 rejeitou as acusa\u00e7\u00f5es, respondendo com seus pr\u00f3prios ataques. As partes trocaram ataques por 12 dias, aos quais se juntaram os Estados Unidos, que realizaram um ataque \u00fanico \u00e0s instala\u00e7\u00f5es nucleares iranianas na noite de 22 de junho. Na noite seguinte, Teer\u00e3 lan\u00e7ou ataques com m\u00edsseis contra a base americana de Al Udeid, no Catar. O presidente dos EUA, Donald Trump, afirmou em 23 de junho que Israel e Ir\u00e3 haviam concordado com um cessar-fogo para encerrar a &#8220;guerra de 12 dias&#8221;.<\/p>\n<p>O Ir\u00e3 nega a dimens\u00e3o militar de seu programa nuclear. A AIEA n\u00e3o viu evid\u00eancias concretas de que o Ir\u00e3 tenha um programa ativo de armas nucleares, afirmou o Diretor-Geral Rafael Grossi em 18 de junho.<\/p>\n","protected":false},"excerpt":{"rendered":"<p>Mais de 6.000 pessoas foram mortas ou feridas no Ir\u00e3 como resultado da fase ativa de 12 dias do conflito Ir\u00e3-Israel, disse o ministro das Rela\u00e7\u00f5es Exteriores iraniano, Abbas Araghchi, no domingo, 6. &#8220;A agress\u00e3o do regime israelense contra o Ir\u00e3 foi uma clara viola\u00e7\u00e3o do Artigo 2, item 4, da Carta da ONU e [&hellip;]<\/p>\n","protected":false},"author":2,"featured_media":357565,"comment_status":"closed","ping_status":"closed","sticky":false,"template":"","format":"standard","meta":{"_acf_changed":false,"footnotes":""},"categories":[159],"tags":[],"class_list":["post-357564","post","type-post","status-publish","format-standard","has-post-thumbnail","hentry","category-apocalipse"],"acf":[],"yoast_head":"<!-- This site is optimized with the Yoast SEO plugin v27.2 - https:\/\/yoast.com\/product\/yoast-seo-wordpress\/ -->\n<title>Balan\u00e7o do Ir\u00e3 aponta seis mil portos ou feridos na guerra com Israel - Notibras<\/title>\n<meta name=\"robots\" content=\"index, follow, max-snippet:-1, max-image-preview:large, max-video-preview:-1\" \/>\n<link rel=\"canonical\" href=\"https:\/\/www.notibras.com\/site\/balanco-do-ira-aponta-seis-mil-portos-ou-feridos-na-guerra-com-israel\/\" \/>\n<meta property=\"og:locale\" content=\"pt_BR\" \/>\n<meta property=\"og:type\" content=\"article\" \/>\n<meta property=\"og:title\" content=\"Balan\u00e7o do Ir\u00e3 aponta seis mil portos ou feridos na guerra com Israel - Notibras\" \/>\n<meta property=\"og:description\" content=\"Mais de 6.000 pessoas foram mortas ou feridas no Ir\u00e3 como resultado da fase ativa de 12 dias do conflito Ir\u00e3-Israel, disse o ministro das Rela\u00e7\u00f5es Exteriores iraniano, Abbas Araghchi, no domingo, 6. &#8220;A agress\u00e3o do regime israelense contra o Ir\u00e3 foi uma clara viola\u00e7\u00e3o do Artigo 2, item 4, da Carta da ONU e [&hellip;]\" \/>\n<meta property=\"og:url\" content=\"https:\/\/www.notibras.com\/site\/balanco-do-ira-aponta-seis-mil-portos-ou-feridos-na-guerra-com-israel\/\" \/>\n<meta property=\"og:site_name\" content=\"Notibras\" \/>\n<meta property=\"article:publisher\" content=\"https:\/\/www.facebook.com\/notibras\/\" \/>\n<meta property=\"article:published_time\" content=\"2025-07-07T04:34:22+00:00\" \/>\n<meta property=\"article:modified_time\" content=\"2025-07-07T05:03:06+00:00\" \/>\n<meta property=\"og:image\" content=\"https:\/\/www.notibras.com\/site\/wp-content\/uploads\/2025\/07\/1122308314_0_76_3368_1971_1920x0_80_0_0_3735f47f91f717694c283b03b94b8958.jpg-1.webp\" \/>\n\t<meta property=\"og:image:width\" content=\"1920\" \/>\n\t<meta property=\"og:image:height\" content=\"1080\" \/>\n\t<meta property=\"og:image:type\" content=\"image\/webp\" \/>\n<meta name=\"author\" content=\"Reda\u00e7\u00e3o\" \/>\n<meta name=\"twitter:card\" content=\"summary_large_image\" \/>\n<meta name=\"twitter:creator\" content=\"@Notibras\" \/>\n<meta name=\"twitter:site\" content=\"@Notibras\" \/>\n<meta name=\"twitter:label1\" content=\"Escrito por\" \/>\n\t<meta name=\"twitter:data1\" content=\"Reda\u00e7\u00e3o\" \/>\n\t<meta name=\"twitter:label2\" content=\"Est. tempo de leitura\" \/>\n\t<meta name=\"twitter:data2\" content=\"2 minutos\" \/>\n<script type=\"application\/ld+json\" class=\"yoast-schema-graph\">{\"@context\":\"https:\/\/schema.org\",\"@graph\":[{\"@type\":\"Article\",\"@id\":\"https:\/\/www.notibras.com\/site\/balanco-do-ira-aponta-seis-mil-portos-ou-feridos-na-guerra-com-israel\/#article\",\"isPartOf\":{\"@id\":\"https:\/\/www.notibras.com\/site\/balanco-do-ira-aponta-seis-mil-portos-ou-feridos-na-guerra-com-israel\/\"},\"author\":{\"name\":\"Reda\u00e7\u00e3o\",\"@id\":\"https:\/\/www.notibras.com\/site\/#\/schema\/person\/36ab0979449956132d3e5b517ea76ac8\"},\"headline\":\"Balan\u00e7o do Ir\u00e3 aponta seis mil portos ou feridos na guerra com Israel\",\"datePublished\":\"2025-07-07T04:34:22+00:00\",\"dateModified\":\"2025-07-07T05:03:06+00:00\",\"mainEntityOfPage\":{\"@id\":\"https:\/\/www.notibras.com\/site\/balanco-do-ira-aponta-seis-mil-portos-ou-feridos-na-guerra-com-israel\/\"},\"wordCount\":289,\"publisher\":{\"@id\":\"https:\/\/www.notibras.com\/site\/#organization\"},\"image\":{\"@id\":\"https:\/\/www.notibras.com\/site\/balanco-do-ira-aponta-seis-mil-portos-ou-feridos-na-guerra-com-israel\/#primaryimage\"},\"thumbnailUrl\":\"https:\/\/www.notibras.com\/site\/wp-content\/uploads\/2025\/07\/1122308314_0_76_3368_1971_1920x0_80_0_0_3735f47f91f717694c283b03b94b8958.jpg-1.webp\",\"articleSection\":[\"Apocalipse\"],\"inLanguage\":\"pt-BR\"},{\"@type\":\"WebPage\",\"@id\":\"https:\/\/www.notibras.com\/site\/balanco-do-ira-aponta-seis-mil-portos-ou-feridos-na-guerra-com-israel\/\",\"url\":\"https:\/\/www.notibras.com\/site\/balanco-do-ira-aponta-seis-mil-portos-ou-feridos-na-guerra-com-israel\/\",\"name\":\"Balan\u00e7o do Ir\u00e3 aponta seis mil portos ou feridos na guerra com Israel - Notibras\",\"isPartOf\":{\"@id\":\"https:\/\/www.notibras.com\/site\/#website\"},\"primaryImageOfPage\":{\"@id\":\"https:\/\/www.notibras.com\/site\/balanco-do-ira-aponta-seis-mil-portos-ou-feridos-na-guerra-com-israel\/#primaryimage\"},\"image\":{\"@id\":\"https:\/\/www.notibras.com\/site\/balanco-do-ira-aponta-seis-mil-portos-ou-feridos-na-guerra-com-israel\/#primaryimage\"},\"thumbnailUrl\":\"https:\/\/www.notibras.com\/site\/wp-content\/uploads\/2025\/07\/1122308314_0_76_3368_1971_1920x0_80_0_0_3735f47f91f717694c283b03b94b8958.jpg-1.webp\",\"datePublished\":\"2025-07-07T04:34:22+00:00\",\"dateModified\":\"2025-07-07T05:03:06+00:00\",\"breadcrumb\":{\"@id\":\"https:\/\/www.notibras.com\/site\/balanco-do-ira-aponta-seis-mil-portos-ou-feridos-na-guerra-com-israel\/#breadcrumb\"},\"inLanguage\":\"pt-BR\",\"potentialAction\":[{\"@type\":\"ReadAction\",\"target\":[\"https:\/\/www.notibras.com\/site\/balanco-do-ira-aponta-seis-mil-portos-ou-feridos-na-guerra-com-israel\/\"]}]},{\"@type\":\"ImageObject\",\"inLanguage\":\"pt-BR\",\"@id\":\"https:\/\/www.notibras.com\/site\/balanco-do-ira-aponta-seis-mil-portos-ou-feridos-na-guerra-com-israel\/#primaryimage\",\"url\":\"https:\/\/www.notibras.com\/site\/wp-content\/uploads\/2025\/07\/1122308314_0_76_3368_1971_1920x0_80_0_0_3735f47f91f717694c283b03b94b8958.jpg-1.webp\",\"contentUrl\":\"https:\/\/www.notibras.com\/site\/wp-content\/uploads\/2025\/07\/1122308314_0_76_3368_1971_1920x0_80_0_0_3735f47f91f717694c283b03b94b8958.jpg-1.webp\",\"width\":1920,\"height\":1080},{\"@type\":\"BreadcrumbList\",\"@id\":\"https:\/\/www.notibras.com\/site\/balanco-do-ira-aponta-seis-mil-portos-ou-feridos-na-guerra-com-israel\/#breadcrumb\",\"itemListElement\":[{\"@type\":\"ListItem\",\"position\":1,\"name\":\"In\u00edcio\",\"item\":\"https:\/\/www.notibras.com\/site\/\"},{\"@type\":\"ListItem\",\"position\":2,\"name\":\"Balan\u00e7o do Ir\u00e3 aponta seis mil portos ou feridos na guerra com Israel\"}]},{\"@type\":\"WebSite\",\"@id\":\"https:\/\/www.notibras.com\/site\/#website\",\"url\":\"https:\/\/www.notibras.com\/site\/\",\"name\":\"Notibras\",\"description\":\"Not\u00edcias de Bras\u00edlia, do Brasil e do Mundo\",\"publisher\":{\"@id\":\"https:\/\/www.notibras.com\/site\/#organization\"},\"potentialAction\":[{\"@type\":\"SearchAction\",\"target\":{\"@type\":\"EntryPoint\",\"urlTemplate\":\"https:\/\/www.notibras.com\/site\/?s={search_term_string}\"},\"query-input\":{\"@type\":\"PropertyValueSpecification\",\"valueRequired\":true,\"valueName\":\"search_term_string\"}}],\"inLanguage\":\"pt-BR\"},{\"@type\":\"Organization\",\"@id\":\"https:\/\/www.notibras.com\/site\/#organization\",\"name\":\"Grupo Notibras de Comunica\u00e7\u00e3o\",\"url\":\"https:\/\/www.notibras.com\/site\/\",\"logo\":{\"@type\":\"ImageObject\",\"inLanguage\":\"pt-BR\",\"@id\":\"https:\/\/www.notibras.com\/site\/#\/schema\/logo\/image\/\",\"url\":\"https:\/\/www.notibras.com\/site\/wp-content\/uploads\/2023\/01\/notibras23.png\",\"contentUrl\":\"https:\/\/www.notibras.com\/site\/wp-content\/uploads\/2023\/01\/notibras23.png\",\"width\":350,\"height\":87,\"caption\":\"Grupo Notibras de Comunica\u00e7\u00e3o\"},\"image\":{\"@id\":\"https:\/\/www.notibras.com\/site\/#\/schema\/logo\/image\/\"},\"sameAs\":[\"https:\/\/www.facebook.com\/notibras\/\",\"https:\/\/x.com\/Notibras\",\"https:\/\/www.instagram.com\/notibras\/\"]},{\"@type\":\"Person\",\"@id\":\"https:\/\/www.notibras.com\/site\/#\/schema\/person\/36ab0979449956132d3e5b517ea76ac8\",\"name\":\"Reda\u00e7\u00e3o\",\"image\":{\"@type\":\"ImageObject\",\"inLanguage\":\"pt-BR\",\"@id\":\"https:\/\/secure.gravatar.com\/avatar\/e0a867bdedb85fd243eadf09663511f96fc81e0720a4a42581f334ad4303aa6b?s=96&d=mm&r=g\",\"url\":\"https:\/\/secure.gravatar.com\/avatar\/e0a867bdedb85fd243eadf09663511f96fc81e0720a4a42581f334ad4303aa6b?s=96&d=mm&r=g\",\"contentUrl\":\"https:\/\/secure.gravatar.com\/avatar\/e0a867bdedb85fd243eadf09663511f96fc81e0720a4a42581f334ad4303aa6b?s=96&d=mm&r=g\",\"caption\":\"Reda\u00e7\u00e3o\"}}]}<\/script>\n<!-- \/ Yoast SEO plugin. -->","yoast_head_json":{"title":"Balan\u00e7o do Ir\u00e3 aponta seis mil portos ou feridos na guerra com Israel - Notibras","robots":{"index":"index","follow":"follow","max-snippet":"max-snippet:-1","max-image-preview":"max-image-preview:large","max-video-preview":"max-video-preview:-1"},"canonical":"https:\/\/www.notibras.com\/site\/balanco-do-ira-aponta-seis-mil-portos-ou-feridos-na-guerra-com-israel\/","og_locale":"pt_BR","og_type":"article","og_title":"Balan\u00e7o do Ir\u00e3 aponta seis mil portos ou feridos na guerra com Israel - Notibras","og_description":"Mais de 6.000 pessoas foram mortas ou feridas no Ir\u00e3 como resultado da fase ativa de 12 dias do conflito Ir\u00e3-Israel, disse o ministro das Rela\u00e7\u00f5es Exteriores iraniano, Abbas Araghchi, no domingo, 6. &#8220;A agress\u00e3o do regime israelense contra o Ir\u00e3 foi uma clara viola\u00e7\u00e3o do Artigo 2, item 4, da Carta da ONU e [&hellip;]","og_url":"https:\/\/www.notibras.com\/site\/balanco-do-ira-aponta-seis-mil-portos-ou-feridos-na-guerra-com-israel\/","og_site_name":"Notibras","article_publisher":"https:\/\/www.facebook.com\/notibras\/","article_published_time":"2025-07-07T04:34:22+00:00","article_modified_time":"2025-07-07T05:03:06+00:00","og_image":[{"width":1920,"height":1080,"url":"https:\/\/www.notibras.com\/site\/wp-content\/uploads\/2025\/07\/1122308314_0_76_3368_1971_1920x0_80_0_0_3735f47f91f717694c283b03b94b8958.jpg-1.webp","type":"image\/webp"}],"author":"Reda\u00e7\u00e3o","twitter_card":"summary_large_image","twitter_creator":"@Notibras","twitter_site":"@Notibras","twitter_misc":{"Escrito por":"Reda\u00e7\u00e3o","Est. tempo de leitura":"2 minutos"},"schema":{"@context":"https:\/\/schema.org","@graph":[{"@type":"Article","@id":"https:\/\/www.notibras.com\/site\/balanco-do-ira-aponta-seis-mil-portos-ou-feridos-na-guerra-com-israel\/#article","isPartOf":{"@id":"https:\/\/www.notibras.com\/site\/balanco-do-ira-aponta-seis-mil-portos-ou-feridos-na-guerra-com-israel\/"},"author":{"name":"Reda\u00e7\u00e3o","@id":"https:\/\/www.notibras.com\/site\/#\/schema\/person\/36ab0979449956132d3e5b517ea76ac8"},"headline":"Balan\u00e7o do Ir\u00e3 aponta seis mil portos ou feridos na guerra com Israel","datePublished":"2025-07-07T04:34:22+00:00","dateModified":"2025-07-07T05:03:06+00:00","mainEntityOfPage":{"@id":"https:\/\/www.notibras.com\/site\/balanco-do-ira-aponta-seis-mil-portos-ou-feridos-na-guerra-com-israel\/"},"wordCount":289,"publisher":{"@id":"https:\/\/www.notibras.com\/site\/#organization"},"image":{"@id":"https:\/\/www.notibras.com\/site\/balanco-do-ira-aponta-seis-mil-portos-ou-feridos-na-guerra-com-israel\/#primaryimage"},"thumbnailUrl":"https:\/\/www.notibras.com\/site\/wp-content\/uploads\/2025\/07\/1122308314_0_76_3368_1971_1920x0_80_0_0_3735f47f91f717694c283b03b94b8958.jpg-1.webp","articleSection":["Apocalipse"],"inLanguage":"pt-BR"},{"@type":"WebPage","@id":"https:\/\/www.notibras.com\/site\/balanco-do-ira-aponta-seis-mil-portos-ou-feridos-na-guerra-com-israel\/","url":"https:\/\/www.notibras.com\/site\/balanco-do-ira-aponta-seis-mil-portos-ou-feridos-na-guerra-com-israel\/","name":"Balan\u00e7o do Ir\u00e3 aponta seis mil portos ou feridos na guerra com Israel - Notibras","isPartOf":{"@id":"https:\/\/www.notibras.com\/site\/#website"},"primaryImageOfPage":{"@id":"https:\/\/www.notibras.com\/site\/balanco-do-ira-aponta-seis-mil-portos-ou-feridos-na-guerra-com-israel\/#primaryimage"},"image":{"@id":"https:\/\/www.notibras.com\/site\/balanco-do-ira-aponta-seis-mil-portos-ou-feridos-na-guerra-com-israel\/#primaryimage"},"thumbnailUrl":"https:\/\/www.notibras.com\/site\/wp-content\/uploads\/2025\/07\/1122308314_0_76_3368_1971_1920x0_80_0_0_3735f47f91f717694c283b03b94b8958.jpg-1.webp","datePublished":"2025-07-07T04:34:22+00:00","dateModified":"2025-07-07T05:03:06+00:00","breadcrumb":{"@id":"https:\/\/www.notibras.com\/site\/balanco-do-ira-aponta-seis-mil-portos-ou-feridos-na-guerra-com-israel\/#breadcrumb"},"inLanguage":"pt-BR","potentialAction":[{"@type":"ReadAction","target":["https:\/\/www.notibras.com\/site\/balanco-do-ira-aponta-seis-mil-portos-ou-feridos-na-guerra-com-israel\/"]}]},{"@type":"ImageObject","inLanguage":"pt-BR","@id":"https:\/\/www.notibras.com\/site\/balanco-do-ira-aponta-seis-mil-portos-ou-feridos-na-guerra-com-israel\/#primaryimage","url":"https:\/\/www.notibras.com\/site\/wp-content\/uploads\/2025\/07\/1122308314_0_76_3368_1971_1920x0_80_0_0_3735f47f91f717694c283b03b94b8958.jpg-1.webp","contentUrl":"https:\/\/www.notibras.com\/site\/wp-content\/uploads\/2025\/07\/1122308314_0_76_3368_1971_1920x0_80_0_0_3735f47f91f717694c283b03b94b8958.jpg-1.webp","width":1920,"height":1080},{"@type":"BreadcrumbList","@id":"https:\/\/www.notibras.com\/site\/balanco-do-ira-aponta-seis-mil-portos-ou-feridos-na-guerra-com-israel\/#breadcrumb","itemListElement":[{"@type":"ListItem","position":1,"name":"In\u00edcio","item":"https:\/\/www.notibras.com\/site\/"},{"@type":"ListItem","position":2,"name":"Balan\u00e7o do Ir\u00e3 aponta seis mil portos ou feridos na guerra com Israel"}]},{"@type":"WebSite","@id":"https:\/\/www.notibras.com\/site\/#website","url":"https:\/\/www.notibras.com\/site\/","name":"Notibras","description":"Not\u00edcias de Bras\u00edlia, do Brasil e do Mundo","publisher":{"@id":"https:\/\/www.notibras.com\/site\/#organization"},"potentialAction":[{"@type":"SearchAction","target":{"@type":"EntryPoint","urlTemplate":"https:\/\/www.notibras.com\/site\/?s={search_term_string}"},"query-input":{"@type":"PropertyValueSpecification","valueRequired":true,"valueName":"search_term_string"}}],"inLanguage":"pt-BR"},{"@type":"Organization","@id":"https:\/\/www.notibras.com\/site\/#organization","name":"Grupo Notibras de Comunica\u00e7\u00e3o","url":"https:\/\/www.notibras.com\/site\/","logo":{"@type":"ImageObject","inLanguage":"pt-BR","@id":"https:\/\/www.notibras.com\/site\/#\/schema\/logo\/image\/","url":"https:\/\/www.notibras.com\/site\/wp-content\/uploads\/2023\/01\/notibras23.png","contentUrl":"https:\/\/www.notibras.com\/site\/wp-content\/uploads\/2023\/01\/notibras23.png","width":350,"height":87,"caption":"Grupo Notibras de Comunica\u00e7\u00e3o"},"image":{"@id":"https:\/\/www.notibras.com\/site\/#\/schema\/logo\/image\/"},"sameAs":["https:\/\/www.facebook.com\/notibras\/","https:\/\/x.com\/Notibras","https:\/\/www.instagram.com\/notibras\/"]},{"@type":"Person","@id":"https:\/\/www.notibras.com\/site\/#\/schema\/person\/36ab0979449956132d3e5b517ea76ac8","name":"Reda\u00e7\u00e3o","image":{"@type":"ImageObject","inLanguage":"pt-BR","@id":"https:\/\/secure.gravatar.com\/avatar\/e0a867bdedb85fd243eadf09663511f96fc81e0720a4a42581f334ad4303aa6b?s=96&d=mm&r=g","url":"https:\/\/secure.gravatar.com\/avatar\/e0a867bdedb85fd243eadf09663511f96fc81e0720a4a42581f334ad4303aa6b?s=96&d=mm&r=g","contentUrl":"https:\/\/secure.gravatar.com\/avatar\/e0a867bdedb85fd243eadf09663511f96fc81e0720a4a42581f334ad4303aa6b?s=96&d=mm&r=g","caption":"Reda\u00e7\u00e3o"}}]}},"amp_enabled":true,"_links":{"self":[{"href":"https:\/\/www.notibras.com\/site\/wp-json\/wp\/v2\/posts\/357564","targetHints":{"allow":["GET"]}}],"collection":[{"href":"https:\/\/www.notibras.com\/site\/wp-json\/wp\/v2\/posts"}],"about":[{"href":"https:\/\/www.notibras.com\/site\/wp-json\/wp\/v2\/types\/post"}],"author":[{"embeddable":true,"href":"https:\/\/www.notibras.com\/site\/wp-json\/wp\/v2\/users\/2"}],"replies":[{"embeddable":true,"href":"https:\/\/www.notibras.com\/site\/wp-json\/wp\/v2\/comments?post=357564"}],"version-history":[{"count":1,"href":"https:\/\/www.notibras.com\/site\/wp-json\/wp\/v2\/posts\/357564\/revisions"}],"predecessor-version":[{"id":357566,"href":"https:\/\/www.notibras.com\/site\/wp-json\/wp\/v2\/posts\/357564\/revisions\/357566"}],"wp:featuredmedia":[{"embeddable":true,"href":"https:\/\/www.notibras.com\/site\/wp-json\/wp\/v2\/media\/357565"}],"wp:attachment":[{"href":"https:\/\/www.notibras.com\/site\/wp-json\/wp\/v2\/media?parent=357564"}],"wp:term":[{"taxonomy":"category","embeddable":true,"href":"https:\/\/www.notibras.com\/site\/wp-json\/wp\/v2\/categories?post=357564"},{"taxonomy":"post_tag","embeddable":true,"href":"https:\/\/www.notibras.com\/site\/wp-json\/wp\/v2\/tags?post=357564"}],"curies":[{"name":"wp","href":"https:\/\/api.w.org\/{rel}","templated":true}]}}