{"id":35757,"date":"2015-02-02T13:59:43","date_gmt":"2015-02-02T16:59:43","guid":{"rendered":"http:\/\/www.notibras.com\/site\/?p=35757"},"modified":"2015-02-02T14:01:05","modified_gmt":"2015-02-02T17:01:05","slug":"gastos-escolares-sobem-mais-que-o-dobro-do-indice-da-inflacao","status":"publish","type":"post","link":"https:\/\/www.notibras.com\/site\/gastos-escolares-sobem-mais-que-o-dobro-do-indice-da-inflacao\/","title":{"rendered":"Gastos com escolas sobem mais que o dobro da infla\u00e7\u00e3o"},"content":{"rendered":"<p>A infla\u00e7\u00e3o referente aos gastos escolares aumentou o dobro da varia\u00e7\u00e3o geral de pre\u00e7os, informou a Funda\u00e7\u00e3o Get\u00falio Vargas. Apesar disso, a taxa registrada em janeiro foi menor que a do mesmo m\u00eas em 2014.<\/p>\n<p>Enquanto o \u00cdndice de Pre\u00e7os ao Consumidor (IPC) fechou o m\u00eas passado com varia\u00e7\u00e3o de 1,51%, os gastos com material escolar, livros, transporte, cursos e lanchonetes chegaram a 3,73%. Em janeiro do ano passado, o indicador somou 3,80%.<\/p>\n<p>A maior infla\u00e7\u00e3o foi registrada nos cursos formais, que incluem os ensinos fundamental, m\u00e9dio e elementar, com 6,29% em janeiro. A alta foi menor que a registrada no ano anterior, de 6,62%.<\/p>\n<p>Os cursos n\u00e3o formais, de ingl\u00eas e inform\u00e1tica, tamb\u00e9m tiveram infla\u00e7\u00e3o menor, caindo de 2,82%, em janeiro do ano passado, para 1,79% no primeiro m\u00eas deste ano. O mesmo comportamento foi registrado no transporte escolar, que teve infla\u00e7\u00e3o de 4,35% no in\u00edcio do ano passado e de 3,28% este ano.<\/p>\n<blockquote><p>Todos os demais \u00edndices tiveram aumento da infla\u00e7\u00e3o. O material escolar registrou alta de 1,88%, contra 0,90% do ano passado. Os livros did\u00e1ticos ficaram com 1,81%, contra 0,22% de janeiro de 2014. Os livros n\u00e3o did\u00e1ticos tamb\u00e9m aumentaram (0,96%), enquanto, no in\u00edcio do ano passado, a infla\u00e7\u00e3o atingiu 0,12%.<\/p><\/blockquote>\n<p>O item bares e lanchonetes teve varia\u00e7\u00e3o acima de 2014, com alta de 1,30% no m\u00eas passado, 0,42 ponto percentual superior ao percentual de 0,88% registrado em 2014.<\/p>\n<p>Em 12 meses, os gastos escolares acumulam alta de 9,39%, enquanto a infla\u00e7\u00e3o completa soma 6,87% no IPC da Funda\u00e7\u00e3o Getulio Vargas. O item bares e lanchonetes teve a maior varia\u00e7\u00e3o total, de 11,17%, e os livros did\u00e1ticos, a menor em 12 meses: 3,28%.<\/p>\n<p><strong>Vin\u00edcius Lisboa, Br <\/strong><\/p>\n","protected":false},"excerpt":{"rendered":"<p>A infla\u00e7\u00e3o referente aos gastos escolares aumentou o dobro da varia\u00e7\u00e3o geral de pre\u00e7os, informou a Funda\u00e7\u00e3o Get\u00falio Vargas. Apesar disso, a taxa registrada em janeiro foi menor que a do mesmo m\u00eas em 2014. Enquanto o \u00cdndice de Pre\u00e7os ao Consumidor (IPC) fechou o m\u00eas passado com varia\u00e7\u00e3o de 1,51%, os gastos com material [&hellip;]<\/p>\n","protected":false},"author":2,"featured_media":35758,"comment_status":"open","ping_status":"closed","sticky":false,"template":"","format":"standard","meta":{"_acf_changed":false,"footnotes":""},"categories":[16],"tags":[],"class_list":["post-35757","post","type-post","status-publish","format-standard","has-post-thumbnail","hentry","category-brasil"],"acf":[],"yoast_head":"<!-- This site is optimized with the Yoast SEO plugin v27.2 - https:\/\/yoast.com\/product\/yoast-seo-wordpress\/ -->\n<title>Gastos com escolas sobem mais que o dobro da infla\u00e7\u00e3o - Notibras<\/title>\n<meta name=\"robots\" content=\"index, follow, max-snippet:-1, max-image-preview:large, max-video-preview:-1\" \/>\n<link rel=\"canonical\" href=\"https:\/\/www.notibras.com\/site\/gastos-escolares-sobem-mais-que-o-dobro-do-indice-da-inflacao\/\" \/>\n<meta property=\"og:locale\" content=\"pt_BR\" \/>\n<meta property=\"og:type\" content=\"article\" \/>\n<meta property=\"og:title\" content=\"Gastos com escolas sobem mais que o dobro da infla\u00e7\u00e3o - Notibras\" \/>\n<meta property=\"og:description\" content=\"A infla\u00e7\u00e3o referente aos gastos escolares aumentou o dobro da varia\u00e7\u00e3o geral de pre\u00e7os, informou a Funda\u00e7\u00e3o Get\u00falio Vargas. Apesar disso, a taxa registrada em janeiro foi menor que a do mesmo m\u00eas em 2014. Enquanto o \u00cdndice de Pre\u00e7os ao Consumidor (IPC) fechou o m\u00eas passado com varia\u00e7\u00e3o de 1,51%, os gastos com material [&hellip;]\" \/>\n<meta property=\"og:url\" content=\"https:\/\/www.notibras.com\/site\/gastos-escolares-sobem-mais-que-o-dobro-do-indice-da-inflacao\/\" \/>\n<meta property=\"og:site_name\" content=\"Notibras\" \/>\n<meta property=\"article:publisher\" content=\"https:\/\/www.facebook.com\/notibras\/\" \/>\n<meta property=\"article:published_time\" content=\"2015-02-02T16:59:43+00:00\" \/>\n<meta property=\"article:modified_time\" content=\"2015-02-02T17:01:05+00:00\" \/>\n<meta property=\"og:image\" content=\"https:\/\/www.notibras.com\/site\/wp-content\/uploads\/2015\/02\/feira_do_livro.jpg\" \/>\n\t<meta property=\"og:image:width\" content=\"580\" \/>\n\t<meta property=\"og:image:height\" content=\"388\" \/>\n\t<meta property=\"og:image:type\" content=\"image\/jpeg\" \/>\n<meta name=\"author\" content=\"Reda\u00e7\u00e3o\" \/>\n<meta name=\"twitter:card\" content=\"summary_large_image\" \/>\n<meta name=\"twitter:creator\" content=\"@Notibras\" \/>\n<meta name=\"twitter:site\" content=\"@Notibras\" \/>\n<meta name=\"twitter:label1\" content=\"Escrito por\" \/>\n\t<meta name=\"twitter:data1\" content=\"Reda\u00e7\u00e3o\" \/>\n\t<meta name=\"twitter:label2\" content=\"Est. tempo de leitura\" \/>\n\t<meta name=\"twitter:data2\" content=\"1 minuto\" \/>\n<script type=\"application\/ld+json\" class=\"yoast-schema-graph\">{\"@context\":\"https:\/\/schema.org\",\"@graph\":[{\"@type\":\"Article\",\"@id\":\"https:\/\/www.notibras.com\/site\/gastos-escolares-sobem-mais-que-o-dobro-do-indice-da-inflacao\/#article\",\"isPartOf\":{\"@id\":\"https:\/\/www.notibras.com\/site\/gastos-escolares-sobem-mais-que-o-dobro-do-indice-da-inflacao\/\"},\"author\":{\"name\":\"Reda\u00e7\u00e3o\",\"@id\":\"https:\/\/www.notibras.com\/site\/#\/schema\/person\/36ab0979449956132d3e5b517ea76ac8\"},\"headline\":\"Gastos com escolas sobem mais que o dobro da infla\u00e7\u00e3o\",\"datePublished\":\"2015-02-02T16:59:43+00:00\",\"dateModified\":\"2015-02-02T17:01:05+00:00\",\"mainEntityOfPage\":{\"@id\":\"https:\/\/www.notibras.com\/site\/gastos-escolares-sobem-mais-que-o-dobro-do-indice-da-inflacao\/\"},\"wordCount\":295,\"commentCount\":0,\"publisher\":{\"@id\":\"https:\/\/www.notibras.com\/site\/#organization\"},\"image\":{\"@id\":\"https:\/\/www.notibras.com\/site\/gastos-escolares-sobem-mais-que-o-dobro-do-indice-da-inflacao\/#primaryimage\"},\"thumbnailUrl\":\"https:\/\/www.notibras.com\/site\/wp-content\/uploads\/2015\/02\/feira_do_livro.jpg\",\"articleSection\":[\"Brasil\"],\"inLanguage\":\"pt-BR\",\"potentialAction\":[{\"@type\":\"CommentAction\",\"name\":\"Comment\",\"target\":[\"https:\/\/www.notibras.com\/site\/gastos-escolares-sobem-mais-que-o-dobro-do-indice-da-inflacao\/#respond\"]}]},{\"@type\":\"WebPage\",\"@id\":\"https:\/\/www.notibras.com\/site\/gastos-escolares-sobem-mais-que-o-dobro-do-indice-da-inflacao\/\",\"url\":\"https:\/\/www.notibras.com\/site\/gastos-escolares-sobem-mais-que-o-dobro-do-indice-da-inflacao\/\",\"name\":\"Gastos com escolas sobem mais que o dobro da infla\u00e7\u00e3o - Notibras\",\"isPartOf\":{\"@id\":\"https:\/\/www.notibras.com\/site\/#website\"},\"primaryImageOfPage\":{\"@id\":\"https:\/\/www.notibras.com\/site\/gastos-escolares-sobem-mais-que-o-dobro-do-indice-da-inflacao\/#primaryimage\"},\"image\":{\"@id\":\"https:\/\/www.notibras.com\/site\/gastos-escolares-sobem-mais-que-o-dobro-do-indice-da-inflacao\/#primaryimage\"},\"thumbnailUrl\":\"https:\/\/www.notibras.com\/site\/wp-content\/uploads\/2015\/02\/feira_do_livro.jpg\",\"datePublished\":\"2015-02-02T16:59:43+00:00\",\"dateModified\":\"2015-02-02T17:01:05+00:00\",\"breadcrumb\":{\"@id\":\"https:\/\/www.notibras.com\/site\/gastos-escolares-sobem-mais-que-o-dobro-do-indice-da-inflacao\/#breadcrumb\"},\"inLanguage\":\"pt-BR\",\"potentialAction\":[{\"@type\":\"ReadAction\",\"target\":[\"https:\/\/www.notibras.com\/site\/gastos-escolares-sobem-mais-que-o-dobro-do-indice-da-inflacao\/\"]}]},{\"@type\":\"ImageObject\",\"inLanguage\":\"pt-BR\",\"@id\":\"https:\/\/www.notibras.com\/site\/gastos-escolares-sobem-mais-que-o-dobro-do-indice-da-inflacao\/#primaryimage\",\"url\":\"https:\/\/www.notibras.com\/site\/wp-content\/uploads\/2015\/02\/feira_do_livro.jpg\",\"contentUrl\":\"https:\/\/www.notibras.com\/site\/wp-content\/uploads\/2015\/02\/feira_do_livro.jpg\",\"width\":580,\"height\":388},{\"@type\":\"BreadcrumbList\",\"@id\":\"https:\/\/www.notibras.com\/site\/gastos-escolares-sobem-mais-que-o-dobro-do-indice-da-inflacao\/#breadcrumb\",\"itemListElement\":[{\"@type\":\"ListItem\",\"position\":1,\"name\":\"In\u00edcio\",\"item\":\"https:\/\/www.notibras.com\/site\/\"},{\"@type\":\"ListItem\",\"position\":2,\"name\":\"Gastos com escolas sobem mais que o dobro da infla\u00e7\u00e3o\"}]},{\"@type\":\"WebSite\",\"@id\":\"https:\/\/www.notibras.com\/site\/#website\",\"url\":\"https:\/\/www.notibras.com\/site\/\",\"name\":\"Notibras\",\"description\":\"Not\u00edcias de Bras\u00edlia, do Brasil e do Mundo\",\"publisher\":{\"@id\":\"https:\/\/www.notibras.com\/site\/#organization\"},\"potentialAction\":[{\"@type\":\"SearchAction\",\"target\":{\"@type\":\"EntryPoint\",\"urlTemplate\":\"https:\/\/www.notibras.com\/site\/?s={search_term_string}\"},\"query-input\":{\"@type\":\"PropertyValueSpecification\",\"valueRequired\":true,\"valueName\":\"search_term_string\"}}],\"inLanguage\":\"pt-BR\"},{\"@type\":\"Organization\",\"@id\":\"https:\/\/www.notibras.com\/site\/#organization\",\"name\":\"Grupo Notibras de Comunica\u00e7\u00e3o\",\"url\":\"https:\/\/www.notibras.com\/site\/\",\"logo\":{\"@type\":\"ImageObject\",\"inLanguage\":\"pt-BR\",\"@id\":\"https:\/\/www.notibras.com\/site\/#\/schema\/logo\/image\/\",\"url\":\"https:\/\/www.notibras.com\/site\/wp-content\/uploads\/2023\/01\/notibras23.png\",\"contentUrl\":\"https:\/\/www.notibras.com\/site\/wp-content\/uploads\/2023\/01\/notibras23.png\",\"width\":350,\"height\":87,\"caption\":\"Grupo Notibras de Comunica\u00e7\u00e3o\"},\"image\":{\"@id\":\"https:\/\/www.notibras.com\/site\/#\/schema\/logo\/image\/\"},\"sameAs\":[\"https:\/\/www.facebook.com\/notibras\/\",\"https:\/\/x.com\/Notibras\",\"https:\/\/www.instagram.com\/notibras\/\"]},{\"@type\":\"Person\",\"@id\":\"https:\/\/www.notibras.com\/site\/#\/schema\/person\/36ab0979449956132d3e5b517ea76ac8\",\"name\":\"Reda\u00e7\u00e3o\",\"image\":{\"@type\":\"ImageObject\",\"inLanguage\":\"pt-BR\",\"@id\":\"https:\/\/secure.gravatar.com\/avatar\/e0a867bdedb85fd243eadf09663511f96fc81e0720a4a42581f334ad4303aa6b?s=96&d=mm&r=g\",\"url\":\"https:\/\/secure.gravatar.com\/avatar\/e0a867bdedb85fd243eadf09663511f96fc81e0720a4a42581f334ad4303aa6b?s=96&d=mm&r=g\",\"contentUrl\":\"https:\/\/secure.gravatar.com\/avatar\/e0a867bdedb85fd243eadf09663511f96fc81e0720a4a42581f334ad4303aa6b?s=96&d=mm&r=g\",\"caption\":\"Reda\u00e7\u00e3o\"}}]}<\/script>\n<!-- \/ Yoast SEO plugin. -->","yoast_head_json":{"title":"Gastos com escolas sobem mais que o dobro da infla\u00e7\u00e3o - Notibras","robots":{"index":"index","follow":"follow","max-snippet":"max-snippet:-1","max-image-preview":"max-image-preview:large","max-video-preview":"max-video-preview:-1"},"canonical":"https:\/\/www.notibras.com\/site\/gastos-escolares-sobem-mais-que-o-dobro-do-indice-da-inflacao\/","og_locale":"pt_BR","og_type":"article","og_title":"Gastos com escolas sobem mais que o dobro da infla\u00e7\u00e3o - Notibras","og_description":"A infla\u00e7\u00e3o referente aos gastos escolares aumentou o dobro da varia\u00e7\u00e3o geral de pre\u00e7os, informou a Funda\u00e7\u00e3o Get\u00falio Vargas. Apesar disso, a taxa registrada em janeiro foi menor que a do mesmo m\u00eas em 2014. Enquanto o \u00cdndice de Pre\u00e7os ao Consumidor (IPC) fechou o m\u00eas passado com varia\u00e7\u00e3o de 1,51%, os gastos com material [&hellip;]","og_url":"https:\/\/www.notibras.com\/site\/gastos-escolares-sobem-mais-que-o-dobro-do-indice-da-inflacao\/","og_site_name":"Notibras","article_publisher":"https:\/\/www.facebook.com\/notibras\/","article_published_time":"2015-02-02T16:59:43+00:00","article_modified_time":"2015-02-02T17:01:05+00:00","og_image":[{"width":580,"height":388,"url":"https:\/\/www.notibras.com\/site\/wp-content\/uploads\/2015\/02\/feira_do_livro.jpg","type":"image\/jpeg"}],"author":"Reda\u00e7\u00e3o","twitter_card":"summary_large_image","twitter_creator":"@Notibras","twitter_site":"@Notibras","twitter_misc":{"Escrito por":"Reda\u00e7\u00e3o","Est. tempo de leitura":"1 minuto"},"schema":{"@context":"https:\/\/schema.org","@graph":[{"@type":"Article","@id":"https:\/\/www.notibras.com\/site\/gastos-escolares-sobem-mais-que-o-dobro-do-indice-da-inflacao\/#article","isPartOf":{"@id":"https:\/\/www.notibras.com\/site\/gastos-escolares-sobem-mais-que-o-dobro-do-indice-da-inflacao\/"},"author":{"name":"Reda\u00e7\u00e3o","@id":"https:\/\/www.notibras.com\/site\/#\/schema\/person\/36ab0979449956132d3e5b517ea76ac8"},"headline":"Gastos com escolas sobem mais que o dobro da infla\u00e7\u00e3o","datePublished":"2015-02-02T16:59:43+00:00","dateModified":"2015-02-02T17:01:05+00:00","mainEntityOfPage":{"@id":"https:\/\/www.notibras.com\/site\/gastos-escolares-sobem-mais-que-o-dobro-do-indice-da-inflacao\/"},"wordCount":295,"commentCount":0,"publisher":{"@id":"https:\/\/www.notibras.com\/site\/#organization"},"image":{"@id":"https:\/\/www.notibras.com\/site\/gastos-escolares-sobem-mais-que-o-dobro-do-indice-da-inflacao\/#primaryimage"},"thumbnailUrl":"https:\/\/www.notibras.com\/site\/wp-content\/uploads\/2015\/02\/feira_do_livro.jpg","articleSection":["Brasil"],"inLanguage":"pt-BR","potentialAction":[{"@type":"CommentAction","name":"Comment","target":["https:\/\/www.notibras.com\/site\/gastos-escolares-sobem-mais-que-o-dobro-do-indice-da-inflacao\/#respond"]}]},{"@type":"WebPage","@id":"https:\/\/www.notibras.com\/site\/gastos-escolares-sobem-mais-que-o-dobro-do-indice-da-inflacao\/","url":"https:\/\/www.notibras.com\/site\/gastos-escolares-sobem-mais-que-o-dobro-do-indice-da-inflacao\/","name":"Gastos com escolas sobem mais que o dobro da infla\u00e7\u00e3o - Notibras","isPartOf":{"@id":"https:\/\/www.notibras.com\/site\/#website"},"primaryImageOfPage":{"@id":"https:\/\/www.notibras.com\/site\/gastos-escolares-sobem-mais-que-o-dobro-do-indice-da-inflacao\/#primaryimage"},"image":{"@id":"https:\/\/www.notibras.com\/site\/gastos-escolares-sobem-mais-que-o-dobro-do-indice-da-inflacao\/#primaryimage"},"thumbnailUrl":"https:\/\/www.notibras.com\/site\/wp-content\/uploads\/2015\/02\/feira_do_livro.jpg","datePublished":"2015-02-02T16:59:43+00:00","dateModified":"2015-02-02T17:01:05+00:00","breadcrumb":{"@id":"https:\/\/www.notibras.com\/site\/gastos-escolares-sobem-mais-que-o-dobro-do-indice-da-inflacao\/#breadcrumb"},"inLanguage":"pt-BR","potentialAction":[{"@type":"ReadAction","target":["https:\/\/www.notibras.com\/site\/gastos-escolares-sobem-mais-que-o-dobro-do-indice-da-inflacao\/"]}]},{"@type":"ImageObject","inLanguage":"pt-BR","@id":"https:\/\/www.notibras.com\/site\/gastos-escolares-sobem-mais-que-o-dobro-do-indice-da-inflacao\/#primaryimage","url":"https:\/\/www.notibras.com\/site\/wp-content\/uploads\/2015\/02\/feira_do_livro.jpg","contentUrl":"https:\/\/www.notibras.com\/site\/wp-content\/uploads\/2015\/02\/feira_do_livro.jpg","width":580,"height":388},{"@type":"BreadcrumbList","@id":"https:\/\/www.notibras.com\/site\/gastos-escolares-sobem-mais-que-o-dobro-do-indice-da-inflacao\/#breadcrumb","itemListElement":[{"@type":"ListItem","position":1,"name":"In\u00edcio","item":"https:\/\/www.notibras.com\/site\/"},{"@type":"ListItem","position":2,"name":"Gastos com escolas sobem mais que o dobro da infla\u00e7\u00e3o"}]},{"@type":"WebSite","@id":"https:\/\/www.notibras.com\/site\/#website","url":"https:\/\/www.notibras.com\/site\/","name":"Notibras","description":"Not\u00edcias de Bras\u00edlia, do Brasil e do Mundo","publisher":{"@id":"https:\/\/www.notibras.com\/site\/#organization"},"potentialAction":[{"@type":"SearchAction","target":{"@type":"EntryPoint","urlTemplate":"https:\/\/www.notibras.com\/site\/?s={search_term_string}"},"query-input":{"@type":"PropertyValueSpecification","valueRequired":true,"valueName":"search_term_string"}}],"inLanguage":"pt-BR"},{"@type":"Organization","@id":"https:\/\/www.notibras.com\/site\/#organization","name":"Grupo Notibras de Comunica\u00e7\u00e3o","url":"https:\/\/www.notibras.com\/site\/","logo":{"@type":"ImageObject","inLanguage":"pt-BR","@id":"https:\/\/www.notibras.com\/site\/#\/schema\/logo\/image\/","url":"https:\/\/www.notibras.com\/site\/wp-content\/uploads\/2023\/01\/notibras23.png","contentUrl":"https:\/\/www.notibras.com\/site\/wp-content\/uploads\/2023\/01\/notibras23.png","width":350,"height":87,"caption":"Grupo Notibras de Comunica\u00e7\u00e3o"},"image":{"@id":"https:\/\/www.notibras.com\/site\/#\/schema\/logo\/image\/"},"sameAs":["https:\/\/www.facebook.com\/notibras\/","https:\/\/x.com\/Notibras","https:\/\/www.instagram.com\/notibras\/"]},{"@type":"Person","@id":"https:\/\/www.notibras.com\/site\/#\/schema\/person\/36ab0979449956132d3e5b517ea76ac8","name":"Reda\u00e7\u00e3o","image":{"@type":"ImageObject","inLanguage":"pt-BR","@id":"https:\/\/secure.gravatar.com\/avatar\/e0a867bdedb85fd243eadf09663511f96fc81e0720a4a42581f334ad4303aa6b?s=96&d=mm&r=g","url":"https:\/\/secure.gravatar.com\/avatar\/e0a867bdedb85fd243eadf09663511f96fc81e0720a4a42581f334ad4303aa6b?s=96&d=mm&r=g","contentUrl":"https:\/\/secure.gravatar.com\/avatar\/e0a867bdedb85fd243eadf09663511f96fc81e0720a4a42581f334ad4303aa6b?s=96&d=mm&r=g","caption":"Reda\u00e7\u00e3o"}}]}},"amp_enabled":true,"_links":{"self":[{"href":"https:\/\/www.notibras.com\/site\/wp-json\/wp\/v2\/posts\/35757","targetHints":{"allow":["GET"]}}],"collection":[{"href":"https:\/\/www.notibras.com\/site\/wp-json\/wp\/v2\/posts"}],"about":[{"href":"https:\/\/www.notibras.com\/site\/wp-json\/wp\/v2\/types\/post"}],"author":[{"embeddable":true,"href":"https:\/\/www.notibras.com\/site\/wp-json\/wp\/v2\/users\/2"}],"replies":[{"embeddable":true,"href":"https:\/\/www.notibras.com\/site\/wp-json\/wp\/v2\/comments?post=35757"}],"version-history":[{"count":0,"href":"https:\/\/www.notibras.com\/site\/wp-json\/wp\/v2\/posts\/35757\/revisions"}],"wp:featuredmedia":[{"embeddable":true,"href":"https:\/\/www.notibras.com\/site\/wp-json\/wp\/v2\/media\/35758"}],"wp:attachment":[{"href":"https:\/\/www.notibras.com\/site\/wp-json\/wp\/v2\/media?parent=35757"}],"wp:term":[{"taxonomy":"category","embeddable":true,"href":"https:\/\/www.notibras.com\/site\/wp-json\/wp\/v2\/categories?post=35757"},{"taxonomy":"post_tag","embeddable":true,"href":"https:\/\/www.notibras.com\/site\/wp-json\/wp\/v2\/tags?post=35757"}],"curies":[{"name":"wp","href":"https:\/\/api.w.org\/{rel}","templated":true}]}}