{"id":357593,"date":"2025-07-07T10:51:11","date_gmt":"2025-07-07T13:51:11","guid":{"rendered":"https:\/\/www.notibras.com\/site\/?p=357593"},"modified":"2025-07-07T10:57:28","modified_gmt":"2025-07-07T13:57:28","slug":"ventos-brandos-levam-celina-leao-para-o-buriti-como-quem-chega-em-casa-e-abre-a-porta","status":"publish","type":"post","link":"https:\/\/www.notibras.com\/site\/ventos-brandos-levam-celina-leao-para-o-buriti-como-quem-chega-em-casa-e-abre-a-porta\/","title":{"rendered":"Ventos brandos levam Celina Le\u00e3o para o Buriti, como quem chega em casa e abre a porta"},"content":{"rendered":"<p>Os ventos da pol\u00edtica em Bras\u00edlia mudam de dire\u00e7\u00e3o ao sabor das conveni\u00eancias, mas h\u00e1 quem escolha navegar com b\u00fassola pr\u00f3pria. Nesse cen\u00e1rio, Celina Le\u00e3o, vice-governadora de temperamento brando e racioc\u00ednio t\u00e1tico, avan\u00e7a sem pressa, mas com prop\u00f3sito, no tabuleiro que um dia poder\u00e1 lev\u00e1-la ao trono do Pal\u00e1cio do Buriti.<\/p>\n<p>Enquanto outros ainda consultam or\u00e1culos ou disputam manchetes, Celina aposta no contato direto. Semana passada, apareceu sem comitiva na Ceil\u00e2ndia, onde ouviu mais do que falou. Ganhou elogios pela escuta atenta de dona Zuleide, aposentada que resumiu tudo: \u201cEssa menina tem olho firme e p\u00e9 no ch\u00e3o\u201d.<\/p>\n<p>Dias antes, percorreu de m\u00e3os dadas vias do Sol Nascente. N\u00e3o parou para discursar. E conversou muito. O tipo de gesto que vale mais que dez entrevistas em r\u00e1dio comunit\u00e1ria. Ganhou pontos com quem realmente importa: a base invis\u00edvel, que todo pol\u00edtico jura defender, mas poucos lembram quando os holofotes se apagam.<\/p>\n<p>Em uma outra oportunidade, no Riacho Fundo II, sentou-se com representantes evang\u00e9licos, ouviu demandas sobre creches e seguran\u00e7a, mas fez quest\u00e3o de lembrar a import\u00e2ncia do di\u00e1logo com outras cren\u00e7as. No dia seguinte, compareceu a uma cerim\u00f4nia no Parano\u00e1, onde foi saudada como \u201cfilha do equil\u00edbrio\u201d. Aplausos dos dois lados \u2014 e, mais importante, respeito.<\/p>\n<p>Tudo isso sem alarde, sem post patrocinado, sem selfie exagerada. A Leoa caminha em passos de seda, como se soubesse que o verdadeiro poder n\u00e3o se conquista aos gritos, mas com gestos que se acumulam como tijolos bem assentados.<\/p>\n<p>Nos bastidores da C\u00e2mara Legislativa, onde se sussurra mais do que se fala, j\u00e1 \u00e9 consenso que a sucess\u00e3o de Ibaneis tem nome, sobrenome e batom discreto. O pr\u00f3prio governador, hoje gozando f\u00e9rias, j\u00e1 deixou escapar que confia em Celina para \u201cdar continuidade e inovar ao mesmo tempo\u201d.<\/p>\n<p>Nesse compasso, entre conversas no cafezinho e cochichos de plen\u00e1rio, os deputados distritais enxergam que Celina vai se impondo. N\u00e3o pela for\u00e7a, mas pela escuta. N\u00e3o pela vitrine, mas pelo bastidor. Uma pol\u00edtica que sabe sorrir com firmeza e apertar m\u00e3os com convic\u00e7\u00e3o \u2014 virtudes raras num quadradinho onde muitos se perdem entre a vaidade e o improviso.<\/p>\n<p>E \u00e9 assim, entre um caf\u00e9 servido em Planaltina e um sorriso trocado no Cruzeiro, que a vice-governadora vai desenhando seu caminho. Um caminho onde n\u00e3o h\u00e1 pressa, mas h\u00e1 dire\u00e7\u00e3o. Um caminho em que alian\u00e7as n\u00e3o s\u00e3o trocas \u2014 s\u00e3o constru\u00e7\u00e3o.<\/p>\n<p>Seus aliados avaliam que quando, enfim, os sinos do Buriti tocarem por mudan\u00e7a, ningu\u00e9m se espantar\u00e1 se for ela a abrir as portas, calmamente, como quem chega em casa.<\/p>\n<p>&#8230;&#8230;&#8230;&#8230;&#8230;&#8230;&#8230;<\/p>\n<p><strong>Marta Nobre \u00e9 Editora Executiva de Notibras<\/strong><\/p>\n","protected":false},"excerpt":{"rendered":"<p>Os ventos da pol\u00edtica em Bras\u00edlia mudam de dire\u00e7\u00e3o ao sabor das conveni\u00eancias, mas h\u00e1 quem escolha navegar com b\u00fassola pr\u00f3pria. Nesse cen\u00e1rio, Celina Le\u00e3o, vice-governadora de temperamento brando e racioc\u00ednio t\u00e1tico, avan\u00e7a sem pressa, mas com prop\u00f3sito, no tabuleiro que um dia poder\u00e1 lev\u00e1-la ao trono do Pal\u00e1cio do Buriti. Enquanto outros ainda consultam [&hellip;]<\/p>\n","protected":false},"author":2,"featured_media":340423,"comment_status":"closed","ping_status":"closed","sticky":false,"template":"","format":"standard","meta":{"_acf_changed":false,"footnotes":""},"categories":[161],"tags":[95],"class_list":["post-357593","post","type-post","status-publish","format-standard","has-post-thumbnail","hentry","category-quadradinho-em-foco","tag-capa"],"acf":[],"_links":{"self":[{"href":"https:\/\/www.notibras.com\/site\/wp-json\/wp\/v2\/posts\/357593","targetHints":{"allow":["GET"]}}],"collection":[{"href":"https:\/\/www.notibras.com\/site\/wp-json\/wp\/v2\/posts"}],"about":[{"href":"https:\/\/www.notibras.com\/site\/wp-json\/wp\/v2\/types\/post"}],"author":[{"embeddable":true,"href":"https:\/\/www.notibras.com\/site\/wp-json\/wp\/v2\/users\/2"}],"replies":[{"embeddable":true,"href":"https:\/\/www.notibras.com\/site\/wp-json\/wp\/v2\/comments?post=357593"}],"version-history":[{"count":4,"href":"https:\/\/www.notibras.com\/site\/wp-json\/wp\/v2\/posts\/357593\/revisions"}],"predecessor-version":[{"id":357597,"href":"https:\/\/www.notibras.com\/site\/wp-json\/wp\/v2\/posts\/357593\/revisions\/357597"}],"wp:featuredmedia":[{"embeddable":true,"href":"https:\/\/www.notibras.com\/site\/wp-json\/wp\/v2\/media\/340423"}],"wp:attachment":[{"href":"https:\/\/www.notibras.com\/site\/wp-json\/wp\/v2\/media?parent=357593"}],"wp:term":[{"taxonomy":"category","embeddable":true,"href":"https:\/\/www.notibras.com\/site\/wp-json\/wp\/v2\/categories?post=357593"},{"taxonomy":"post_tag","embeddable":true,"href":"https:\/\/www.notibras.com\/site\/wp-json\/wp\/v2\/tags?post=357593"}],"curies":[{"name":"wp","href":"https:\/\/api.w.org\/{rel}","templated":true}]}}