{"id":357619,"date":"2025-07-08T06:15:20","date_gmt":"2025-07-08T09:15:20","guid":{"rendered":"https:\/\/www.notibras.com\/site\/?p=357619"},"modified":"2025-07-08T06:16:35","modified_gmt":"2025-07-08T09:16:35","slug":"colombia-bate-de-frente-com-eua-uma-parte-do-mundo-e-nao-o-mundo","status":"publish","type":"post","link":"https:\/\/www.notibras.com\/site\/colombia-bate-de-frente-com-eua-uma-parte-do-mundo-e-nao-o-mundo\/","title":{"rendered":"Col\u00f4mbia bate de frente com EUA, &#8216;uma parte do mundo, e n\u00e3o o mundo&#8217;"},"content":{"rendered":"<p>Em meio ao clima tenso entre Bogot\u00e1 e Washington, o presidente colombiano ressalta que seu pa\u00eds n\u00e3o deve depender de terceiros para progredir.<\/p>\n<p>\u201cA rela\u00e7\u00e3o entre os Estados Unidos e as Am\u00e9ricas n\u00e3o deve ser imperial, deve ser de colabora\u00e7\u00e3o m\u00fatua\u201d, disse o presidente colombiano Gustavo Petro em uma publica\u00e7\u00e3o em sua conta X.<\/p>\n<p>Sobre a migra\u00e7\u00e3o latino-americana para os Estados Unidos, ele afirmou que se os pa\u00edses da Am\u00e9rica Central, do Sul e do Caribe progredirem, \u201cde acordo com a cultura de seus povos\u201d, a emigra\u00e7\u00e3o cessar\u00e1.<\/p>\n<p>Em outra publica\u00e7\u00e3o na mesma plataforma , Petro enfatizou que \u201ca Col\u00f4mbia n\u00e3o deve depender de um \u00fanico pa\u00eds\u201d.<\/p>\n<p>Em resposta \u00e0 decis\u00e3o dos Estados Unidos de chamar de volta seu embaixador na Col\u00f4mbia, o presidente colombiano chamou de volta seu embaixador em Washington para consultas.<\/p>\n<p>Ele tamb\u00e9m enfatizou que os Estados Unidos s\u00e3o \u201cparte do mundo, n\u00e3o o mundo\u201d, e que respeitava seu povo e seu desejo de liberdade. \u201cN\u00f3s nos unimos na luta pela liberdade, nunca em um retorno \u00e0 escravid\u00e3o\u201d, acrescentou.<\/p>\n<p>Sobre as oportunidades da Col\u00f4mbia no mercado global, ele explicou que os embaixadores do pa\u00eds devem trabalhar \u201ccom as comunidades colombianas no exterior para promover os produtos da florescente economia popular do pa\u00eds para venda no exterior\u201d.<\/p>\n<p>\u201cN\u00e3o seremos mais mineiros de carv\u00e3o, petroleiros ou plantadores de coca. Seremos agricultores, agroindustriais, industriais e artistas, muito, muito sens\u00edveis\u201d, concluiu.<\/p>\n<p>O presidente colombiano fez essas declara\u00e7\u00f5es ap\u00f3s a publica\u00e7\u00e3o de um relat\u00f3rio revelando os esfor\u00e7os do ex-chanceler colombiano \u00c1lvaro Leyva para buscar o apoio de Washington para for\u00e7ar a sa\u00edda de Petro.<\/p>\n<p>At\u00e9 recentemente, a Col\u00f4mbia era um dos parceiros mais pr\u00f3ximos dos EUA na Am\u00e9rica Latina, com d\u00e9cadas de governo de direita, antes que as rela\u00e7\u00f5es bilaterais se deteriorassem drasticamente.<\/p>\n","protected":false},"excerpt":{"rendered":"<p>Em meio ao clima tenso entre Bogot\u00e1 e Washington, o presidente colombiano ressalta que seu pa\u00eds n\u00e3o deve depender de terceiros para progredir. \u201cA rela\u00e7\u00e3o entre os Estados Unidos e as Am\u00e9ricas n\u00e3o deve ser imperial, deve ser de colabora\u00e7\u00e3o m\u00fatua\u201d, disse o presidente colombiano Gustavo Petro em uma publica\u00e7\u00e3o em sua conta X. Sobre [&hellip;]<\/p>\n","protected":false},"author":2,"featured_media":357620,"comment_status":"closed","ping_status":"closed","sticky":false,"template":"","format":"standard","meta":{"_acf_changed":false,"footnotes":""},"categories":[159],"tags":[95],"class_list":["post-357619","post","type-post","status-publish","format-standard","has-post-thumbnail","hentry","category-apocalipse","tag-capa"],"acf":[],"yoast_head":"<!-- This site is optimized with the Yoast SEO plugin v27.2 - https:\/\/yoast.com\/product\/yoast-seo-wordpress\/ -->\n<title>Col\u00f4mbia bate de frente com EUA, &#039;uma parte do mundo, e n\u00e3o o mundo&#039; - Notibras<\/title>\n<meta name=\"robots\" content=\"index, follow, max-snippet:-1, max-image-preview:large, max-video-preview:-1\" \/>\n<link rel=\"canonical\" href=\"https:\/\/www.notibras.com\/site\/colombia-bate-de-frente-com-eua-uma-parte-do-mundo-e-nao-o-mundo\/\" \/>\n<meta property=\"og:locale\" content=\"pt_BR\" \/>\n<meta property=\"og:type\" content=\"article\" \/>\n<meta property=\"og:title\" content=\"Col\u00f4mbia bate de frente com EUA, &#039;uma parte do mundo, e n\u00e3o o mundo&#039; - Notibras\" \/>\n<meta property=\"og:description\" content=\"Em meio ao clima tenso entre Bogot\u00e1 e Washington, o presidente colombiano ressalta que seu pa\u00eds n\u00e3o deve depender de terceiros para progredir. \u201cA rela\u00e7\u00e3o entre os Estados Unidos e as Am\u00e9ricas n\u00e3o deve ser imperial, deve ser de colabora\u00e7\u00e3o m\u00fatua\u201d, disse o presidente colombiano Gustavo Petro em uma publica\u00e7\u00e3o em sua conta X. Sobre [&hellip;]\" \/>\n<meta property=\"og:url\" content=\"https:\/\/www.notibras.com\/site\/colombia-bate-de-frente-com-eua-uma-parte-do-mundo-e-nao-o-mundo\/\" \/>\n<meta property=\"og:site_name\" content=\"Notibras\" \/>\n<meta property=\"article:publisher\" content=\"https:\/\/www.facebook.com\/notibras\/\" \/>\n<meta property=\"article:published_time\" content=\"2025-07-08T09:15:20+00:00\" \/>\n<meta property=\"article:modified_time\" content=\"2025-07-08T09:16:35+00:00\" \/>\n<meta property=\"og:image\" content=\"https:\/\/www.notibras.com\/site\/wp-content\/uploads\/2025\/07\/17100927_xl.jpg\" \/>\n\t<meta property=\"og:image:width\" content=\"880\" \/>\n\t<meta property=\"og:image:height\" content=\"495\" \/>\n\t<meta property=\"og:image:type\" content=\"image\/jpeg\" \/>\n<meta name=\"author\" content=\"Reda\u00e7\u00e3o\" \/>\n<meta name=\"twitter:card\" content=\"summary_large_image\" \/>\n<meta name=\"twitter:creator\" content=\"@Notibras\" \/>\n<meta name=\"twitter:site\" content=\"@Notibras\" \/>\n<meta name=\"twitter:label1\" content=\"Escrito por\" \/>\n\t<meta name=\"twitter:data1\" content=\"Reda\u00e7\u00e3o\" \/>\n\t<meta name=\"twitter:label2\" content=\"Est. tempo de leitura\" \/>\n\t<meta name=\"twitter:data2\" content=\"2 minutos\" \/>\n<script type=\"application\/ld+json\" class=\"yoast-schema-graph\">{\"@context\":\"https:\/\/schema.org\",\"@graph\":[{\"@type\":\"Article\",\"@id\":\"https:\/\/www.notibras.com\/site\/colombia-bate-de-frente-com-eua-uma-parte-do-mundo-e-nao-o-mundo\/#article\",\"isPartOf\":{\"@id\":\"https:\/\/www.notibras.com\/site\/colombia-bate-de-frente-com-eua-uma-parte-do-mundo-e-nao-o-mundo\/\"},\"author\":{\"name\":\"Reda\u00e7\u00e3o\",\"@id\":\"https:\/\/www.notibras.com\/site\/#\/schema\/person\/36ab0979449956132d3e5b517ea76ac8\"},\"headline\":\"Col\u00f4mbia bate de frente com EUA, &#8216;uma parte do mundo, e n\u00e3o o mundo&#8217;\",\"datePublished\":\"2025-07-08T09:15:20+00:00\",\"dateModified\":\"2025-07-08T09:16:35+00:00\",\"mainEntityOfPage\":{\"@id\":\"https:\/\/www.notibras.com\/site\/colombia-bate-de-frente-com-eua-uma-parte-do-mundo-e-nao-o-mundo\/\"},\"wordCount\":345,\"publisher\":{\"@id\":\"https:\/\/www.notibras.com\/site\/#organization\"},\"image\":{\"@id\":\"https:\/\/www.notibras.com\/site\/colombia-bate-de-frente-com-eua-uma-parte-do-mundo-e-nao-o-mundo\/#primaryimage\"},\"thumbnailUrl\":\"https:\/\/www.notibras.com\/site\/wp-content\/uploads\/2025\/07\/17100927_xl.jpg\",\"keywords\":[\"capa\"],\"articleSection\":[\"Apocalipse\"],\"inLanguage\":\"pt-BR\"},{\"@type\":\"WebPage\",\"@id\":\"https:\/\/www.notibras.com\/site\/colombia-bate-de-frente-com-eua-uma-parte-do-mundo-e-nao-o-mundo\/\",\"url\":\"https:\/\/www.notibras.com\/site\/colombia-bate-de-frente-com-eua-uma-parte-do-mundo-e-nao-o-mundo\/\",\"name\":\"Col\u00f4mbia bate de frente com EUA, 'uma parte do mundo, e n\u00e3o o mundo' - Notibras\",\"isPartOf\":{\"@id\":\"https:\/\/www.notibras.com\/site\/#website\"},\"primaryImageOfPage\":{\"@id\":\"https:\/\/www.notibras.com\/site\/colombia-bate-de-frente-com-eua-uma-parte-do-mundo-e-nao-o-mundo\/#primaryimage\"},\"image\":{\"@id\":\"https:\/\/www.notibras.com\/site\/colombia-bate-de-frente-com-eua-uma-parte-do-mundo-e-nao-o-mundo\/#primaryimage\"},\"thumbnailUrl\":\"https:\/\/www.notibras.com\/site\/wp-content\/uploads\/2025\/07\/17100927_xl.jpg\",\"datePublished\":\"2025-07-08T09:15:20+00:00\",\"dateModified\":\"2025-07-08T09:16:35+00:00\",\"breadcrumb\":{\"@id\":\"https:\/\/www.notibras.com\/site\/colombia-bate-de-frente-com-eua-uma-parte-do-mundo-e-nao-o-mundo\/#breadcrumb\"},\"inLanguage\":\"pt-BR\",\"potentialAction\":[{\"@type\":\"ReadAction\",\"target\":[\"https:\/\/www.notibras.com\/site\/colombia-bate-de-frente-com-eua-uma-parte-do-mundo-e-nao-o-mundo\/\"]}]},{\"@type\":\"ImageObject\",\"inLanguage\":\"pt-BR\",\"@id\":\"https:\/\/www.notibras.com\/site\/colombia-bate-de-frente-com-eua-uma-parte-do-mundo-e-nao-o-mundo\/#primaryimage\",\"url\":\"https:\/\/www.notibras.com\/site\/wp-content\/uploads\/2025\/07\/17100927_xl.jpg\",\"contentUrl\":\"https:\/\/www.notibras.com\/site\/wp-content\/uploads\/2025\/07\/17100927_xl.jpg\",\"width\":880,\"height\":495},{\"@type\":\"BreadcrumbList\",\"@id\":\"https:\/\/www.notibras.com\/site\/colombia-bate-de-frente-com-eua-uma-parte-do-mundo-e-nao-o-mundo\/#breadcrumb\",\"itemListElement\":[{\"@type\":\"ListItem\",\"position\":1,\"name\":\"In\u00edcio\",\"item\":\"https:\/\/www.notibras.com\/site\/\"},{\"@type\":\"ListItem\",\"position\":2,\"name\":\"Col\u00f4mbia bate de frente com EUA, &#8216;uma parte do mundo, e n\u00e3o o mundo&#8217;\"}]},{\"@type\":\"WebSite\",\"@id\":\"https:\/\/www.notibras.com\/site\/#website\",\"url\":\"https:\/\/www.notibras.com\/site\/\",\"name\":\"Notibras\",\"description\":\"Not\u00edcias de Bras\u00edlia, do Brasil e do Mundo\",\"publisher\":{\"@id\":\"https:\/\/www.notibras.com\/site\/#organization\"},\"potentialAction\":[{\"@type\":\"SearchAction\",\"target\":{\"@type\":\"EntryPoint\",\"urlTemplate\":\"https:\/\/www.notibras.com\/site\/?s={search_term_string}\"},\"query-input\":{\"@type\":\"PropertyValueSpecification\",\"valueRequired\":true,\"valueName\":\"search_term_string\"}}],\"inLanguage\":\"pt-BR\"},{\"@type\":\"Organization\",\"@id\":\"https:\/\/www.notibras.com\/site\/#organization\",\"name\":\"Grupo Notibras de Comunica\u00e7\u00e3o\",\"url\":\"https:\/\/www.notibras.com\/site\/\",\"logo\":{\"@type\":\"ImageObject\",\"inLanguage\":\"pt-BR\",\"@id\":\"https:\/\/www.notibras.com\/site\/#\/schema\/logo\/image\/\",\"url\":\"https:\/\/www.notibras.com\/site\/wp-content\/uploads\/2023\/01\/notibras23.png\",\"contentUrl\":\"https:\/\/www.notibras.com\/site\/wp-content\/uploads\/2023\/01\/notibras23.png\",\"width\":350,\"height\":87,\"caption\":\"Grupo Notibras de Comunica\u00e7\u00e3o\"},\"image\":{\"@id\":\"https:\/\/www.notibras.com\/site\/#\/schema\/logo\/image\/\"},\"sameAs\":[\"https:\/\/www.facebook.com\/notibras\/\",\"https:\/\/x.com\/Notibras\",\"https:\/\/www.instagram.com\/notibras\/\"]},{\"@type\":\"Person\",\"@id\":\"https:\/\/www.notibras.com\/site\/#\/schema\/person\/36ab0979449956132d3e5b517ea76ac8\",\"name\":\"Reda\u00e7\u00e3o\",\"image\":{\"@type\":\"ImageObject\",\"inLanguage\":\"pt-BR\",\"@id\":\"https:\/\/secure.gravatar.com\/avatar\/e0a867bdedb85fd243eadf09663511f96fc81e0720a4a42581f334ad4303aa6b?s=96&d=mm&r=g\",\"url\":\"https:\/\/secure.gravatar.com\/avatar\/e0a867bdedb85fd243eadf09663511f96fc81e0720a4a42581f334ad4303aa6b?s=96&d=mm&r=g\",\"contentUrl\":\"https:\/\/secure.gravatar.com\/avatar\/e0a867bdedb85fd243eadf09663511f96fc81e0720a4a42581f334ad4303aa6b?s=96&d=mm&r=g\",\"caption\":\"Reda\u00e7\u00e3o\"}}]}<\/script>\n<!-- \/ Yoast SEO plugin. -->","yoast_head_json":{"title":"Col\u00f4mbia bate de frente com EUA, 'uma parte do mundo, e n\u00e3o o mundo' - Notibras","robots":{"index":"index","follow":"follow","max-snippet":"max-snippet:-1","max-image-preview":"max-image-preview:large","max-video-preview":"max-video-preview:-1"},"canonical":"https:\/\/www.notibras.com\/site\/colombia-bate-de-frente-com-eua-uma-parte-do-mundo-e-nao-o-mundo\/","og_locale":"pt_BR","og_type":"article","og_title":"Col\u00f4mbia bate de frente com EUA, 'uma parte do mundo, e n\u00e3o o mundo' - Notibras","og_description":"Em meio ao clima tenso entre Bogot\u00e1 e Washington, o presidente colombiano ressalta que seu pa\u00eds n\u00e3o deve depender de terceiros para progredir. \u201cA rela\u00e7\u00e3o entre os Estados Unidos e as Am\u00e9ricas n\u00e3o deve ser imperial, deve ser de colabora\u00e7\u00e3o m\u00fatua\u201d, disse o presidente colombiano Gustavo Petro em uma publica\u00e7\u00e3o em sua conta X. Sobre [&hellip;]","og_url":"https:\/\/www.notibras.com\/site\/colombia-bate-de-frente-com-eua-uma-parte-do-mundo-e-nao-o-mundo\/","og_site_name":"Notibras","article_publisher":"https:\/\/www.facebook.com\/notibras\/","article_published_time":"2025-07-08T09:15:20+00:00","article_modified_time":"2025-07-08T09:16:35+00:00","og_image":[{"width":880,"height":495,"url":"https:\/\/www.notibras.com\/site\/wp-content\/uploads\/2025\/07\/17100927_xl.jpg","type":"image\/jpeg"}],"author":"Reda\u00e7\u00e3o","twitter_card":"summary_large_image","twitter_creator":"@Notibras","twitter_site":"@Notibras","twitter_misc":{"Escrito por":"Reda\u00e7\u00e3o","Est. tempo de leitura":"2 minutos"},"schema":{"@context":"https:\/\/schema.org","@graph":[{"@type":"Article","@id":"https:\/\/www.notibras.com\/site\/colombia-bate-de-frente-com-eua-uma-parte-do-mundo-e-nao-o-mundo\/#article","isPartOf":{"@id":"https:\/\/www.notibras.com\/site\/colombia-bate-de-frente-com-eua-uma-parte-do-mundo-e-nao-o-mundo\/"},"author":{"name":"Reda\u00e7\u00e3o","@id":"https:\/\/www.notibras.com\/site\/#\/schema\/person\/36ab0979449956132d3e5b517ea76ac8"},"headline":"Col\u00f4mbia bate de frente com EUA, &#8216;uma parte do mundo, e n\u00e3o o mundo&#8217;","datePublished":"2025-07-08T09:15:20+00:00","dateModified":"2025-07-08T09:16:35+00:00","mainEntityOfPage":{"@id":"https:\/\/www.notibras.com\/site\/colombia-bate-de-frente-com-eua-uma-parte-do-mundo-e-nao-o-mundo\/"},"wordCount":345,"publisher":{"@id":"https:\/\/www.notibras.com\/site\/#organization"},"image":{"@id":"https:\/\/www.notibras.com\/site\/colombia-bate-de-frente-com-eua-uma-parte-do-mundo-e-nao-o-mundo\/#primaryimage"},"thumbnailUrl":"https:\/\/www.notibras.com\/site\/wp-content\/uploads\/2025\/07\/17100927_xl.jpg","keywords":["capa"],"articleSection":["Apocalipse"],"inLanguage":"pt-BR"},{"@type":"WebPage","@id":"https:\/\/www.notibras.com\/site\/colombia-bate-de-frente-com-eua-uma-parte-do-mundo-e-nao-o-mundo\/","url":"https:\/\/www.notibras.com\/site\/colombia-bate-de-frente-com-eua-uma-parte-do-mundo-e-nao-o-mundo\/","name":"Col\u00f4mbia bate de frente com EUA, 'uma parte do mundo, e n\u00e3o o mundo' - Notibras","isPartOf":{"@id":"https:\/\/www.notibras.com\/site\/#website"},"primaryImageOfPage":{"@id":"https:\/\/www.notibras.com\/site\/colombia-bate-de-frente-com-eua-uma-parte-do-mundo-e-nao-o-mundo\/#primaryimage"},"image":{"@id":"https:\/\/www.notibras.com\/site\/colombia-bate-de-frente-com-eua-uma-parte-do-mundo-e-nao-o-mundo\/#primaryimage"},"thumbnailUrl":"https:\/\/www.notibras.com\/site\/wp-content\/uploads\/2025\/07\/17100927_xl.jpg","datePublished":"2025-07-08T09:15:20+00:00","dateModified":"2025-07-08T09:16:35+00:00","breadcrumb":{"@id":"https:\/\/www.notibras.com\/site\/colombia-bate-de-frente-com-eua-uma-parte-do-mundo-e-nao-o-mundo\/#breadcrumb"},"inLanguage":"pt-BR","potentialAction":[{"@type":"ReadAction","target":["https:\/\/www.notibras.com\/site\/colombia-bate-de-frente-com-eua-uma-parte-do-mundo-e-nao-o-mundo\/"]}]},{"@type":"ImageObject","inLanguage":"pt-BR","@id":"https:\/\/www.notibras.com\/site\/colombia-bate-de-frente-com-eua-uma-parte-do-mundo-e-nao-o-mundo\/#primaryimage","url":"https:\/\/www.notibras.com\/site\/wp-content\/uploads\/2025\/07\/17100927_xl.jpg","contentUrl":"https:\/\/www.notibras.com\/site\/wp-content\/uploads\/2025\/07\/17100927_xl.jpg","width":880,"height":495},{"@type":"BreadcrumbList","@id":"https:\/\/www.notibras.com\/site\/colombia-bate-de-frente-com-eua-uma-parte-do-mundo-e-nao-o-mundo\/#breadcrumb","itemListElement":[{"@type":"ListItem","position":1,"name":"In\u00edcio","item":"https:\/\/www.notibras.com\/site\/"},{"@type":"ListItem","position":2,"name":"Col\u00f4mbia bate de frente com EUA, &#8216;uma parte do mundo, e n\u00e3o o mundo&#8217;"}]},{"@type":"WebSite","@id":"https:\/\/www.notibras.com\/site\/#website","url":"https:\/\/www.notibras.com\/site\/","name":"Notibras","description":"Not\u00edcias de Bras\u00edlia, do Brasil e do Mundo","publisher":{"@id":"https:\/\/www.notibras.com\/site\/#organization"},"potentialAction":[{"@type":"SearchAction","target":{"@type":"EntryPoint","urlTemplate":"https:\/\/www.notibras.com\/site\/?s={search_term_string}"},"query-input":{"@type":"PropertyValueSpecification","valueRequired":true,"valueName":"search_term_string"}}],"inLanguage":"pt-BR"},{"@type":"Organization","@id":"https:\/\/www.notibras.com\/site\/#organization","name":"Grupo Notibras de Comunica\u00e7\u00e3o","url":"https:\/\/www.notibras.com\/site\/","logo":{"@type":"ImageObject","inLanguage":"pt-BR","@id":"https:\/\/www.notibras.com\/site\/#\/schema\/logo\/image\/","url":"https:\/\/www.notibras.com\/site\/wp-content\/uploads\/2023\/01\/notibras23.png","contentUrl":"https:\/\/www.notibras.com\/site\/wp-content\/uploads\/2023\/01\/notibras23.png","width":350,"height":87,"caption":"Grupo Notibras de Comunica\u00e7\u00e3o"},"image":{"@id":"https:\/\/www.notibras.com\/site\/#\/schema\/logo\/image\/"},"sameAs":["https:\/\/www.facebook.com\/notibras\/","https:\/\/x.com\/Notibras","https:\/\/www.instagram.com\/notibras\/"]},{"@type":"Person","@id":"https:\/\/www.notibras.com\/site\/#\/schema\/person\/36ab0979449956132d3e5b517ea76ac8","name":"Reda\u00e7\u00e3o","image":{"@type":"ImageObject","inLanguage":"pt-BR","@id":"https:\/\/secure.gravatar.com\/avatar\/e0a867bdedb85fd243eadf09663511f96fc81e0720a4a42581f334ad4303aa6b?s=96&d=mm&r=g","url":"https:\/\/secure.gravatar.com\/avatar\/e0a867bdedb85fd243eadf09663511f96fc81e0720a4a42581f334ad4303aa6b?s=96&d=mm&r=g","contentUrl":"https:\/\/secure.gravatar.com\/avatar\/e0a867bdedb85fd243eadf09663511f96fc81e0720a4a42581f334ad4303aa6b?s=96&d=mm&r=g","caption":"Reda\u00e7\u00e3o"}}]}},"amp_enabled":true,"_links":{"self":[{"href":"https:\/\/www.notibras.com\/site\/wp-json\/wp\/v2\/posts\/357619","targetHints":{"allow":["GET"]}}],"collection":[{"href":"https:\/\/www.notibras.com\/site\/wp-json\/wp\/v2\/posts"}],"about":[{"href":"https:\/\/www.notibras.com\/site\/wp-json\/wp\/v2\/types\/post"}],"author":[{"embeddable":true,"href":"https:\/\/www.notibras.com\/site\/wp-json\/wp\/v2\/users\/2"}],"replies":[{"embeddable":true,"href":"https:\/\/www.notibras.com\/site\/wp-json\/wp\/v2\/comments?post=357619"}],"version-history":[{"count":3,"href":"https:\/\/www.notibras.com\/site\/wp-json\/wp\/v2\/posts\/357619\/revisions"}],"predecessor-version":[{"id":357623,"href":"https:\/\/www.notibras.com\/site\/wp-json\/wp\/v2\/posts\/357619\/revisions\/357623"}],"wp:featuredmedia":[{"embeddable":true,"href":"https:\/\/www.notibras.com\/site\/wp-json\/wp\/v2\/media\/357620"}],"wp:attachment":[{"href":"https:\/\/www.notibras.com\/site\/wp-json\/wp\/v2\/media?parent=357619"}],"wp:term":[{"taxonomy":"category","embeddable":true,"href":"https:\/\/www.notibras.com\/site\/wp-json\/wp\/v2\/categories?post=357619"},{"taxonomy":"post_tag","embeddable":true,"href":"https:\/\/www.notibras.com\/site\/wp-json\/wp\/v2\/tags?post=357619"}],"curies":[{"name":"wp","href":"https:\/\/api.w.org\/{rel}","templated":true}]}}