{"id":357632,"date":"2025-07-08T06:33:51","date_gmt":"2025-07-08T09:33:51","guid":{"rendered":"https:\/\/www.notibras.com\/site\/?p=357632"},"modified":"2025-07-08T06:33:51","modified_gmt":"2025-07-08T09:33:51","slug":"russia-vai-responsabilizar-agencia-atomica-por-ataques-a-usinas-do-ira","status":"publish","type":"post","link":"https:\/\/www.notibras.com\/site\/russia-vai-responsabilizar-agencia-atomica-por-ataques-a-usinas-do-ira\/","title":{"rendered":"R\u00fassia vai responsabilizar ag\u00eancia at\u00f4mica por ataques a usinas do Ir\u00e3"},"content":{"rendered":"<p>A lideran\u00e7a da AIEA deve ser responsabilizada por suas avalia\u00e7\u00f5es feitas poucos dias antes do in\u00edcio dos ataques ao Ir\u00e3, j\u00e1 que muitos pa\u00edses as consideram amb\u00edguas, disse o ministro das Rela\u00e7\u00f5es Exteriores da R\u00fassia, Sergey Lavrov.<\/p>\n<p>&#8220;Em primeiro lugar, a lideran\u00e7a da AIEA deve demonstrar responsabilidade pelas avalia\u00e7\u00f5es que publica, que j\u00e1 publicou no passado e que foram submetidas ao Conselho de Governadores da AIEA poucos dias antes do in\u00edcio da agress\u00e3o. Essas avalia\u00e7\u00f5es foram caracterizadas por muitos como amb\u00edguas. Ao contr\u00e1rio dos relat\u00f3rios anteriores do secretariado, elas est\u00e3o abertas a interpreta\u00e7\u00f5es, implicando que o Ir\u00e3 n\u00e3o est\u00e1 cumprindo conscientemente suas obriga\u00e7\u00f5es&#8221;, disse Lavrov em uma coletiva de imprensa ap\u00f3s a c\u00fapula do BRICS, no Brasil.<br \/>\n.<br \/>\nA AIEA deve fornecer garantias de que n\u00e3o usar\u00e1 &#8220;hist\u00f3rias falsas&#8221; para politizar a situa\u00e7\u00e3o na quest\u00e3o iraniana, acrescentou Lavrov.<\/p>\n<p>&#8220;Agora temos certeza de que o secretariado deve fornecer algumas garantias de que doravante ser\u00e1 estritamente guiado pelos poderes que lhe s\u00e3o conferidos, e n\u00e3o tentar\u00e1 usar &#8216;hist\u00f3rias falsas&#8217; que mais tarde ser\u00e3o usadas para politizar e promover os interesses unilaterais de alguns dos membros&#8221;, disse Lavrov.<\/p>\n","protected":false},"excerpt":{"rendered":"<p>A lideran\u00e7a da AIEA deve ser responsabilizada por suas avalia\u00e7\u00f5es feitas poucos dias antes do in\u00edcio dos ataques ao Ir\u00e3, j\u00e1 que muitos pa\u00edses as consideram amb\u00edguas, disse o ministro das Rela\u00e7\u00f5es Exteriores da R\u00fassia, Sergey Lavrov. &#8220;Em primeiro lugar, a lideran\u00e7a da AIEA deve demonstrar responsabilidade pelas avalia\u00e7\u00f5es que publica, que j\u00e1 publicou no [&hellip;]<\/p>\n","protected":false},"author":2,"featured_media":357633,"comment_status":"closed","ping_status":"closed","sticky":false,"template":"","format":"standard","meta":{"_acf_changed":false,"footnotes":""},"categories":[159],"tags":[],"class_list":["post-357632","post","type-post","status-publish","format-standard","has-post-thumbnail","hentry","category-apocalipse"],"acf":[],"yoast_head":"<!-- This site is optimized with the Yoast SEO plugin v27.2 - https:\/\/yoast.com\/product\/yoast-seo-wordpress\/ -->\n<title>R\u00fassia vai responsabilizar ag\u00eancia at\u00f4mica por ataques a usinas do Ir\u00e3 - Notibras<\/title>\n<meta name=\"robots\" content=\"index, follow, max-snippet:-1, max-image-preview:large, max-video-preview:-1\" \/>\n<link rel=\"canonical\" href=\"https:\/\/www.notibras.com\/site\/russia-vai-responsabilizar-agencia-atomica-por-ataques-a-usinas-do-ira\/\" \/>\n<meta property=\"og:locale\" content=\"pt_BR\" \/>\n<meta property=\"og:type\" content=\"article\" \/>\n<meta property=\"og:title\" content=\"R\u00fassia vai responsabilizar ag\u00eancia at\u00f4mica por ataques a usinas do Ir\u00e3 - Notibras\" \/>\n<meta property=\"og:description\" content=\"A lideran\u00e7a da AIEA deve ser responsabilizada por suas avalia\u00e7\u00f5es feitas poucos dias antes do in\u00edcio dos ataques ao Ir\u00e3, j\u00e1 que muitos pa\u00edses as consideram amb\u00edguas, disse o ministro das Rela\u00e7\u00f5es Exteriores da R\u00fassia, Sergey Lavrov. &#8220;Em primeiro lugar, a lideran\u00e7a da AIEA deve demonstrar responsabilidade pelas avalia\u00e7\u00f5es que publica, que j\u00e1 publicou no [&hellip;]\" \/>\n<meta property=\"og:url\" content=\"https:\/\/www.notibras.com\/site\/russia-vai-responsabilizar-agencia-atomica-por-ataques-a-usinas-do-ira\/\" \/>\n<meta property=\"og:site_name\" content=\"Notibras\" \/>\n<meta property=\"article:publisher\" content=\"https:\/\/www.facebook.com\/notibras\/\" \/>\n<meta property=\"article:published_time\" content=\"2025-07-08T09:33:51+00:00\" \/>\n<meta property=\"og:image\" content=\"https:\/\/www.notibras.com\/site\/wp-content\/uploads\/2025\/07\/1122341506_0_237_2160_1101_1920x0_80_0_0_4681eabaab47162e1db6c38be643f885.jpg.webp\" \/>\n\t<meta property=\"og:image:width\" content=\"1920\" \/>\n\t<meta property=\"og:image:height\" content=\"768\" \/>\n\t<meta property=\"og:image:type\" content=\"image\/webp\" \/>\n<meta name=\"author\" content=\"Reda\u00e7\u00e3o\" \/>\n<meta name=\"twitter:card\" content=\"summary_large_image\" \/>\n<meta name=\"twitter:creator\" content=\"@Notibras\" \/>\n<meta name=\"twitter:site\" content=\"@Notibras\" \/>\n<meta name=\"twitter:label1\" content=\"Escrito por\" \/>\n\t<meta name=\"twitter:data1\" content=\"Reda\u00e7\u00e3o\" \/>\n\t<meta name=\"twitter:label2\" content=\"Est. tempo de leitura\" \/>\n\t<meta name=\"twitter:data2\" content=\"2 minutos\" \/>\n<script type=\"application\/ld+json\" class=\"yoast-schema-graph\">{\"@context\":\"https:\/\/schema.org\",\"@graph\":[{\"@type\":\"Article\",\"@id\":\"https:\/\/www.notibras.com\/site\/russia-vai-responsabilizar-agencia-atomica-por-ataques-a-usinas-do-ira\/#article\",\"isPartOf\":{\"@id\":\"https:\/\/www.notibras.com\/site\/russia-vai-responsabilizar-agencia-atomica-por-ataques-a-usinas-do-ira\/\"},\"author\":{\"name\":\"Reda\u00e7\u00e3o\",\"@id\":\"https:\/\/www.notibras.com\/site\/#\/schema\/person\/36ab0979449956132d3e5b517ea76ac8\"},\"headline\":\"R\u00fassia vai responsabilizar ag\u00eancia at\u00f4mica por ataques a usinas do Ir\u00e3\",\"datePublished\":\"2025-07-08T09:33:51+00:00\",\"mainEntityOfPage\":{\"@id\":\"https:\/\/www.notibras.com\/site\/russia-vai-responsabilizar-agencia-atomica-por-ataques-a-usinas-do-ira\/\"},\"wordCount\":227,\"publisher\":{\"@id\":\"https:\/\/www.notibras.com\/site\/#organization\"},\"image\":{\"@id\":\"https:\/\/www.notibras.com\/site\/russia-vai-responsabilizar-agencia-atomica-por-ataques-a-usinas-do-ira\/#primaryimage\"},\"thumbnailUrl\":\"https:\/\/www.notibras.com\/site\/wp-content\/uploads\/2025\/07\/1122341506_0_237_2160_1101_1920x0_80_0_0_4681eabaab47162e1db6c38be643f885.jpg.webp\",\"articleSection\":[\"Apocalipse\"],\"inLanguage\":\"pt-BR\"},{\"@type\":\"WebPage\",\"@id\":\"https:\/\/www.notibras.com\/site\/russia-vai-responsabilizar-agencia-atomica-por-ataques-a-usinas-do-ira\/\",\"url\":\"https:\/\/www.notibras.com\/site\/russia-vai-responsabilizar-agencia-atomica-por-ataques-a-usinas-do-ira\/\",\"name\":\"R\u00fassia vai responsabilizar ag\u00eancia at\u00f4mica por ataques a usinas do Ir\u00e3 - Notibras\",\"isPartOf\":{\"@id\":\"https:\/\/www.notibras.com\/site\/#website\"},\"primaryImageOfPage\":{\"@id\":\"https:\/\/www.notibras.com\/site\/russia-vai-responsabilizar-agencia-atomica-por-ataques-a-usinas-do-ira\/#primaryimage\"},\"image\":{\"@id\":\"https:\/\/www.notibras.com\/site\/russia-vai-responsabilizar-agencia-atomica-por-ataques-a-usinas-do-ira\/#primaryimage\"},\"thumbnailUrl\":\"https:\/\/www.notibras.com\/site\/wp-content\/uploads\/2025\/07\/1122341506_0_237_2160_1101_1920x0_80_0_0_4681eabaab47162e1db6c38be643f885.jpg.webp\",\"datePublished\":\"2025-07-08T09:33:51+00:00\",\"breadcrumb\":{\"@id\":\"https:\/\/www.notibras.com\/site\/russia-vai-responsabilizar-agencia-atomica-por-ataques-a-usinas-do-ira\/#breadcrumb\"},\"inLanguage\":\"pt-BR\",\"potentialAction\":[{\"@type\":\"ReadAction\",\"target\":[\"https:\/\/www.notibras.com\/site\/russia-vai-responsabilizar-agencia-atomica-por-ataques-a-usinas-do-ira\/\"]}]},{\"@type\":\"ImageObject\",\"inLanguage\":\"pt-BR\",\"@id\":\"https:\/\/www.notibras.com\/site\/russia-vai-responsabilizar-agencia-atomica-por-ataques-a-usinas-do-ira\/#primaryimage\",\"url\":\"https:\/\/www.notibras.com\/site\/wp-content\/uploads\/2025\/07\/1122341506_0_237_2160_1101_1920x0_80_0_0_4681eabaab47162e1db6c38be643f885.jpg.webp\",\"contentUrl\":\"https:\/\/www.notibras.com\/site\/wp-content\/uploads\/2025\/07\/1122341506_0_237_2160_1101_1920x0_80_0_0_4681eabaab47162e1db6c38be643f885.jpg.webp\",\"width\":1920,\"height\":768},{\"@type\":\"BreadcrumbList\",\"@id\":\"https:\/\/www.notibras.com\/site\/russia-vai-responsabilizar-agencia-atomica-por-ataques-a-usinas-do-ira\/#breadcrumb\",\"itemListElement\":[{\"@type\":\"ListItem\",\"position\":1,\"name\":\"In\u00edcio\",\"item\":\"https:\/\/www.notibras.com\/site\/\"},{\"@type\":\"ListItem\",\"position\":2,\"name\":\"R\u00fassia vai responsabilizar ag\u00eancia at\u00f4mica por ataques a usinas do Ir\u00e3\"}]},{\"@type\":\"WebSite\",\"@id\":\"https:\/\/www.notibras.com\/site\/#website\",\"url\":\"https:\/\/www.notibras.com\/site\/\",\"name\":\"Notibras\",\"description\":\"Not\u00edcias de Bras\u00edlia, do Brasil e do Mundo\",\"publisher\":{\"@id\":\"https:\/\/www.notibras.com\/site\/#organization\"},\"potentialAction\":[{\"@type\":\"SearchAction\",\"target\":{\"@type\":\"EntryPoint\",\"urlTemplate\":\"https:\/\/www.notibras.com\/site\/?s={search_term_string}\"},\"query-input\":{\"@type\":\"PropertyValueSpecification\",\"valueRequired\":true,\"valueName\":\"search_term_string\"}}],\"inLanguage\":\"pt-BR\"},{\"@type\":\"Organization\",\"@id\":\"https:\/\/www.notibras.com\/site\/#organization\",\"name\":\"Grupo Notibras de Comunica\u00e7\u00e3o\",\"url\":\"https:\/\/www.notibras.com\/site\/\",\"logo\":{\"@type\":\"ImageObject\",\"inLanguage\":\"pt-BR\",\"@id\":\"https:\/\/www.notibras.com\/site\/#\/schema\/logo\/image\/\",\"url\":\"https:\/\/www.notibras.com\/site\/wp-content\/uploads\/2023\/01\/notibras23.png\",\"contentUrl\":\"https:\/\/www.notibras.com\/site\/wp-content\/uploads\/2023\/01\/notibras23.png\",\"width\":350,\"height\":87,\"caption\":\"Grupo Notibras de Comunica\u00e7\u00e3o\"},\"image\":{\"@id\":\"https:\/\/www.notibras.com\/site\/#\/schema\/logo\/image\/\"},\"sameAs\":[\"https:\/\/www.facebook.com\/notibras\/\",\"https:\/\/x.com\/Notibras\",\"https:\/\/www.instagram.com\/notibras\/\"]},{\"@type\":\"Person\",\"@id\":\"https:\/\/www.notibras.com\/site\/#\/schema\/person\/36ab0979449956132d3e5b517ea76ac8\",\"name\":\"Reda\u00e7\u00e3o\",\"image\":{\"@type\":\"ImageObject\",\"inLanguage\":\"pt-BR\",\"@id\":\"https:\/\/secure.gravatar.com\/avatar\/e0a867bdedb85fd243eadf09663511f96fc81e0720a4a42581f334ad4303aa6b?s=96&d=mm&r=g\",\"url\":\"https:\/\/secure.gravatar.com\/avatar\/e0a867bdedb85fd243eadf09663511f96fc81e0720a4a42581f334ad4303aa6b?s=96&d=mm&r=g\",\"contentUrl\":\"https:\/\/secure.gravatar.com\/avatar\/e0a867bdedb85fd243eadf09663511f96fc81e0720a4a42581f334ad4303aa6b?s=96&d=mm&r=g\",\"caption\":\"Reda\u00e7\u00e3o\"}}]}<\/script>\n<!-- \/ Yoast SEO plugin. -->","yoast_head_json":{"title":"R\u00fassia vai responsabilizar ag\u00eancia at\u00f4mica por ataques a usinas do Ir\u00e3 - Notibras","robots":{"index":"index","follow":"follow","max-snippet":"max-snippet:-1","max-image-preview":"max-image-preview:large","max-video-preview":"max-video-preview:-1"},"canonical":"https:\/\/www.notibras.com\/site\/russia-vai-responsabilizar-agencia-atomica-por-ataques-a-usinas-do-ira\/","og_locale":"pt_BR","og_type":"article","og_title":"R\u00fassia vai responsabilizar ag\u00eancia at\u00f4mica por ataques a usinas do Ir\u00e3 - Notibras","og_description":"A lideran\u00e7a da AIEA deve ser responsabilizada por suas avalia\u00e7\u00f5es feitas poucos dias antes do in\u00edcio dos ataques ao Ir\u00e3, j\u00e1 que muitos pa\u00edses as consideram amb\u00edguas, disse o ministro das Rela\u00e7\u00f5es Exteriores da R\u00fassia, Sergey Lavrov. &#8220;Em primeiro lugar, a lideran\u00e7a da AIEA deve demonstrar responsabilidade pelas avalia\u00e7\u00f5es que publica, que j\u00e1 publicou no [&hellip;]","og_url":"https:\/\/www.notibras.com\/site\/russia-vai-responsabilizar-agencia-atomica-por-ataques-a-usinas-do-ira\/","og_site_name":"Notibras","article_publisher":"https:\/\/www.facebook.com\/notibras\/","article_published_time":"2025-07-08T09:33:51+00:00","og_image":[{"width":1920,"height":768,"url":"https:\/\/www.notibras.com\/site\/wp-content\/uploads\/2025\/07\/1122341506_0_237_2160_1101_1920x0_80_0_0_4681eabaab47162e1db6c38be643f885.jpg.webp","type":"image\/webp"}],"author":"Reda\u00e7\u00e3o","twitter_card":"summary_large_image","twitter_creator":"@Notibras","twitter_site":"@Notibras","twitter_misc":{"Escrito por":"Reda\u00e7\u00e3o","Est. tempo de leitura":"2 minutos"},"schema":{"@context":"https:\/\/schema.org","@graph":[{"@type":"Article","@id":"https:\/\/www.notibras.com\/site\/russia-vai-responsabilizar-agencia-atomica-por-ataques-a-usinas-do-ira\/#article","isPartOf":{"@id":"https:\/\/www.notibras.com\/site\/russia-vai-responsabilizar-agencia-atomica-por-ataques-a-usinas-do-ira\/"},"author":{"name":"Reda\u00e7\u00e3o","@id":"https:\/\/www.notibras.com\/site\/#\/schema\/person\/36ab0979449956132d3e5b517ea76ac8"},"headline":"R\u00fassia vai responsabilizar ag\u00eancia at\u00f4mica por ataques a usinas do Ir\u00e3","datePublished":"2025-07-08T09:33:51+00:00","mainEntityOfPage":{"@id":"https:\/\/www.notibras.com\/site\/russia-vai-responsabilizar-agencia-atomica-por-ataques-a-usinas-do-ira\/"},"wordCount":227,"publisher":{"@id":"https:\/\/www.notibras.com\/site\/#organization"},"image":{"@id":"https:\/\/www.notibras.com\/site\/russia-vai-responsabilizar-agencia-atomica-por-ataques-a-usinas-do-ira\/#primaryimage"},"thumbnailUrl":"https:\/\/www.notibras.com\/site\/wp-content\/uploads\/2025\/07\/1122341506_0_237_2160_1101_1920x0_80_0_0_4681eabaab47162e1db6c38be643f885.jpg.webp","articleSection":["Apocalipse"],"inLanguage":"pt-BR"},{"@type":"WebPage","@id":"https:\/\/www.notibras.com\/site\/russia-vai-responsabilizar-agencia-atomica-por-ataques-a-usinas-do-ira\/","url":"https:\/\/www.notibras.com\/site\/russia-vai-responsabilizar-agencia-atomica-por-ataques-a-usinas-do-ira\/","name":"R\u00fassia vai responsabilizar ag\u00eancia at\u00f4mica por ataques a usinas do Ir\u00e3 - Notibras","isPartOf":{"@id":"https:\/\/www.notibras.com\/site\/#website"},"primaryImageOfPage":{"@id":"https:\/\/www.notibras.com\/site\/russia-vai-responsabilizar-agencia-atomica-por-ataques-a-usinas-do-ira\/#primaryimage"},"image":{"@id":"https:\/\/www.notibras.com\/site\/russia-vai-responsabilizar-agencia-atomica-por-ataques-a-usinas-do-ira\/#primaryimage"},"thumbnailUrl":"https:\/\/www.notibras.com\/site\/wp-content\/uploads\/2025\/07\/1122341506_0_237_2160_1101_1920x0_80_0_0_4681eabaab47162e1db6c38be643f885.jpg.webp","datePublished":"2025-07-08T09:33:51+00:00","breadcrumb":{"@id":"https:\/\/www.notibras.com\/site\/russia-vai-responsabilizar-agencia-atomica-por-ataques-a-usinas-do-ira\/#breadcrumb"},"inLanguage":"pt-BR","potentialAction":[{"@type":"ReadAction","target":["https:\/\/www.notibras.com\/site\/russia-vai-responsabilizar-agencia-atomica-por-ataques-a-usinas-do-ira\/"]}]},{"@type":"ImageObject","inLanguage":"pt-BR","@id":"https:\/\/www.notibras.com\/site\/russia-vai-responsabilizar-agencia-atomica-por-ataques-a-usinas-do-ira\/#primaryimage","url":"https:\/\/www.notibras.com\/site\/wp-content\/uploads\/2025\/07\/1122341506_0_237_2160_1101_1920x0_80_0_0_4681eabaab47162e1db6c38be643f885.jpg.webp","contentUrl":"https:\/\/www.notibras.com\/site\/wp-content\/uploads\/2025\/07\/1122341506_0_237_2160_1101_1920x0_80_0_0_4681eabaab47162e1db6c38be643f885.jpg.webp","width":1920,"height":768},{"@type":"BreadcrumbList","@id":"https:\/\/www.notibras.com\/site\/russia-vai-responsabilizar-agencia-atomica-por-ataques-a-usinas-do-ira\/#breadcrumb","itemListElement":[{"@type":"ListItem","position":1,"name":"In\u00edcio","item":"https:\/\/www.notibras.com\/site\/"},{"@type":"ListItem","position":2,"name":"R\u00fassia vai responsabilizar ag\u00eancia at\u00f4mica por ataques a usinas do Ir\u00e3"}]},{"@type":"WebSite","@id":"https:\/\/www.notibras.com\/site\/#website","url":"https:\/\/www.notibras.com\/site\/","name":"Notibras","description":"Not\u00edcias de Bras\u00edlia, do Brasil e do Mundo","publisher":{"@id":"https:\/\/www.notibras.com\/site\/#organization"},"potentialAction":[{"@type":"SearchAction","target":{"@type":"EntryPoint","urlTemplate":"https:\/\/www.notibras.com\/site\/?s={search_term_string}"},"query-input":{"@type":"PropertyValueSpecification","valueRequired":true,"valueName":"search_term_string"}}],"inLanguage":"pt-BR"},{"@type":"Organization","@id":"https:\/\/www.notibras.com\/site\/#organization","name":"Grupo Notibras de Comunica\u00e7\u00e3o","url":"https:\/\/www.notibras.com\/site\/","logo":{"@type":"ImageObject","inLanguage":"pt-BR","@id":"https:\/\/www.notibras.com\/site\/#\/schema\/logo\/image\/","url":"https:\/\/www.notibras.com\/site\/wp-content\/uploads\/2023\/01\/notibras23.png","contentUrl":"https:\/\/www.notibras.com\/site\/wp-content\/uploads\/2023\/01\/notibras23.png","width":350,"height":87,"caption":"Grupo Notibras de Comunica\u00e7\u00e3o"},"image":{"@id":"https:\/\/www.notibras.com\/site\/#\/schema\/logo\/image\/"},"sameAs":["https:\/\/www.facebook.com\/notibras\/","https:\/\/x.com\/Notibras","https:\/\/www.instagram.com\/notibras\/"]},{"@type":"Person","@id":"https:\/\/www.notibras.com\/site\/#\/schema\/person\/36ab0979449956132d3e5b517ea76ac8","name":"Reda\u00e7\u00e3o","image":{"@type":"ImageObject","inLanguage":"pt-BR","@id":"https:\/\/secure.gravatar.com\/avatar\/e0a867bdedb85fd243eadf09663511f96fc81e0720a4a42581f334ad4303aa6b?s=96&d=mm&r=g","url":"https:\/\/secure.gravatar.com\/avatar\/e0a867bdedb85fd243eadf09663511f96fc81e0720a4a42581f334ad4303aa6b?s=96&d=mm&r=g","contentUrl":"https:\/\/secure.gravatar.com\/avatar\/e0a867bdedb85fd243eadf09663511f96fc81e0720a4a42581f334ad4303aa6b?s=96&d=mm&r=g","caption":"Reda\u00e7\u00e3o"}}]}},"amp_enabled":true,"_links":{"self":[{"href":"https:\/\/www.notibras.com\/site\/wp-json\/wp\/v2\/posts\/357632","targetHints":{"allow":["GET"]}}],"collection":[{"href":"https:\/\/www.notibras.com\/site\/wp-json\/wp\/v2\/posts"}],"about":[{"href":"https:\/\/www.notibras.com\/site\/wp-json\/wp\/v2\/types\/post"}],"author":[{"embeddable":true,"href":"https:\/\/www.notibras.com\/site\/wp-json\/wp\/v2\/users\/2"}],"replies":[{"embeddable":true,"href":"https:\/\/www.notibras.com\/site\/wp-json\/wp\/v2\/comments?post=357632"}],"version-history":[{"count":1,"href":"https:\/\/www.notibras.com\/site\/wp-json\/wp\/v2\/posts\/357632\/revisions"}],"predecessor-version":[{"id":357634,"href":"https:\/\/www.notibras.com\/site\/wp-json\/wp\/v2\/posts\/357632\/revisions\/357634"}],"wp:featuredmedia":[{"embeddable":true,"href":"https:\/\/www.notibras.com\/site\/wp-json\/wp\/v2\/media\/357633"}],"wp:attachment":[{"href":"https:\/\/www.notibras.com\/site\/wp-json\/wp\/v2\/media?parent=357632"}],"wp:term":[{"taxonomy":"category","embeddable":true,"href":"https:\/\/www.notibras.com\/site\/wp-json\/wp\/v2\/categories?post=357632"},{"taxonomy":"post_tag","embeddable":true,"href":"https:\/\/www.notibras.com\/site\/wp-json\/wp\/v2\/tags?post=357632"}],"curies":[{"name":"wp","href":"https:\/\/api.w.org\/{rel}","templated":true}]}}