{"id":357671,"date":"2025-07-08T08:15:15","date_gmt":"2025-07-08T11:15:15","guid":{"rendered":"https:\/\/www.notibras.com\/site\/?p=357671"},"modified":"2025-07-08T11:36:49","modified_gmt":"2025-07-08T14:36:49","slug":"chuva-da-pausa-no-nordeste-e-criancada-vai-para-praia","status":"publish","type":"post","link":"https:\/\/www.notibras.com\/site\/chuva-da-pausa-no-nordeste-e-criancada-vai-para-praia\/","title":{"rendered":"Chuva d\u00e1 pausa no Nordeste e crian\u00e7ada vai para praia"},"content":{"rendered":"<p>Era um dia comum, mas para aquelas crian\u00e7as nordestinas, seria lembrado como o mais especial. Ap\u00f3s dias seguidos de chuva, o c\u00e9u azul se estendia sem pressa sobre o horizonte, e o som das ondas parecia chamar cada cora\u00e7\u00e3o inocente que pisava pela primeira vez na areia.<\/p>\n<p>Os pequenos corriam, com os olhos arregalados e o peito acelerado. Alguns vinham do sert\u00e3o, onde o mar era apenas uma hist\u00f3ria contada pelos mais velhos ou uma imagem vista na televis\u00e3o. Agora, ali, diante daquele imenso espelho azul, era como se estivessem diante de um sonho materializado.<\/p>\n<p>O primeiro toque da \u00e1gua nos p\u00e9s foi m\u00e1gico. Gritos de alegria ecoaram, risos soltos se misturaram com o barulho das ondas. Os olhinhos brilhavam como estrelas. Era imposs\u00edvel conter a emo\u00e7\u00e3o \u2014 alguns se calavam, outros pulavam sem parar, mas todos, sem exce\u00e7\u00e3o, traziam no rosto o mais puro dos sorrisos.<\/p>\n<p>Era felicidade sem filtro, sem cobran\u00e7a, sem pressa. A alegria de sentir o mar, de descobrir o sal, de ver os barcos ao longe e imaginar que o mundo era ainda maior do que podiam supor.<\/p>\n<p>Naquela manh\u00e3 simples, entre castelos de areia e mergulhos rasos, morava um momento eterno. Um instante em que a inf\u00e2ncia nordestina, tantas vezes marcada pela seca e pelas dificuldades, se banhava em esperan\u00e7a e beleza.<\/p>\n<p>O mar acolhia cada um como um velho amigo. E o cora\u00e7\u00e3o das crian\u00e7as, t\u00e3o grande quanto aquele oceano, guardava mais do que lembran\u00e7as: guardava uma emo\u00e7\u00e3o que nunca iria embora.<\/p>\n","protected":false},"excerpt":{"rendered":"<p>Era um dia comum, mas para aquelas crian\u00e7as nordestinas, seria lembrado como o mais especial. Ap\u00f3s dias seguidos de chuva, o c\u00e9u azul se estendia sem pressa sobre o horizonte, e o som das ondas parecia chamar cada cora\u00e7\u00e3o inocente que pisava pela primeira vez na areia. Os pequenos corriam, com os olhos arregalados e [&hellip;]<\/p>\n","protected":false},"author":2,"featured_media":357702,"comment_status":"closed","ping_status":"closed","sticky":false,"template":"","format":"standard","meta":{"_acf_changed":false,"footnotes":""},"categories":[165],"tags":[],"class_list":["post-357671","post","type-post","status-publish","format-standard","has-post-thumbnail","hentry","category-nordeste"],"acf":[],"_links":{"self":[{"href":"https:\/\/www.notibras.com\/site\/wp-json\/wp\/v2\/posts\/357671","targetHints":{"allow":["GET"]}}],"collection":[{"href":"https:\/\/www.notibras.com\/site\/wp-json\/wp\/v2\/posts"}],"about":[{"href":"https:\/\/www.notibras.com\/site\/wp-json\/wp\/v2\/types\/post"}],"author":[{"embeddable":true,"href":"https:\/\/www.notibras.com\/site\/wp-json\/wp\/v2\/users\/2"}],"replies":[{"embeddable":true,"href":"https:\/\/www.notibras.com\/site\/wp-json\/wp\/v2\/comments?post=357671"}],"version-history":[{"count":3,"href":"https:\/\/www.notibras.com\/site\/wp-json\/wp\/v2\/posts\/357671\/revisions"}],"predecessor-version":[{"id":357676,"href":"https:\/\/www.notibras.com\/site\/wp-json\/wp\/v2\/posts\/357671\/revisions\/357676"}],"wp:featuredmedia":[{"embeddable":true,"href":"https:\/\/www.notibras.com\/site\/wp-json\/wp\/v2\/media\/357702"}],"wp:attachment":[{"href":"https:\/\/www.notibras.com\/site\/wp-json\/wp\/v2\/media?parent=357671"}],"wp:term":[{"taxonomy":"category","embeddable":true,"href":"https:\/\/www.notibras.com\/site\/wp-json\/wp\/v2\/categories?post=357671"},{"taxonomy":"post_tag","embeddable":true,"href":"https:\/\/www.notibras.com\/site\/wp-json\/wp\/v2\/tags?post=357671"}],"curies":[{"name":"wp","href":"https:\/\/api.w.org\/{rel}","templated":true}]}}