{"id":357677,"date":"2025-07-08T08:21:41","date_gmt":"2025-07-08T11:21:41","guid":{"rendered":"https:\/\/www.notibras.com\/site\/?p=357677"},"modified":"2025-07-08T08:22:57","modified_gmt":"2025-07-08T11:22:57","slug":"escola-de-danca-da-bahia-abre-1-mil-100-vagas-para-cursos-livres-a-100-reais","status":"publish","type":"post","link":"https:\/\/www.notibras.com\/site\/escola-de-danca-da-bahia-abre-1-mil-100-vagas-para-cursos-livres-a-100-reais\/","title":{"rendered":"Escola de Dan\u00e7a da Bahia abre 1 mil 100 vagas para Cursos Livres a 100 reais"},"content":{"rendered":"<p>Est\u00e1 aberta a temporada para quem quer se jogar na dan\u00e7a e experimentar novas linguagens do corpo. A Funda\u00e7\u00e3o Cultural do Estado da Bahia (Funceb), atrav\u00e9s do Centro de Forma\u00e7\u00e3o em Artes (CFA), anuncia as inscri\u00e7\u00f5es para os Cursos Livres 2025.2 da Escola de Dan\u00e7a, com 1.100 vagas distribu\u00eddas em 34 modalidades, voltadas a pessoas com ou sem experi\u00eancia a partir dos 15 anos.<\/p>\n<p>As aulas acontecem entre 7 de julho e 13 de dezembro de 2025, com encontros presenciais em dias e hor\u00e1rios diversos, de segunda a s\u00e1bado, na pr\u00f3pria sede da Escola de Dan\u00e7a e no Centro de Forma\u00e7\u00e3o em Artes (CFA), ambos localizados no Pelourinho \u2013 cora\u00e7\u00e3o cultural de Salvador.<\/p>\n<p>Com valores acess\u00edveis \u2013 R$ 100 mensais ou R$ 40 por aula avulsa \u2013, o pagamento \u00e9 feito diretamente com o professor ou professora respons\u00e1vel pela turma. A proposta \u00e9 garantir flexibilidade e democratiza\u00e7\u00e3o do acesso \u00e0 dan\u00e7a como forma de express\u00e3o, sa\u00fade e forma\u00e7\u00e3o.<\/p>\n<p>Entre as modalidades ofertadas est\u00e3o ritmos e t\u00e9cnicas que dialogam com diferentes corpos e viv\u00eancias: Afrobeats, Street Jazz, Dan\u00e7a Charme, Pole Dance Circus, Vogue Femme e Dan\u00e7a A\u00e9rea em Tecido, s\u00f3 para citar algumas. A ideia \u00e9 ampliar o alcance da dan\u00e7a contempor\u00e2nea e urbana, misturando tradi\u00e7\u00e3o, inova\u00e7\u00e3o e muita criatividade em uma programa\u00e7\u00e3o diversa e inclusiva.<\/p>\n","protected":false},"excerpt":{"rendered":"<p>Est\u00e1 aberta a temporada para quem quer se jogar na dan\u00e7a e experimentar novas linguagens do corpo. A Funda\u00e7\u00e3o Cultural do Estado da Bahia (Funceb), atrav\u00e9s do Centro de Forma\u00e7\u00e3o em Artes (CFA), anuncia as inscri\u00e7\u00f5es para os Cursos Livres 2025.2 da Escola de Dan\u00e7a, com 1.100 vagas distribu\u00eddas em 34 modalidades, voltadas a pessoas [&hellip;]<\/p>\n","protected":false},"author":2,"featured_media":357678,"comment_status":"closed","ping_status":"closed","sticky":false,"template":"","format":"standard","meta":{"_acf_changed":false,"footnotes":""},"categories":[165],"tags":[],"class_list":["post-357677","post","type-post","status-publish","format-standard","has-post-thumbnail","hentry","category-nordeste"],"acf":[],"yoast_head":"<!-- This site is optimized with the Yoast SEO plugin v27.2 - https:\/\/yoast.com\/product\/yoast-seo-wordpress\/ -->\n<title>Escola de Dan\u00e7a da Bahia abre 1 mil 100 vagas para Cursos Livres a 100 reais - Notibras<\/title>\n<meta name=\"robots\" content=\"index, follow, max-snippet:-1, max-image-preview:large, max-video-preview:-1\" \/>\n<link rel=\"canonical\" href=\"https:\/\/www.notibras.com\/site\/escola-de-danca-da-bahia-abre-1-mil-100-vagas-para-cursos-livres-a-100-reais\/\" \/>\n<meta property=\"og:locale\" content=\"pt_BR\" \/>\n<meta property=\"og:type\" content=\"article\" \/>\n<meta property=\"og:title\" content=\"Escola de Dan\u00e7a da Bahia abre 1 mil 100 vagas para Cursos Livres a 100 reais - Notibras\" \/>\n<meta property=\"og:description\" content=\"Est\u00e1 aberta a temporada para quem quer se jogar na dan\u00e7a e experimentar novas linguagens do corpo. A Funda\u00e7\u00e3o Cultural do Estado da Bahia (Funceb), atrav\u00e9s do Centro de Forma\u00e7\u00e3o em Artes (CFA), anuncia as inscri\u00e7\u00f5es para os Cursos Livres 2025.2 da Escola de Dan\u00e7a, com 1.100 vagas distribu\u00eddas em 34 modalidades, voltadas a pessoas [&hellip;]\" \/>\n<meta property=\"og:url\" content=\"https:\/\/www.notibras.com\/site\/escola-de-danca-da-bahia-abre-1-mil-100-vagas-para-cursos-livres-a-100-reais\/\" \/>\n<meta property=\"og:site_name\" content=\"Notibras\" \/>\n<meta property=\"article:publisher\" content=\"https:\/\/www.facebook.com\/notibras\/\" \/>\n<meta property=\"article:published_time\" content=\"2025-07-08T11:21:41+00:00\" \/>\n<meta property=\"article:modified_time\" content=\"2025-07-08T11:22:57+00:00\" \/>\n<meta property=\"og:image\" content=\"https:\/\/www.notibras.com\/site\/wp-content\/uploads\/2025\/07\/a-7-1-696x464-1.jpg\" \/>\n\t<meta property=\"og:image:width\" content=\"696\" \/>\n\t<meta property=\"og:image:height\" content=\"464\" \/>\n\t<meta property=\"og:image:type\" content=\"image\/jpeg\" \/>\n<meta name=\"author\" content=\"Reda\u00e7\u00e3o\" \/>\n<meta name=\"twitter:card\" content=\"summary_large_image\" \/>\n<meta name=\"twitter:creator\" content=\"@Notibras\" \/>\n<meta name=\"twitter:site\" content=\"@Notibras\" \/>\n<meta name=\"twitter:label1\" content=\"Escrito por\" \/>\n\t<meta name=\"twitter:data1\" content=\"Reda\u00e7\u00e3o\" \/>\n\t<meta name=\"twitter:label2\" content=\"Est. tempo de leitura\" \/>\n\t<meta name=\"twitter:data2\" content=\"2 minutos\" \/>\n<script type=\"application\/ld+json\" class=\"yoast-schema-graph\">{\"@context\":\"https:\/\/schema.org\",\"@graph\":[{\"@type\":\"Article\",\"@id\":\"https:\/\/www.notibras.com\/site\/escola-de-danca-da-bahia-abre-1-mil-100-vagas-para-cursos-livres-a-100-reais\/#article\",\"isPartOf\":{\"@id\":\"https:\/\/www.notibras.com\/site\/escola-de-danca-da-bahia-abre-1-mil-100-vagas-para-cursos-livres-a-100-reais\/\"},\"author\":{\"name\":\"Reda\u00e7\u00e3o\",\"@id\":\"https:\/\/www.notibras.com\/site\/#\/schema\/person\/36ab0979449956132d3e5b517ea76ac8\"},\"headline\":\"Escola de Dan\u00e7a da Bahia abre 1 mil 100 vagas para Cursos Livres a 100 reais\",\"datePublished\":\"2025-07-08T11:21:41+00:00\",\"dateModified\":\"2025-07-08T11:22:57+00:00\",\"mainEntityOfPage\":{\"@id\":\"https:\/\/www.notibras.com\/site\/escola-de-danca-da-bahia-abre-1-mil-100-vagas-para-cursos-livres-a-100-reais\/\"},\"wordCount\":245,\"publisher\":{\"@id\":\"https:\/\/www.notibras.com\/site\/#organization\"},\"image\":{\"@id\":\"https:\/\/www.notibras.com\/site\/escola-de-danca-da-bahia-abre-1-mil-100-vagas-para-cursos-livres-a-100-reais\/#primaryimage\"},\"thumbnailUrl\":\"https:\/\/www.notibras.com\/site\/wp-content\/uploads\/2025\/07\/a-7-1-696x464-1.jpg\",\"articleSection\":[\"Nordeste\"],\"inLanguage\":\"pt-BR\"},{\"@type\":\"WebPage\",\"@id\":\"https:\/\/www.notibras.com\/site\/escola-de-danca-da-bahia-abre-1-mil-100-vagas-para-cursos-livres-a-100-reais\/\",\"url\":\"https:\/\/www.notibras.com\/site\/escola-de-danca-da-bahia-abre-1-mil-100-vagas-para-cursos-livres-a-100-reais\/\",\"name\":\"Escola de Dan\u00e7a da Bahia abre 1 mil 100 vagas para Cursos Livres a 100 reais - Notibras\",\"isPartOf\":{\"@id\":\"https:\/\/www.notibras.com\/site\/#website\"},\"primaryImageOfPage\":{\"@id\":\"https:\/\/www.notibras.com\/site\/escola-de-danca-da-bahia-abre-1-mil-100-vagas-para-cursos-livres-a-100-reais\/#primaryimage\"},\"image\":{\"@id\":\"https:\/\/www.notibras.com\/site\/escola-de-danca-da-bahia-abre-1-mil-100-vagas-para-cursos-livres-a-100-reais\/#primaryimage\"},\"thumbnailUrl\":\"https:\/\/www.notibras.com\/site\/wp-content\/uploads\/2025\/07\/a-7-1-696x464-1.jpg\",\"datePublished\":\"2025-07-08T11:21:41+00:00\",\"dateModified\":\"2025-07-08T11:22:57+00:00\",\"breadcrumb\":{\"@id\":\"https:\/\/www.notibras.com\/site\/escola-de-danca-da-bahia-abre-1-mil-100-vagas-para-cursos-livres-a-100-reais\/#breadcrumb\"},\"inLanguage\":\"pt-BR\",\"potentialAction\":[{\"@type\":\"ReadAction\",\"target\":[\"https:\/\/www.notibras.com\/site\/escola-de-danca-da-bahia-abre-1-mil-100-vagas-para-cursos-livres-a-100-reais\/\"]}]},{\"@type\":\"ImageObject\",\"inLanguage\":\"pt-BR\",\"@id\":\"https:\/\/www.notibras.com\/site\/escola-de-danca-da-bahia-abre-1-mil-100-vagas-para-cursos-livres-a-100-reais\/#primaryimage\",\"url\":\"https:\/\/www.notibras.com\/site\/wp-content\/uploads\/2025\/07\/a-7-1-696x464-1.jpg\",\"contentUrl\":\"https:\/\/www.notibras.com\/site\/wp-content\/uploads\/2025\/07\/a-7-1-696x464-1.jpg\",\"width\":696,\"height\":464},{\"@type\":\"BreadcrumbList\",\"@id\":\"https:\/\/www.notibras.com\/site\/escola-de-danca-da-bahia-abre-1-mil-100-vagas-para-cursos-livres-a-100-reais\/#breadcrumb\",\"itemListElement\":[{\"@type\":\"ListItem\",\"position\":1,\"name\":\"In\u00edcio\",\"item\":\"https:\/\/www.notibras.com\/site\/\"},{\"@type\":\"ListItem\",\"position\":2,\"name\":\"Escola de Dan\u00e7a da Bahia abre 1 mil 100 vagas para Cursos Livres a 100 reais\"}]},{\"@type\":\"WebSite\",\"@id\":\"https:\/\/www.notibras.com\/site\/#website\",\"url\":\"https:\/\/www.notibras.com\/site\/\",\"name\":\"Notibras\",\"description\":\"Not\u00edcias de Bras\u00edlia, do Brasil e do Mundo\",\"publisher\":{\"@id\":\"https:\/\/www.notibras.com\/site\/#organization\"},\"potentialAction\":[{\"@type\":\"SearchAction\",\"target\":{\"@type\":\"EntryPoint\",\"urlTemplate\":\"https:\/\/www.notibras.com\/site\/?s={search_term_string}\"},\"query-input\":{\"@type\":\"PropertyValueSpecification\",\"valueRequired\":true,\"valueName\":\"search_term_string\"}}],\"inLanguage\":\"pt-BR\"},{\"@type\":\"Organization\",\"@id\":\"https:\/\/www.notibras.com\/site\/#organization\",\"name\":\"Grupo Notibras de Comunica\u00e7\u00e3o\",\"url\":\"https:\/\/www.notibras.com\/site\/\",\"logo\":{\"@type\":\"ImageObject\",\"inLanguage\":\"pt-BR\",\"@id\":\"https:\/\/www.notibras.com\/site\/#\/schema\/logo\/image\/\",\"url\":\"https:\/\/www.notibras.com\/site\/wp-content\/uploads\/2023\/01\/notibras23.png\",\"contentUrl\":\"https:\/\/www.notibras.com\/site\/wp-content\/uploads\/2023\/01\/notibras23.png\",\"width\":350,\"height\":87,\"caption\":\"Grupo Notibras de Comunica\u00e7\u00e3o\"},\"image\":{\"@id\":\"https:\/\/www.notibras.com\/site\/#\/schema\/logo\/image\/\"},\"sameAs\":[\"https:\/\/www.facebook.com\/notibras\/\",\"https:\/\/x.com\/Notibras\",\"https:\/\/www.instagram.com\/notibras\/\"]},{\"@type\":\"Person\",\"@id\":\"https:\/\/www.notibras.com\/site\/#\/schema\/person\/36ab0979449956132d3e5b517ea76ac8\",\"name\":\"Reda\u00e7\u00e3o\",\"image\":{\"@type\":\"ImageObject\",\"inLanguage\":\"pt-BR\",\"@id\":\"https:\/\/secure.gravatar.com\/avatar\/e0a867bdedb85fd243eadf09663511f96fc81e0720a4a42581f334ad4303aa6b?s=96&d=mm&r=g\",\"url\":\"https:\/\/secure.gravatar.com\/avatar\/e0a867bdedb85fd243eadf09663511f96fc81e0720a4a42581f334ad4303aa6b?s=96&d=mm&r=g\",\"contentUrl\":\"https:\/\/secure.gravatar.com\/avatar\/e0a867bdedb85fd243eadf09663511f96fc81e0720a4a42581f334ad4303aa6b?s=96&d=mm&r=g\",\"caption\":\"Reda\u00e7\u00e3o\"}}]}<\/script>\n<!-- \/ Yoast SEO plugin. -->","yoast_head_json":{"title":"Escola de Dan\u00e7a da Bahia abre 1 mil 100 vagas para Cursos Livres a 100 reais - Notibras","robots":{"index":"index","follow":"follow","max-snippet":"max-snippet:-1","max-image-preview":"max-image-preview:large","max-video-preview":"max-video-preview:-1"},"canonical":"https:\/\/www.notibras.com\/site\/escola-de-danca-da-bahia-abre-1-mil-100-vagas-para-cursos-livres-a-100-reais\/","og_locale":"pt_BR","og_type":"article","og_title":"Escola de Dan\u00e7a da Bahia abre 1 mil 100 vagas para Cursos Livres a 100 reais - Notibras","og_description":"Est\u00e1 aberta a temporada para quem quer se jogar na dan\u00e7a e experimentar novas linguagens do corpo. A Funda\u00e7\u00e3o Cultural do Estado da Bahia (Funceb), atrav\u00e9s do Centro de Forma\u00e7\u00e3o em Artes (CFA), anuncia as inscri\u00e7\u00f5es para os Cursos Livres 2025.2 da Escola de Dan\u00e7a, com 1.100 vagas distribu\u00eddas em 34 modalidades, voltadas a pessoas [&hellip;]","og_url":"https:\/\/www.notibras.com\/site\/escola-de-danca-da-bahia-abre-1-mil-100-vagas-para-cursos-livres-a-100-reais\/","og_site_name":"Notibras","article_publisher":"https:\/\/www.facebook.com\/notibras\/","article_published_time":"2025-07-08T11:21:41+00:00","article_modified_time":"2025-07-08T11:22:57+00:00","og_image":[{"width":696,"height":464,"url":"https:\/\/www.notibras.com\/site\/wp-content\/uploads\/2025\/07\/a-7-1-696x464-1.jpg","type":"image\/jpeg"}],"author":"Reda\u00e7\u00e3o","twitter_card":"summary_large_image","twitter_creator":"@Notibras","twitter_site":"@Notibras","twitter_misc":{"Escrito por":"Reda\u00e7\u00e3o","Est. tempo de leitura":"2 minutos"},"schema":{"@context":"https:\/\/schema.org","@graph":[{"@type":"Article","@id":"https:\/\/www.notibras.com\/site\/escola-de-danca-da-bahia-abre-1-mil-100-vagas-para-cursos-livres-a-100-reais\/#article","isPartOf":{"@id":"https:\/\/www.notibras.com\/site\/escola-de-danca-da-bahia-abre-1-mil-100-vagas-para-cursos-livres-a-100-reais\/"},"author":{"name":"Reda\u00e7\u00e3o","@id":"https:\/\/www.notibras.com\/site\/#\/schema\/person\/36ab0979449956132d3e5b517ea76ac8"},"headline":"Escola de Dan\u00e7a da Bahia abre 1 mil 100 vagas para Cursos Livres a 100 reais","datePublished":"2025-07-08T11:21:41+00:00","dateModified":"2025-07-08T11:22:57+00:00","mainEntityOfPage":{"@id":"https:\/\/www.notibras.com\/site\/escola-de-danca-da-bahia-abre-1-mil-100-vagas-para-cursos-livres-a-100-reais\/"},"wordCount":245,"publisher":{"@id":"https:\/\/www.notibras.com\/site\/#organization"},"image":{"@id":"https:\/\/www.notibras.com\/site\/escola-de-danca-da-bahia-abre-1-mil-100-vagas-para-cursos-livres-a-100-reais\/#primaryimage"},"thumbnailUrl":"https:\/\/www.notibras.com\/site\/wp-content\/uploads\/2025\/07\/a-7-1-696x464-1.jpg","articleSection":["Nordeste"],"inLanguage":"pt-BR"},{"@type":"WebPage","@id":"https:\/\/www.notibras.com\/site\/escola-de-danca-da-bahia-abre-1-mil-100-vagas-para-cursos-livres-a-100-reais\/","url":"https:\/\/www.notibras.com\/site\/escola-de-danca-da-bahia-abre-1-mil-100-vagas-para-cursos-livres-a-100-reais\/","name":"Escola de Dan\u00e7a da Bahia abre 1 mil 100 vagas para Cursos Livres a 100 reais - Notibras","isPartOf":{"@id":"https:\/\/www.notibras.com\/site\/#website"},"primaryImageOfPage":{"@id":"https:\/\/www.notibras.com\/site\/escola-de-danca-da-bahia-abre-1-mil-100-vagas-para-cursos-livres-a-100-reais\/#primaryimage"},"image":{"@id":"https:\/\/www.notibras.com\/site\/escola-de-danca-da-bahia-abre-1-mil-100-vagas-para-cursos-livres-a-100-reais\/#primaryimage"},"thumbnailUrl":"https:\/\/www.notibras.com\/site\/wp-content\/uploads\/2025\/07\/a-7-1-696x464-1.jpg","datePublished":"2025-07-08T11:21:41+00:00","dateModified":"2025-07-08T11:22:57+00:00","breadcrumb":{"@id":"https:\/\/www.notibras.com\/site\/escola-de-danca-da-bahia-abre-1-mil-100-vagas-para-cursos-livres-a-100-reais\/#breadcrumb"},"inLanguage":"pt-BR","potentialAction":[{"@type":"ReadAction","target":["https:\/\/www.notibras.com\/site\/escola-de-danca-da-bahia-abre-1-mil-100-vagas-para-cursos-livres-a-100-reais\/"]}]},{"@type":"ImageObject","inLanguage":"pt-BR","@id":"https:\/\/www.notibras.com\/site\/escola-de-danca-da-bahia-abre-1-mil-100-vagas-para-cursos-livres-a-100-reais\/#primaryimage","url":"https:\/\/www.notibras.com\/site\/wp-content\/uploads\/2025\/07\/a-7-1-696x464-1.jpg","contentUrl":"https:\/\/www.notibras.com\/site\/wp-content\/uploads\/2025\/07\/a-7-1-696x464-1.jpg","width":696,"height":464},{"@type":"BreadcrumbList","@id":"https:\/\/www.notibras.com\/site\/escola-de-danca-da-bahia-abre-1-mil-100-vagas-para-cursos-livres-a-100-reais\/#breadcrumb","itemListElement":[{"@type":"ListItem","position":1,"name":"In\u00edcio","item":"https:\/\/www.notibras.com\/site\/"},{"@type":"ListItem","position":2,"name":"Escola de Dan\u00e7a da Bahia abre 1 mil 100 vagas para Cursos Livres a 100 reais"}]},{"@type":"WebSite","@id":"https:\/\/www.notibras.com\/site\/#website","url":"https:\/\/www.notibras.com\/site\/","name":"Notibras","description":"Not\u00edcias de Bras\u00edlia, do Brasil e do Mundo","publisher":{"@id":"https:\/\/www.notibras.com\/site\/#organization"},"potentialAction":[{"@type":"SearchAction","target":{"@type":"EntryPoint","urlTemplate":"https:\/\/www.notibras.com\/site\/?s={search_term_string}"},"query-input":{"@type":"PropertyValueSpecification","valueRequired":true,"valueName":"search_term_string"}}],"inLanguage":"pt-BR"},{"@type":"Organization","@id":"https:\/\/www.notibras.com\/site\/#organization","name":"Grupo Notibras de Comunica\u00e7\u00e3o","url":"https:\/\/www.notibras.com\/site\/","logo":{"@type":"ImageObject","inLanguage":"pt-BR","@id":"https:\/\/www.notibras.com\/site\/#\/schema\/logo\/image\/","url":"https:\/\/www.notibras.com\/site\/wp-content\/uploads\/2023\/01\/notibras23.png","contentUrl":"https:\/\/www.notibras.com\/site\/wp-content\/uploads\/2023\/01\/notibras23.png","width":350,"height":87,"caption":"Grupo Notibras de Comunica\u00e7\u00e3o"},"image":{"@id":"https:\/\/www.notibras.com\/site\/#\/schema\/logo\/image\/"},"sameAs":["https:\/\/www.facebook.com\/notibras\/","https:\/\/x.com\/Notibras","https:\/\/www.instagram.com\/notibras\/"]},{"@type":"Person","@id":"https:\/\/www.notibras.com\/site\/#\/schema\/person\/36ab0979449956132d3e5b517ea76ac8","name":"Reda\u00e7\u00e3o","image":{"@type":"ImageObject","inLanguage":"pt-BR","@id":"https:\/\/secure.gravatar.com\/avatar\/e0a867bdedb85fd243eadf09663511f96fc81e0720a4a42581f334ad4303aa6b?s=96&d=mm&r=g","url":"https:\/\/secure.gravatar.com\/avatar\/e0a867bdedb85fd243eadf09663511f96fc81e0720a4a42581f334ad4303aa6b?s=96&d=mm&r=g","contentUrl":"https:\/\/secure.gravatar.com\/avatar\/e0a867bdedb85fd243eadf09663511f96fc81e0720a4a42581f334ad4303aa6b?s=96&d=mm&r=g","caption":"Reda\u00e7\u00e3o"}}]}},"amp_enabled":true,"_links":{"self":[{"href":"https:\/\/www.notibras.com\/site\/wp-json\/wp\/v2\/posts\/357677","targetHints":{"allow":["GET"]}}],"collection":[{"href":"https:\/\/www.notibras.com\/site\/wp-json\/wp\/v2\/posts"}],"about":[{"href":"https:\/\/www.notibras.com\/site\/wp-json\/wp\/v2\/types\/post"}],"author":[{"embeddable":true,"href":"https:\/\/www.notibras.com\/site\/wp-json\/wp\/v2\/users\/2"}],"replies":[{"embeddable":true,"href":"https:\/\/www.notibras.com\/site\/wp-json\/wp\/v2\/comments?post=357677"}],"version-history":[{"count":3,"href":"https:\/\/www.notibras.com\/site\/wp-json\/wp\/v2\/posts\/357677\/revisions"}],"predecessor-version":[{"id":357681,"href":"https:\/\/www.notibras.com\/site\/wp-json\/wp\/v2\/posts\/357677\/revisions\/357681"}],"wp:featuredmedia":[{"embeddable":true,"href":"https:\/\/www.notibras.com\/site\/wp-json\/wp\/v2\/media\/357678"}],"wp:attachment":[{"href":"https:\/\/www.notibras.com\/site\/wp-json\/wp\/v2\/media?parent=357677"}],"wp:term":[{"taxonomy":"category","embeddable":true,"href":"https:\/\/www.notibras.com\/site\/wp-json\/wp\/v2\/categories?post=357677"},{"taxonomy":"post_tag","embeddable":true,"href":"https:\/\/www.notibras.com\/site\/wp-json\/wp\/v2\/tags?post=357677"}],"curies":[{"name":"wp","href":"https:\/\/api.w.org\/{rel}","templated":true}]}}