{"id":357682,"date":"2025-07-08T08:32:06","date_gmt":"2025-07-08T11:32:06","guid":{"rendered":"https:\/\/www.notibras.com\/site\/?p=357682"},"modified":"2025-07-08T08:34:32","modified_gmt":"2025-07-08T11:34:32","slug":"lucia-e-eduarda-duas-marias-esquecem-dores-da-vida-em-longas-conversas","status":"publish","type":"post","link":"https:\/\/www.notibras.com\/site\/lucia-e-eduarda-duas-marias-esquecem-dores-da-vida-em-longas-conversas\/","title":{"rendered":"L\u00facia e Eduarda, duas Marias, esquecem dores da vida em longas conversas"},"content":{"rendered":"<p>Eram duas Marias sem qualquer parentesco al\u00e9m daqueles que a vida lhes trouxe, sendo tais la\u00e7os muitas vezes mais acentuados do que os de sangue. E os delas, certamente, faziam jus a tal pensamento.<\/p>\n<p>Mal se viam, pois cada uma morava em uma cidade. Enquanto Maria L\u00facia residia em Luzi\u00e2nia, Maria Eduarda passava seus dias em Bras\u00edlia, n\u00e3o vendo a hora de se aposentar para retornar \u00e0 terra natal, Jo\u00e3o Pessoa.<\/p>\n<p>As mulheres trocavam confid\u00eancias e, assim, iam driblando as agruras que surgiam pelos caminhos tortuosos. Maria L\u00facia, a mais resignada, n\u00e3o raro, causava espanto na amiga.<\/p>\n<p>\u2014 N\u00e3o sei como voc\u00ea consegue entender a vida, mesmo quando a vida \u00e9 t\u00e3o dura com voc\u00ea.<\/p>\n<p>\u2014 Sabe, Maria Eduarda, eu procuro compensar uma coisa pela outra. Voc\u00ea bem sabe que a minha hist\u00f3ria \u00e9 deveras carregada, mas eu me apego nas coisas pequeninas.<\/p>\n<p>\u2014 Mesmo assim, minha irm\u00e3, n\u00e3o me entra na cabe\u00e7a como \u00e9 que voc\u00ea pode receber tanta pancada e sorrir.<\/p>\n<p>\u2014 \u00c9 que tenho uma maneira diferente de ver a felicidade e, em muitas coisas, consigo ser feliz, mesmo dentro da tempestade.<\/p>\n<p>\u2014 Ah, amiga, eu n\u00e3o aguentaria nem a metade do que voc\u00ea sofre.<\/p>\n<p>\u2014 \u00c9 que vejo pelo lado mais doce. Sei que tem muitas pessoas que me amam e torcem por mim. E isso, pra mim, faz com que a vida seja colorida.<\/p>\n<p>Maria L\u00facia, que fora abandonada pela m\u00e3e entre os tr\u00eas e quatro anos de idade, logo cedo foi for\u00e7ada a reverter as coisas ruins em n\u00e3o t\u00e3o ruins e, em alguns casos, at\u00e9 boas. Aprendeu que a gente perde aqui e ganha ali, mesmo que n\u00e3o tenha nem sequer uma migalha de leveza nessa hist\u00f3ria.<\/p>\n<p>\u2014 Sabe, Maria Eduarda, nada dura pra sempre. Sei que a tristeza vem e pode durar um tempo, mas ela n\u00e3o permanece para sempre, mesmo que a lembran\u00e7a n\u00e3o nos deixe esquec\u00ea-la.<\/p>\n<p>Maria L\u00facia n\u00e3o se imaginava fortaleza, conhecia suas fragilidades. Ia tocando o barco at\u00e9 ele despencar em uma cachoeira e fosse consumida para sempre. Todavia, enquanto estivesse dentro dele, sabia que era preciso remar, uma hora contra; outra, a favor da correnteza.<\/p>\n<p>&#8230;&#8230;&#8230;&#8230;&#8230;&#8230;&#8230;<\/p>\n<p><strong>Eduardo Mart\u00ednez \u00e9 autor do livro 57 Contos e Cr\u00f4nicas por um Autor Muito Velho\u2019<\/strong><\/p>\n<p>Compre aqui\u00a0<span class=\"x19la9d6 x1fc57z9 x6ikm8r x10wlt62 x19co3pv x1g5zs5t xfibh0p xiy17q3 x1xsqp64 x1lkfr7t xexx8yu x4uap5 x18d9i69 xkhd6sd\"><span class=\"xrtxmta x1bhl96m\"><img decoding=\"async\" class=\"emoji\" role=\"img\" draggable=\"false\" src=\"https:\/\/s.w.org\/images\/core\/emoji\/15.0.3\/svg\/1f447-1f3ff.svg\" alt=\"&#x1f447;&#x1f3ff;\" \/><\/span><\/span><\/p>\n<p><a href=\"https:\/\/www.joanineditora.com.br\/57-contos-e-cronicas-por-um-autor-muito-velho\">https:\/\/www.joanineditora.com.br\/57-contos-e-cronicas-por-um-autor-muito-velho<\/a><\/p>\n","protected":false},"excerpt":{"rendered":"<p>Eram duas Marias sem qualquer parentesco al\u00e9m daqueles que a vida lhes trouxe, sendo tais la\u00e7os muitas vezes mais acentuados do que os de sangue. E os delas, certamente, faziam jus a tal pensamento. Mal se viam, pois cada uma morava em uma cidade. Enquanto Maria L\u00facia residia em Luzi\u00e2nia, Maria Eduarda passava seus dias [&hellip;]<\/p>\n","protected":false},"author":2,"featured_media":357683,"comment_status":"closed","ping_status":"closed","sticky":false,"template":"","format":"standard","meta":{"_acf_changed":false,"footnotes":""},"categories":[161],"tags":[],"class_list":["post-357682","post","type-post","status-publish","format-standard","has-post-thumbnail","hentry","category-quadradinho-em-foco"],"acf":[],"_links":{"self":[{"href":"https:\/\/www.notibras.com\/site\/wp-json\/wp\/v2\/posts\/357682","targetHints":{"allow":["GET"]}}],"collection":[{"href":"https:\/\/www.notibras.com\/site\/wp-json\/wp\/v2\/posts"}],"about":[{"href":"https:\/\/www.notibras.com\/site\/wp-json\/wp\/v2\/types\/post"}],"author":[{"embeddable":true,"href":"https:\/\/www.notibras.com\/site\/wp-json\/wp\/v2\/users\/2"}],"replies":[{"embeddable":true,"href":"https:\/\/www.notibras.com\/site\/wp-json\/wp\/v2\/comments?post=357682"}],"version-history":[{"count":3,"href":"https:\/\/www.notibras.com\/site\/wp-json\/wp\/v2\/posts\/357682\/revisions"}],"predecessor-version":[{"id":357686,"href":"https:\/\/www.notibras.com\/site\/wp-json\/wp\/v2\/posts\/357682\/revisions\/357686"}],"wp:featuredmedia":[{"embeddable":true,"href":"https:\/\/www.notibras.com\/site\/wp-json\/wp\/v2\/media\/357683"}],"wp:attachment":[{"href":"https:\/\/www.notibras.com\/site\/wp-json\/wp\/v2\/media?parent=357682"}],"wp:term":[{"taxonomy":"category","embeddable":true,"href":"https:\/\/www.notibras.com\/site\/wp-json\/wp\/v2\/categories?post=357682"},{"taxonomy":"post_tag","embeddable":true,"href":"https:\/\/www.notibras.com\/site\/wp-json\/wp\/v2\/tags?post=357682"}],"curies":[{"name":"wp","href":"https:\/\/api.w.org\/{rel}","templated":true}]}}