{"id":357687,"date":"2025-07-08T07:41:23","date_gmt":"2025-07-08T10:41:23","guid":{"rendered":"https:\/\/www.notibras.com\/site\/?p=357687"},"modified":"2025-07-08T08:43:38","modified_gmt":"2025-07-08T11:43:38","slug":"dia-mundial-da-alergia-entenda-riscos-e-tratamentos","status":"publish","type":"post","link":"https:\/\/www.notibras.com\/site\/dia-mundial-da-alergia-entenda-riscos-e-tratamentos\/","title":{"rendered":"Dia Mundial da Alergia, entenda riscos e tratamentos"},"content":{"rendered":"<p>Espirros, olhos lacrimejando, coceira na pele e at\u00e9 falta de ar. Pode parecer apenas um mal-estar passageiro, mas para milh\u00f5es de pessoas no mundo, esses sintomas indicam algo mais s\u00e9rio: uma rea\u00e7\u00e3o al\u00e9rgica. Nesta ter\u00e7a-feira (8), comemora-se o Dia Mundial da Alergia, data para alertar a popula\u00e7\u00e3o sobre o aumento de casos e refor\u00e7ar a import\u00e2ncia do diagn\u00f3stico precoce e tratamento.<\/p>\n<p>Segundo a Organiza\u00e7\u00e3o Mundial da Sa\u00fade (OMS), cerca de 35% da popula\u00e7\u00e3o mundial sofrem com algum tipo de alergia, e a proje\u00e7\u00e3o \u00e9 alarmante: at\u00e9 2050, metade da popula\u00e7\u00e3o pode apresentar alguma forma da doen\u00e7a.<\/p>\n<p>As alergias respirat\u00f3rias e alimentares s\u00e3o as mais comuns, mas n\u00e3o as \u00fanicas | Fotos: Divulga\u00e7\u00e3o\/IgesDF<br \/>\nNo Brasil, os dados seguem a tend\u00eancia mundial. As alergias respirat\u00f3rias e alimentares s\u00e3o as mais comuns, mas n\u00e3o as \u00fanicas. \u201cTamb\u00e9m existem casos de alergias a medicamentos, que podem levar a quadros mais graves, e de rea\u00e7\u00f5es de contato a diferentes subst\u00e2ncias, como cosm\u00e9ticos e metais\u201d, alerta V\u00edtor Pinheiro, alergologista do Instituto de Gest\u00e3o Estrat\u00e9gica de Sa\u00fade do Distrito Federal (IgesDF).<\/p>\n<p><strong>O que \u00e9, afinal, a alergia?<\/strong><br \/>\nA alergia \u00e9 uma rea\u00e7\u00e3o exagerada do sistema imunol\u00f3gico a subst\u00e2ncias geralmente inofensivas ao organismo, conhecidas como al\u00e9rgenos. Essa resposta pode ser imediata ou se manifestar de forma mais prolongada. \u201cOs principais fatores desencadeantes de rea\u00e7\u00f5es no sistema respirat\u00f3rio s\u00e3o os aeroal\u00e9rgenos, como \u00e1caros, pelos de animais e p\u00f3len. J\u00e1 entre os alimentos mais comuns est\u00e3o leite, ovo, crust\u00e1ceos, trigo, amendoim e castanhas\u201d, explica o m\u00e9dico.<\/p>\n<p>O m\u00e9dico V\u00edtor Pinheiro enumera leite, ovo, trigo e castanhas entre os alimentos que mais causam alergia<br \/>\nEm ambientes urbanos e secos como o do DF, os casos aumentam, principalmente durante o outono e inverno. &#8220;A baixa umidade, o ac\u00famulo de poeira e a polui\u00e7\u00e3o atmosf\u00e9rica s\u00e3o fatores que agravam os sintomas respirat\u00f3rios&#8221;, acrescenta.<\/p>\n<p><strong>Sinais de alerta<\/strong><br \/>\nAs manifesta\u00e7\u00f5es al\u00e9rgicas podem variar de simples coceiras at\u00e9 inflama\u00e7\u00f5es s\u00e9rias. Doen\u00e7as como rinite, asma e dermatite at\u00f3pica, que causam irrita\u00e7\u00f5es na pele e manchas vermelhas, s\u00e3o mais comuns e conhecidas. Mas tamb\u00e9m existem outras condi\u00e7\u00f5es mais raras, como o aparecimento de placas na pele, incha\u00e7os em outras partes do corpo e inflama\u00e7\u00e3o cr\u00f4nica no es\u00f4fago.<\/p>\n<p>Quando os sintomas s\u00e3o recorrentes, o ideal \u00e9 buscar atendimento m\u00e9dico. Ap\u00f3s a avalia\u00e7\u00e3o cl\u00ednica, o paciente pode ser encaminhado para acompanhamento com especialistas, como alergologistas, pneumologistas ou dermatologistas, dependendo do tipo de alergia apresentada.<\/p>\n<p>A aposentada Eunice Maria da Marta, de 69 anos, sabe bem o que \u00e9 conviver com os impactos de uma alergia respirat\u00f3ria. Moradora de uma cidade na divisa entre a Bahia e Goi\u00e1s, ela convive com o diagn\u00f3stico desde 1998, mas conta que s\u00f3 encontrou al\u00edvio ap\u00f3s iniciar o tratamento no Hospital de Base de Base do DF (HBDF).<\/p>\n<p>\u201cEu sofria demais. Tinha muita falta de ar, crises de tosse que duravam meses e crises de sinusite pelo menos duas vezes por ano. A noite era o pior momento, com o peito apertado e muita dificuldade para respirar\u201d, relembra.<\/p>\n<p>Eunice Maria da Marta encontrou al\u00edvio para crises de alergia ap\u00f3s tratamento no Hospital de Base de Bras\u00edlia<br \/>\nFoi em 2006 que Eunice procurou atendimento na capital e conseguiu uma consulta com um especialista. Ap\u00f3s a realiza\u00e7\u00e3o dos testes al\u00e9rgicos, veio a resposta: alergia a poeira, \u00e1caros e barata.<\/p>\n<p>\u201cComecei o tratamento com vacinas e rem\u00e9dios antial\u00e9rgicos. Desde ent\u00e3o, s\u00f3 fui melhorando. Foi um processo de supera\u00e7\u00e3o incr\u00edvel. O tratamento mudou minha vida\u201d, celebra.<\/p>\n<p>Durante a pandemia, ela precisou interromper o acompanhamento por mais de dois anos, mas, ap\u00f3s conseguir retomar, segue agora sendo atendida pelo alergologista V\u00edtor Pinheiro, do IgesDF.<\/p>\n<p>\u201cEstou muito bem-acompanhada. Fa\u00e7o meu controle de seis em seis meses e n\u00e3o tive mais nenhuma crise de asma ou tosse. Hoje, gra\u00e7as a Deus, isso ficou no passado\u201d, conta a paciente.<\/p>\n<p><strong>O inverno piora os sintomas<\/strong><br \/>\nDurante o inverno, cresce significativamente o n\u00famero de pacientes com queixas respirat\u00f3rias. A combina\u00e7\u00e3o do ar seco com a maior perman\u00eancia em ambientes fechados favorece a exposi\u00e7\u00e3o a mofo, \u00e1caros e poluentes, fatores que agravam casos de asma, rinite e bronquite. Al\u00e9m disso, a esta\u00e7\u00e3o tamb\u00e9m favorece a circula\u00e7\u00e3o de v\u00edrus respirat\u00f3rios, que podem agravar o quadro de quem j\u00e1 tem doen\u00e7as al\u00e9rgicas.<\/p>\n<p>De acordo com V\u00edtor, a aten\u00e7\u00e3o com o ambiente \u00e9 uma das chaves para evitar crises. Manter a casa arejada, limpar regularmente ventiladores, filtros de ar e evitar objetos que acumulam poeira s\u00e3o medidas simples, mas muito eficazes na preven\u00e7\u00e3o.<\/p>\n<p>Embora os medicamentos sejam importantes, o especialista refor\u00e7a que a conscientiza\u00e7\u00e3o tamb\u00e9m faz parte do tratamento. Para ele, \u00e9 fundamental orientar n\u00e3o s\u00f3 os pacientes, mas tamb\u00e9m familiares, sobre a gravidade das alergias. \u201cMuitas pessoas ainda acham que \u00e9 frescura, mas n\u00e3o \u00e9. Alergias podem evoluir para quadros s\u00e9rios se n\u00e3o forem bem-manejadas\u201d, alerta.<\/p>\n<p><strong>E o tratamento?<\/strong><br \/>\nSegundo o alergologista, o primeiro passo no tratamento \u00e9 identificar e evitar o contato com o agente causador da alergia. Em muitos casos, isso j\u00e1 \u00e9 suficiente para controlar os sintomas. \u201cEm casos de alergia medicamentosa, por exemplo, \u00e9 preciso suspender o uso dos rem\u00e9dios suspeitos e buscar alternativas com o mesmo efeito, mas que n\u00e3o causem rea\u00e7\u00e3o, sempre com orienta\u00e7\u00e3o m\u00e9dica\u201d, aponta.<\/p>\n<p>Existem ainda os tratamentos com antial\u00e9rgicos e corticoides, conforme a gravidade e frequ\u00eancia das crises. A imunoterapia tamb\u00e9m \u00e9 muito usada porque fortalece o mecanismo de defesa natural do nosso corpo. \u201cO mais importante \u00e9 n\u00e3o ignorar os sintomas e buscar ajuda profissional. Apesar das principais condi\u00e7\u00f5es al\u00e9rgicas n\u00e3o terem cura, \u00e9 poss\u00edvel manter o controle destas doen\u00e7as e viver com qualidade\u201d, ressalta.<\/p>\n","protected":false},"excerpt":{"rendered":"<p>Espirros, olhos lacrimejando, coceira na pele e at\u00e9 falta de ar. Pode parecer apenas um mal-estar passageiro, mas para milh\u00f5es de pessoas no mundo, esses sintomas indicam algo mais s\u00e9rio: uma rea\u00e7\u00e3o al\u00e9rgica. Nesta ter\u00e7a-feira (8), comemora-se o Dia Mundial da Alergia, data para alertar a popula\u00e7\u00e3o sobre o aumento de casos e refor\u00e7ar a [&hellip;]<\/p>\n","protected":false},"author":2,"featured_media":261932,"comment_status":"closed","ping_status":"closed","sticky":false,"template":"","format":"standard","meta":{"_acf_changed":false,"footnotes":""},"categories":[161],"tags":[],"class_list":["post-357687","post","type-post","status-publish","format-standard","has-post-thumbnail","hentry","category-quadradinho-em-foco"],"acf":[],"yoast_head":"<!-- This site is optimized with the Yoast SEO plugin v27.2 - https:\/\/yoast.com\/product\/yoast-seo-wordpress\/ -->\n<title>Dia Mundial da Alergia, entenda riscos e tratamentos - Notibras<\/title>\n<meta name=\"robots\" content=\"index, follow, max-snippet:-1, max-image-preview:large, max-video-preview:-1\" \/>\n<link rel=\"canonical\" href=\"https:\/\/www.notibras.com\/site\/dia-mundial-da-alergia-entenda-riscos-e-tratamentos\/\" \/>\n<meta property=\"og:locale\" content=\"pt_BR\" \/>\n<meta property=\"og:type\" content=\"article\" \/>\n<meta property=\"og:title\" content=\"Dia Mundial da Alergia, entenda riscos e tratamentos - Notibras\" \/>\n<meta property=\"og:description\" content=\"Espirros, olhos lacrimejando, coceira na pele e at\u00e9 falta de ar. Pode parecer apenas um mal-estar passageiro, mas para milh\u00f5es de pessoas no mundo, esses sintomas indicam algo mais s\u00e9rio: uma rea\u00e7\u00e3o al\u00e9rgica. Nesta ter\u00e7a-feira (8), comemora-se o Dia Mundial da Alergia, data para alertar a popula\u00e7\u00e3o sobre o aumento de casos e refor\u00e7ar a [&hellip;]\" \/>\n<meta property=\"og:url\" content=\"https:\/\/www.notibras.com\/site\/dia-mundial-da-alergia-entenda-riscos-e-tratamentos\/\" \/>\n<meta property=\"og:site_name\" content=\"Notibras\" \/>\n<meta property=\"article:publisher\" content=\"https:\/\/www.facebook.com\/notibras\/\" \/>\n<meta property=\"article:published_time\" content=\"2025-07-08T10:41:23+00:00\" \/>\n<meta property=\"article:modified_time\" content=\"2025-07-08T11:43:38+00:00\" \/>\n<meta property=\"og:image\" content=\"https:\/\/www.notibras.com\/site\/wp-content\/uploads\/2021\/07\/espiro-alergia-700x455-1.jpg\" \/>\n\t<meta property=\"og:image:width\" content=\"700\" \/>\n\t<meta property=\"og:image:height\" content=\"455\" \/>\n\t<meta property=\"og:image:type\" content=\"image\/jpeg\" \/>\n<meta name=\"author\" content=\"Reda\u00e7\u00e3o\" \/>\n<meta name=\"twitter:card\" content=\"summary_large_image\" \/>\n<meta name=\"twitter:creator\" content=\"@Notibras\" \/>\n<meta name=\"twitter:site\" content=\"@Notibras\" \/>\n<meta name=\"twitter:label1\" content=\"Escrito por\" \/>\n\t<meta name=\"twitter:data1\" content=\"Reda\u00e7\u00e3o\" \/>\n\t<meta name=\"twitter:label2\" content=\"Est. tempo de leitura\" \/>\n\t<meta name=\"twitter:data2\" content=\"6 minutos\" \/>\n<script type=\"application\/ld+json\" class=\"yoast-schema-graph\">{\"@context\":\"https:\/\/schema.org\",\"@graph\":[{\"@type\":\"Article\",\"@id\":\"https:\/\/www.notibras.com\/site\/dia-mundial-da-alergia-entenda-riscos-e-tratamentos\/#article\",\"isPartOf\":{\"@id\":\"https:\/\/www.notibras.com\/site\/dia-mundial-da-alergia-entenda-riscos-e-tratamentos\/\"},\"author\":{\"name\":\"Reda\u00e7\u00e3o\",\"@id\":\"https:\/\/www.notibras.com\/site\/#\/schema\/person\/36ab0979449956132d3e5b517ea76ac8\"},\"headline\":\"Dia Mundial da Alergia, entenda riscos e tratamentos\",\"datePublished\":\"2025-07-08T10:41:23+00:00\",\"dateModified\":\"2025-07-08T11:43:38+00:00\",\"mainEntityOfPage\":{\"@id\":\"https:\/\/www.notibras.com\/site\/dia-mundial-da-alergia-entenda-riscos-e-tratamentos\/\"},\"wordCount\":1033,\"publisher\":{\"@id\":\"https:\/\/www.notibras.com\/site\/#organization\"},\"image\":{\"@id\":\"https:\/\/www.notibras.com\/site\/dia-mundial-da-alergia-entenda-riscos-e-tratamentos\/#primaryimage\"},\"thumbnailUrl\":\"https:\/\/www.notibras.com\/site\/wp-content\/uploads\/2021\/07\/espiro-alergia-700x455-1.jpg\",\"articleSection\":[\"Quadradinho em Foco\"],\"inLanguage\":\"pt-BR\"},{\"@type\":\"WebPage\",\"@id\":\"https:\/\/www.notibras.com\/site\/dia-mundial-da-alergia-entenda-riscos-e-tratamentos\/\",\"url\":\"https:\/\/www.notibras.com\/site\/dia-mundial-da-alergia-entenda-riscos-e-tratamentos\/\",\"name\":\"Dia Mundial da Alergia, entenda riscos e tratamentos - Notibras\",\"isPartOf\":{\"@id\":\"https:\/\/www.notibras.com\/site\/#website\"},\"primaryImageOfPage\":{\"@id\":\"https:\/\/www.notibras.com\/site\/dia-mundial-da-alergia-entenda-riscos-e-tratamentos\/#primaryimage\"},\"image\":{\"@id\":\"https:\/\/www.notibras.com\/site\/dia-mundial-da-alergia-entenda-riscos-e-tratamentos\/#primaryimage\"},\"thumbnailUrl\":\"https:\/\/www.notibras.com\/site\/wp-content\/uploads\/2021\/07\/espiro-alergia-700x455-1.jpg\",\"datePublished\":\"2025-07-08T10:41:23+00:00\",\"dateModified\":\"2025-07-08T11:43:38+00:00\",\"breadcrumb\":{\"@id\":\"https:\/\/www.notibras.com\/site\/dia-mundial-da-alergia-entenda-riscos-e-tratamentos\/#breadcrumb\"},\"inLanguage\":\"pt-BR\",\"potentialAction\":[{\"@type\":\"ReadAction\",\"target\":[\"https:\/\/www.notibras.com\/site\/dia-mundial-da-alergia-entenda-riscos-e-tratamentos\/\"]}]},{\"@type\":\"ImageObject\",\"inLanguage\":\"pt-BR\",\"@id\":\"https:\/\/www.notibras.com\/site\/dia-mundial-da-alergia-entenda-riscos-e-tratamentos\/#primaryimage\",\"url\":\"https:\/\/www.notibras.com\/site\/wp-content\/uploads\/2021\/07\/espiro-alergia-700x455-1.jpg\",\"contentUrl\":\"https:\/\/www.notibras.com\/site\/wp-content\/uploads\/2021\/07\/espiro-alergia-700x455-1.jpg\",\"width\":700,\"height\":455},{\"@type\":\"BreadcrumbList\",\"@id\":\"https:\/\/www.notibras.com\/site\/dia-mundial-da-alergia-entenda-riscos-e-tratamentos\/#breadcrumb\",\"itemListElement\":[{\"@type\":\"ListItem\",\"position\":1,\"name\":\"In\u00edcio\",\"item\":\"https:\/\/www.notibras.com\/site\/\"},{\"@type\":\"ListItem\",\"position\":2,\"name\":\"Dia Mundial da Alergia, entenda riscos e tratamentos\"}]},{\"@type\":\"WebSite\",\"@id\":\"https:\/\/www.notibras.com\/site\/#website\",\"url\":\"https:\/\/www.notibras.com\/site\/\",\"name\":\"Notibras\",\"description\":\"Not\u00edcias de Bras\u00edlia, do Brasil e do Mundo\",\"publisher\":{\"@id\":\"https:\/\/www.notibras.com\/site\/#organization\"},\"potentialAction\":[{\"@type\":\"SearchAction\",\"target\":{\"@type\":\"EntryPoint\",\"urlTemplate\":\"https:\/\/www.notibras.com\/site\/?s={search_term_string}\"},\"query-input\":{\"@type\":\"PropertyValueSpecification\",\"valueRequired\":true,\"valueName\":\"search_term_string\"}}],\"inLanguage\":\"pt-BR\"},{\"@type\":\"Organization\",\"@id\":\"https:\/\/www.notibras.com\/site\/#organization\",\"name\":\"Grupo Notibras de Comunica\u00e7\u00e3o\",\"url\":\"https:\/\/www.notibras.com\/site\/\",\"logo\":{\"@type\":\"ImageObject\",\"inLanguage\":\"pt-BR\",\"@id\":\"https:\/\/www.notibras.com\/site\/#\/schema\/logo\/image\/\",\"url\":\"https:\/\/www.notibras.com\/site\/wp-content\/uploads\/2023\/01\/notibras23.png\",\"contentUrl\":\"https:\/\/www.notibras.com\/site\/wp-content\/uploads\/2023\/01\/notibras23.png\",\"width\":350,\"height\":87,\"caption\":\"Grupo Notibras de Comunica\u00e7\u00e3o\"},\"image\":{\"@id\":\"https:\/\/www.notibras.com\/site\/#\/schema\/logo\/image\/\"},\"sameAs\":[\"https:\/\/www.facebook.com\/notibras\/\",\"https:\/\/x.com\/Notibras\",\"https:\/\/www.instagram.com\/notibras\/\"]},{\"@type\":\"Person\",\"@id\":\"https:\/\/www.notibras.com\/site\/#\/schema\/person\/36ab0979449956132d3e5b517ea76ac8\",\"name\":\"Reda\u00e7\u00e3o\",\"image\":{\"@type\":\"ImageObject\",\"inLanguage\":\"pt-BR\",\"@id\":\"https:\/\/secure.gravatar.com\/avatar\/e0a867bdedb85fd243eadf09663511f96fc81e0720a4a42581f334ad4303aa6b?s=96&d=mm&r=g\",\"url\":\"https:\/\/secure.gravatar.com\/avatar\/e0a867bdedb85fd243eadf09663511f96fc81e0720a4a42581f334ad4303aa6b?s=96&d=mm&r=g\",\"contentUrl\":\"https:\/\/secure.gravatar.com\/avatar\/e0a867bdedb85fd243eadf09663511f96fc81e0720a4a42581f334ad4303aa6b?s=96&d=mm&r=g\",\"caption\":\"Reda\u00e7\u00e3o\"}}]}<\/script>\n<!-- \/ Yoast SEO plugin. -->","yoast_head_json":{"title":"Dia Mundial da Alergia, entenda riscos e tratamentos - Notibras","robots":{"index":"index","follow":"follow","max-snippet":"max-snippet:-1","max-image-preview":"max-image-preview:large","max-video-preview":"max-video-preview:-1"},"canonical":"https:\/\/www.notibras.com\/site\/dia-mundial-da-alergia-entenda-riscos-e-tratamentos\/","og_locale":"pt_BR","og_type":"article","og_title":"Dia Mundial da Alergia, entenda riscos e tratamentos - Notibras","og_description":"Espirros, olhos lacrimejando, coceira na pele e at\u00e9 falta de ar. Pode parecer apenas um mal-estar passageiro, mas para milh\u00f5es de pessoas no mundo, esses sintomas indicam algo mais s\u00e9rio: uma rea\u00e7\u00e3o al\u00e9rgica. Nesta ter\u00e7a-feira (8), comemora-se o Dia Mundial da Alergia, data para alertar a popula\u00e7\u00e3o sobre o aumento de casos e refor\u00e7ar a [&hellip;]","og_url":"https:\/\/www.notibras.com\/site\/dia-mundial-da-alergia-entenda-riscos-e-tratamentos\/","og_site_name":"Notibras","article_publisher":"https:\/\/www.facebook.com\/notibras\/","article_published_time":"2025-07-08T10:41:23+00:00","article_modified_time":"2025-07-08T11:43:38+00:00","og_image":[{"width":700,"height":455,"url":"https:\/\/www.notibras.com\/site\/wp-content\/uploads\/2021\/07\/espiro-alergia-700x455-1.jpg","type":"image\/jpeg"}],"author":"Reda\u00e7\u00e3o","twitter_card":"summary_large_image","twitter_creator":"@Notibras","twitter_site":"@Notibras","twitter_misc":{"Escrito por":"Reda\u00e7\u00e3o","Est. tempo de leitura":"6 minutos"},"schema":{"@context":"https:\/\/schema.org","@graph":[{"@type":"Article","@id":"https:\/\/www.notibras.com\/site\/dia-mundial-da-alergia-entenda-riscos-e-tratamentos\/#article","isPartOf":{"@id":"https:\/\/www.notibras.com\/site\/dia-mundial-da-alergia-entenda-riscos-e-tratamentos\/"},"author":{"name":"Reda\u00e7\u00e3o","@id":"https:\/\/www.notibras.com\/site\/#\/schema\/person\/36ab0979449956132d3e5b517ea76ac8"},"headline":"Dia Mundial da Alergia, entenda riscos e tratamentos","datePublished":"2025-07-08T10:41:23+00:00","dateModified":"2025-07-08T11:43:38+00:00","mainEntityOfPage":{"@id":"https:\/\/www.notibras.com\/site\/dia-mundial-da-alergia-entenda-riscos-e-tratamentos\/"},"wordCount":1033,"publisher":{"@id":"https:\/\/www.notibras.com\/site\/#organization"},"image":{"@id":"https:\/\/www.notibras.com\/site\/dia-mundial-da-alergia-entenda-riscos-e-tratamentos\/#primaryimage"},"thumbnailUrl":"https:\/\/www.notibras.com\/site\/wp-content\/uploads\/2021\/07\/espiro-alergia-700x455-1.jpg","articleSection":["Quadradinho em Foco"],"inLanguage":"pt-BR"},{"@type":"WebPage","@id":"https:\/\/www.notibras.com\/site\/dia-mundial-da-alergia-entenda-riscos-e-tratamentos\/","url":"https:\/\/www.notibras.com\/site\/dia-mundial-da-alergia-entenda-riscos-e-tratamentos\/","name":"Dia Mundial da Alergia, entenda riscos e tratamentos - Notibras","isPartOf":{"@id":"https:\/\/www.notibras.com\/site\/#website"},"primaryImageOfPage":{"@id":"https:\/\/www.notibras.com\/site\/dia-mundial-da-alergia-entenda-riscos-e-tratamentos\/#primaryimage"},"image":{"@id":"https:\/\/www.notibras.com\/site\/dia-mundial-da-alergia-entenda-riscos-e-tratamentos\/#primaryimage"},"thumbnailUrl":"https:\/\/www.notibras.com\/site\/wp-content\/uploads\/2021\/07\/espiro-alergia-700x455-1.jpg","datePublished":"2025-07-08T10:41:23+00:00","dateModified":"2025-07-08T11:43:38+00:00","breadcrumb":{"@id":"https:\/\/www.notibras.com\/site\/dia-mundial-da-alergia-entenda-riscos-e-tratamentos\/#breadcrumb"},"inLanguage":"pt-BR","potentialAction":[{"@type":"ReadAction","target":["https:\/\/www.notibras.com\/site\/dia-mundial-da-alergia-entenda-riscos-e-tratamentos\/"]}]},{"@type":"ImageObject","inLanguage":"pt-BR","@id":"https:\/\/www.notibras.com\/site\/dia-mundial-da-alergia-entenda-riscos-e-tratamentos\/#primaryimage","url":"https:\/\/www.notibras.com\/site\/wp-content\/uploads\/2021\/07\/espiro-alergia-700x455-1.jpg","contentUrl":"https:\/\/www.notibras.com\/site\/wp-content\/uploads\/2021\/07\/espiro-alergia-700x455-1.jpg","width":700,"height":455},{"@type":"BreadcrumbList","@id":"https:\/\/www.notibras.com\/site\/dia-mundial-da-alergia-entenda-riscos-e-tratamentos\/#breadcrumb","itemListElement":[{"@type":"ListItem","position":1,"name":"In\u00edcio","item":"https:\/\/www.notibras.com\/site\/"},{"@type":"ListItem","position":2,"name":"Dia Mundial da Alergia, entenda riscos e tratamentos"}]},{"@type":"WebSite","@id":"https:\/\/www.notibras.com\/site\/#website","url":"https:\/\/www.notibras.com\/site\/","name":"Notibras","description":"Not\u00edcias de Bras\u00edlia, do Brasil e do Mundo","publisher":{"@id":"https:\/\/www.notibras.com\/site\/#organization"},"potentialAction":[{"@type":"SearchAction","target":{"@type":"EntryPoint","urlTemplate":"https:\/\/www.notibras.com\/site\/?s={search_term_string}"},"query-input":{"@type":"PropertyValueSpecification","valueRequired":true,"valueName":"search_term_string"}}],"inLanguage":"pt-BR"},{"@type":"Organization","@id":"https:\/\/www.notibras.com\/site\/#organization","name":"Grupo Notibras de Comunica\u00e7\u00e3o","url":"https:\/\/www.notibras.com\/site\/","logo":{"@type":"ImageObject","inLanguage":"pt-BR","@id":"https:\/\/www.notibras.com\/site\/#\/schema\/logo\/image\/","url":"https:\/\/www.notibras.com\/site\/wp-content\/uploads\/2023\/01\/notibras23.png","contentUrl":"https:\/\/www.notibras.com\/site\/wp-content\/uploads\/2023\/01\/notibras23.png","width":350,"height":87,"caption":"Grupo Notibras de Comunica\u00e7\u00e3o"},"image":{"@id":"https:\/\/www.notibras.com\/site\/#\/schema\/logo\/image\/"},"sameAs":["https:\/\/www.facebook.com\/notibras\/","https:\/\/x.com\/Notibras","https:\/\/www.instagram.com\/notibras\/"]},{"@type":"Person","@id":"https:\/\/www.notibras.com\/site\/#\/schema\/person\/36ab0979449956132d3e5b517ea76ac8","name":"Reda\u00e7\u00e3o","image":{"@type":"ImageObject","inLanguage":"pt-BR","@id":"https:\/\/secure.gravatar.com\/avatar\/e0a867bdedb85fd243eadf09663511f96fc81e0720a4a42581f334ad4303aa6b?s=96&d=mm&r=g","url":"https:\/\/secure.gravatar.com\/avatar\/e0a867bdedb85fd243eadf09663511f96fc81e0720a4a42581f334ad4303aa6b?s=96&d=mm&r=g","contentUrl":"https:\/\/secure.gravatar.com\/avatar\/e0a867bdedb85fd243eadf09663511f96fc81e0720a4a42581f334ad4303aa6b?s=96&d=mm&r=g","caption":"Reda\u00e7\u00e3o"}}]}},"amp_enabled":true,"_links":{"self":[{"href":"https:\/\/www.notibras.com\/site\/wp-json\/wp\/v2\/posts\/357687","targetHints":{"allow":["GET"]}}],"collection":[{"href":"https:\/\/www.notibras.com\/site\/wp-json\/wp\/v2\/posts"}],"about":[{"href":"https:\/\/www.notibras.com\/site\/wp-json\/wp\/v2\/types\/post"}],"author":[{"embeddable":true,"href":"https:\/\/www.notibras.com\/site\/wp-json\/wp\/v2\/users\/2"}],"replies":[{"embeddable":true,"href":"https:\/\/www.notibras.com\/site\/wp-json\/wp\/v2\/comments?post=357687"}],"version-history":[{"count":1,"href":"https:\/\/www.notibras.com\/site\/wp-json\/wp\/v2\/posts\/357687\/revisions"}],"predecessor-version":[{"id":357688,"href":"https:\/\/www.notibras.com\/site\/wp-json\/wp\/v2\/posts\/357687\/revisions\/357688"}],"wp:featuredmedia":[{"embeddable":true,"href":"https:\/\/www.notibras.com\/site\/wp-json\/wp\/v2\/media\/261932"}],"wp:attachment":[{"href":"https:\/\/www.notibras.com\/site\/wp-json\/wp\/v2\/media?parent=357687"}],"wp:term":[{"taxonomy":"category","embeddable":true,"href":"https:\/\/www.notibras.com\/site\/wp-json\/wp\/v2\/categories?post=357687"},{"taxonomy":"post_tag","embeddable":true,"href":"https:\/\/www.notibras.com\/site\/wp-json\/wp\/v2\/tags?post=357687"}],"curies":[{"name":"wp","href":"https:\/\/api.w.org\/{rel}","templated":true}]}}