{"id":357699,"date":"2025-07-08T08:09:54","date_gmt":"2025-07-08T11:09:54","guid":{"rendered":"https:\/\/www.notibras.com\/site\/?p=357699"},"modified":"2025-07-08T10:13:14","modified_gmt":"2025-07-08T13:13:14","slug":"pf-ve-desvio-de-recursos-publicos-e-fraude-em-licitacao","status":"publish","type":"post","link":"https:\/\/www.notibras.com\/site\/pf-ve-desvio-de-recursos-publicos-e-fraude-em-licitacao\/","title":{"rendered":"PF v\u00ea desvio de recursos p\u00fablicos e fraude em licita\u00e7\u00e3o"},"content":{"rendered":"<p>A Pol\u00edcia Federal (PF) deflagrou nesta ter\u00e7a-feira (8) a Opera\u00e7\u00e3o Underhand, que investiga organiza\u00e7\u00e3o criminosa suspeita de desviar recursos p\u00fablicos por meio de fraudes em processos licitat\u00f3rios e contratuais.<\/p>\n<p>Em nota, a corpora\u00e7\u00e3o informou que foram cumpridos 15 mandados de busca e apreens\u00e3o expedidos pelo Supremo Tribunal Federal (STF) em Fortaleza e Bras\u00edlia e nos munic\u00edpios cearenses de Nova Russas, Eus\u00e9bio, Canind\u00e9 e Baixio.<\/p>\n<p>Segundo a PF, o n\u00facleo investigado \u00e9 suspeito de articular o direcionamento de verbas p\u00fablicas para munic\u00edpios cearenses mediante contrapartidas financeiras il\u00edcitas, al\u00e9m de influenciar procedimentos licitat\u00f3rios por meio de empresas vinculadas ao grupo.<\/p>\n<p>Bloqueados R$ 54,6 milh\u00f5es<br \/>\nAinda de acordo com o comunicado, foi determinado o bloqueio de R$ 54,6 milh\u00f5es em contas banc\u00e1rias de pessoas f\u00edsicas e jur\u00eddicas investigadas, \u201ccom o objetivo de interromper a movimenta\u00e7\u00e3o de valores de origem il\u00edcita e preservar ativos para eventual repara\u00e7\u00e3o ao er\u00e1rio\u201d.<\/p>\n<p>\u201cAs condutas investigadas envolvem os crimes de organiza\u00e7\u00e3o criminosa, capta\u00e7\u00e3o il\u00edcita de sufr\u00e1gio, lavagem de dinheiro e falsidade ideol\u00f3gica com fim eleitoral\u201d, concluiu a corpora\u00e7\u00e3o.<\/p>\n<p>A investiga\u00e7\u00e3o conta com apoio t\u00e9cnico da Controladoria-Geral da Uni\u00e3o (CGU).<\/p>\n","protected":false},"excerpt":{"rendered":"<p>A Pol\u00edcia Federal (PF) deflagrou nesta ter\u00e7a-feira (8) a Opera\u00e7\u00e3o Underhand, que investiga organiza\u00e7\u00e3o criminosa suspeita de desviar recursos p\u00fablicos por meio de fraudes em processos licitat\u00f3rios e contratuais. Em nota, a corpora\u00e7\u00e3o informou que foram cumpridos 15 mandados de busca e apreens\u00e3o expedidos pelo Supremo Tribunal Federal (STF) em Fortaleza e Bras\u00edlia e nos [&hellip;]<\/p>\n","protected":false},"author":2,"featured_media":357700,"comment_status":"closed","ping_status":"closed","sticky":false,"template":"","format":"standard","meta":{"_acf_changed":false,"footnotes":""},"categories":[165],"tags":[],"class_list":["post-357699","post","type-post","status-publish","format-standard","has-post-thumbnail","hentry","category-nordeste"],"acf":[],"_links":{"self":[{"href":"https:\/\/www.notibras.com\/site\/wp-json\/wp\/v2\/posts\/357699","targetHints":{"allow":["GET"]}}],"collection":[{"href":"https:\/\/www.notibras.com\/site\/wp-json\/wp\/v2\/posts"}],"about":[{"href":"https:\/\/www.notibras.com\/site\/wp-json\/wp\/v2\/types\/post"}],"author":[{"embeddable":true,"href":"https:\/\/www.notibras.com\/site\/wp-json\/wp\/v2\/users\/2"}],"replies":[{"embeddable":true,"href":"https:\/\/www.notibras.com\/site\/wp-json\/wp\/v2\/comments?post=357699"}],"version-history":[{"count":1,"href":"https:\/\/www.notibras.com\/site\/wp-json\/wp\/v2\/posts\/357699\/revisions"}],"predecessor-version":[{"id":357701,"href":"https:\/\/www.notibras.com\/site\/wp-json\/wp\/v2\/posts\/357699\/revisions\/357701"}],"wp:featuredmedia":[{"embeddable":true,"href":"https:\/\/www.notibras.com\/site\/wp-json\/wp\/v2\/media\/357700"}],"wp:attachment":[{"href":"https:\/\/www.notibras.com\/site\/wp-json\/wp\/v2\/media?parent=357699"}],"wp:term":[{"taxonomy":"category","embeddable":true,"href":"https:\/\/www.notibras.com\/site\/wp-json\/wp\/v2\/categories?post=357699"},{"taxonomy":"post_tag","embeddable":true,"href":"https:\/\/www.notibras.com\/site\/wp-json\/wp\/v2\/tags?post=357699"}],"curies":[{"name":"wp","href":"https:\/\/api.w.org\/{rel}","templated":true}]}}