{"id":357714,"date":"2025-07-09T08:06:08","date_gmt":"2025-07-09T11:06:08","guid":{"rendered":"https:\/\/www.notibras.com\/site\/?p=357714"},"modified":"2025-07-09T08:56:32","modified_gmt":"2025-07-09T11:56:32","slug":"lula-chutou-no-gol-dos-super-ricos-e-agora-torce-para-bola-nao-bater-na-trave","status":"publish","type":"post","link":"https:\/\/www.notibras.com\/site\/lula-chutou-no-gol-dos-super-ricos-e-agora-torce-para-bola-nao-bater-na-trave\/","title":{"rendered":"Lula chutou no gol dos super-ricos e agora torce para bola n\u00e3o bater na trave"},"content":{"rendered":"<p>&#8220;<em>H\u00e1 uma luta de classes, sim. Mas \u00e9 a minha classe, a classe rica, que est\u00e1 fazendo a guerra, e estamos ganhando&#8221;<\/em>. \u2060 \u2014 Warren Buffett, magnata estadunidense.<\/p>\n<p>&#8230;.<\/p>\n<p>O governo Lula, quase tardiamente, ensaia algo que pode sugerir o in\u00edcio de uma reforma fiscal, cutucando os superlucros dos super-ricos. S\u00e3o o 1% que nos governa \u2014 na democracia e nas ditaduras, nos governos de direita e nos governos de centro-esquerda. \u00c9 o grande capital, que controla a vida econ\u00f4mica e, por consequ\u00eancia, a vida pol\u00edtica, nela inclu\u00eddos os espa\u00e7os do poder republicano.<\/p>\n<p>Embora t\u00edmida, a proposta do governo p\u00f4s em p\u00e9 de guerra a Faria Lima e suas adjac\u00eancias \u2014 a saber, o Congresso e a grande imprensa (aparelho ideol\u00f3gico da classe dominante), os dois territ\u00f3rios privilegiados onde atuam seus agentes e procuradores.<\/p>\n<p>\u00c0 margem dos poderes cl\u00e1ssicos da Rep\u00fablica, a pol\u00edtica econ\u00f4mico-financeira do pa\u00eds foi posta sob o controle de burocratas onipotentes, nada obstante despojados de delega\u00e7\u00e3o da soberania popular; abrigam-se sob o teto largo e alto do Banco Central \u2014 a um tempo santu\u00e1rio e bunker do rentismo que asfixia a economia nacional.<\/p>\n<p>Os banqueiros e os agiotas tout court gritam contra um &#8220;aumento de impostos&#8221; por ser, e, assim, acuam um governo perigosamente \u00e0 m\u00edngua de sustenta\u00e7\u00e3o parlamentar, e sem \u00e2nimo de dirigir-se \u00e0 popula\u00e7\u00e3o que preside, embora dependa de seu apoio para, sen\u00e3o governar, para sobreviver, o m\u00ednimo a que pode aspirar.<\/p>\n<p>O Congresso, senhor de bara\u00e7o e cutelo, revoga as altera\u00e7\u00f5es que, carreando recursos para o er\u00e1rio, amenizariam a crise fiscal que assusta mortos e vivos. O governo, cumprindo seu dever de recorrer ao STF em face da aberrante inconstitucionalidade do ato revogador do decreto que alterava um IOF concebido para proteger as grandes fortunas, \u00e9 acusado de promover confronto com um Legislativo que o confronta permanentemente, na tentativa de paralis\u00e1-lo \u2014 repetindo a t\u00e1tica que preparou o impeachment de Dilma Rousseff.<\/p>\n<p>O STF, acionado para restabelecer a vontade constitucional, n\u00e3o julga o direito arguido. Mais preocupado em evitar novos atritos com uma maioria congressual reacion\u00e1ria e hostil, chama as partes a um &#8220;entendimento&#8221;, como se a causa fosse trabalhista e a Corte n\u00e3o passasse de uma Junta de Concilia\u00e7\u00e3o e Julgamento.<\/p>\n<p>Tudo num jogo de cena para dizer ao distinto p\u00fablico que n\u00e3o estamos empurrando com a barriga uma grave crise institucional. E la nave va \u2014 em mar hostil, comandada por timoneiros irrespons\u00e1veis.<\/p>\n<p>O cerne da quest\u00e3o, escamoteado pelo debate de surdos, \u00e9 a picada de mosquito com a qual o governo visou os ganhos sem limite do grande capital \u2014 o nacional e o aqui pousado \u2014, que foge da produ\u00e7\u00e3o para locupletar-se nos lucros e dividendos proporcionados pela pol\u00edtica de juros estratosf\u00e9ricos que ele mesmo comanda, por interm\u00e9dio do Banco Central.<\/p>\n<p>Explique-se o que a grande imprensa finge n\u00e3o saber. O at\u00e9 aqui frustrado aumento de al\u00edquota (de 2% para 10%) do IOF dos milion\u00e1rios, pretendido pelo governo, incidiria t\u00e3o-somente sobre transa\u00e7\u00f5es de c\u00e2mbio com cart\u00f5es de cr\u00e9dito e d\u00e9bito internacionais, compra de moeda estrangeira e cart\u00e3o pr\u00e9-pago. De outra parte (outro ponto sobre o qual tamb\u00e9m silencia a imprensa mainstream), previa isen\u00e7\u00e3o para o retorno de investimentos estrangeiros diretos (os que geram emprego) e dificultava a evas\u00e3o de recursos mediante al\u00edquota de 3,5%, o que interessa ao giro interno da economia.<\/p>\n<p>A quem tais medidas incomodariam? Quem seriam seus benefici\u00e1rios?<\/p>\n<p>Taxar a Faria Lima, diga-se, \u00e9 medida sempre bem-vinda, quando menos por acenar para uma pol\u00edtica futura de um pa\u00eds que finalmente ter\u00e1 condi\u00e7\u00f5es objetivas e coragem pol\u00edtica de atacar de frente a clamorosa injusti\u00e7a social que nos faz pobres numa prov\u00edncia rica.<\/p>\n<p>Outra iniciativa do governo pretende mexer no IR para aumentar de 2% para 10% o imposto devido por quem ganha a partir de R$ 50.000\/m\u00eas \u2014 algo como uns poucos 140 mil ricos, milion\u00e1rios e bilion\u00e1rios, empres\u00e1rios e rentistas. Esta fisgada, ao injetar na economia R$ 19,1 bilh\u00f5es em 2025 e R$ 38,2 bilh\u00f5es em 2026, possibilitar\u00e1 a isen\u00e7\u00e3o ou redu\u00e7\u00e3o do imposto de renda de 25 milh\u00f5es de brasileiros que ganham at\u00e9 R$ 5.000 por m\u00eas, assalariados de um modo geral, apenados por um sistema fiscal regressivo, no qual os mais pobres pagam mais para que os mais ricos paguem menos.<\/p>\n<p>A direita n\u00e3o aprecia aumento de arrecada\u00e7\u00e3o. Precocemente trumpista e ideologicamente tomada pelo complexo de vira-lata, rejeita maior contribui\u00e7\u00e3o dos mais ricos. E note-se: o governo, de c\u00f3coras em terra de sapos, sequer ousou insinuar uma pol\u00edtica de combate \u00e0 sonega\u00e7\u00e3o fiscal (privil\u00e9gio do capital) \u2014 sangria hoje estimada em R$ 600 bilh\u00f5es (dados do Sinprofaz, 2024), nada menos que 7,7% do PIB, 27,5% da arrecada\u00e7\u00e3o apurada.<\/p>\n<p>Nosso governo erra muito, no grosso e no varejo, mas sabe que, antes de tudo, precisa sobreviver: o combate \u00e0 sonega\u00e7\u00e3o atingiria em cheio uma gama de empres\u00e1rios e rentistas. A oposi\u00e7\u00e3o, parlamentar ou medi\u00e1tica, n\u00e3o considera, em face de seus interesses de classe, que o combate sem tr\u00e9guas \u00e0 sonega\u00e7\u00e3o seria uma das mais eficientes medidas destinadas \u00e0 conten\u00e7\u00e3o do d\u00e9ficit fiscal, com o qual tanto se dizem preocupados os procuradores da Faria Lima. Seu mantra \u00e9 o &#8220;teto de gastos&#8221;.<\/p>\n<p>Desinteressada do aumento da renda nacional, do consumo e da produ\u00e7\u00e3o, a direita, ouri\u00e7ada, cobra mais cortes de gastos do governo \u2014 fingindo ignorar que, sem novos e maiores investimentos, inclusive na prote\u00e7\u00e3o social (que lhe provoca urtic\u00e1ria), ser\u00e1 impens\u00e1vel a recupera\u00e7\u00e3o da economia, de que depende a gera\u00e7\u00e3o de emprego e renda, de que depende, por sua vez, a dignidade de nosso povo humilhado pela pobreza.<\/p>\n<p>Mas a poderosa burocracia financeira faz cara feia para o crescimento do PIB, estimado para 2025 em 2,4% (IPEA). Sob o falso pretexto de conter uma infla\u00e7\u00e3o em desacelera\u00e7\u00e3o (5,0% em 2025, contra 5,79% em 2022), e em nome de um ajuste fiscal imposto como preceito religioso, o BC eleva a taxa b\u00e1sica de juros (hoje em abusivos 15%), com o que aumenta ainda mais a d\u00edvida p\u00fablica e seu custeio, ret\u00e9m os investimentos e o consumo (em maio passado, a produ\u00e7\u00e3o industrial brasileira teve queda de cerca de 1,6% em rela\u00e7\u00e3o a abril) e engorda os lucros desde sempre exorbitantes do rentismo \u2014 parasit\u00e1rio por defini\u00e7\u00e3o.<\/p>\n<p>Mas o Copom ainda anuncia &#8220;que n\u00e3o hesitar\u00e1 em voltar a aumentar os juros&#8221;, porque &#8220;a economia mostra mais f\u00f4lego do que seria de se esperar&#8221; (Valor, 20\/07\/2025).<\/p>\n<p>\u00c9 f\u00e1cil de ver como essa pol\u00edtica tresloucada drena nossos recursos.<\/p>\n<p>O total da d\u00edvida bruta do governo (Uni\u00e3o, estados, munic\u00edpios e INSS), em janeiro deste ano, chegava a R$ 8,9 trilh\u00f5es, o equivalente a 75,3% do PIB. Sobre esse montante, pagamos de juros, em maio, a bagatela de R$ 92,1 bilh\u00f5es. Da \u00faltima eleva\u00e7\u00e3o da Selic imposta imperialmente pelo BC \u2014 que a ningu\u00e9m tem satisfa\u00e7\u00f5es a prestar, ao contr\u00e1rio do que ocorre com o Executivo \u2014 deriva um adicional de despesa com juros projetada em R$ 12,1 bilh\u00f5es em 12 meses (o equivalente a 5% do custo total anual do SUS).<\/p>\n<p>Tudo fica claro como a luz do sol quando nos damos conta de que os cr\u00e9ditos da d\u00edvida externa v\u00e3o para as institui\u00e7\u00f5es financeiras (30%), para os fundos de pens\u00e3o (23%), para os fundos de investimentos (22%) e aplicadores estrangeiros (10%).<\/p>\n<p>Neste para\u00edso do capital especulativo em que nos torn\u00e1mos, todo dia \u00e9 dia de festa na Faria Lima.<\/p>\n<p>O ex-presidente do BC ao tempo de FHC diz e rediz, para g\u00e1udio dos &#8220;especialistas&#8221; da TV, mestres da platitude, que a fonte da crise s\u00e3o os sal\u00e1rios dos aposentados \u2014 os quais, portanto, devem ser congelados por seis anos ou mais. Um empres\u00e1rio, apresentado pelos grandes meios como &#8220;rei do ovo&#8221;, reproduzindo preconceitos de setores consider\u00e1veis da classe m\u00e9dia, proclama que a fonte de nossas mazelas \u00e9 o Bolsa Fam\u00edlia, que, ao afastar o miser\u00e1vel da mis\u00e9ria, &#8220;afastaria o povo da rede de trabalho&#8221;. Formado na mesma escola de seu antecessor, o presidente do BC indicado por Lula defende a pol\u00edtica de juros altos. O \u00faltimo aumento foi aprovado por unanimidade.<\/p>\n<p>No Congresso, a direita trafica o fim do piso constitucional das despesas com educa\u00e7\u00e3o e sa\u00fade \u2014 fundamentais para a popula\u00e7\u00e3o pobre, sempre chamada a pagar a conta da mis\u00e9ria capitalista. Nada menos que 70% dos deputados federais s\u00e3o contra o fim da escala de trabalho 6&#215;1, e 53% s\u00e3o contra as restri\u00e7\u00f5es aos altos sal\u00e1rios e 46% contra a eleva\u00e7\u00e3o do IR devido pelos super-ricos (pesquisa Genial\/Quaest).<\/p>\n<p>Porta-voz de uma classe dominante herdeira da escravid\u00e3o e do latif\u00fandio, as grandes empresas de comunica\u00e7\u00e3o anatematizam como populistas (o que \u00e9 mesmo o &#8220;populismo&#8221;?) os mecanismos de prote\u00e7\u00e3o social constru\u00eddos por este pa\u00eds moldado na desigualdade. Mas, por \u00f3bvio, o sil\u00eancio se instala quando o tema s\u00e3o os interesses da classe dominante.<\/p>\n<p>Deixam de ser considerados gastos e n\u00e3o s\u00e3o considerados como agentes inflacion\u00e1rios os R$ 518,2 bilh\u00f5es destinados pelo Plano Safra (2025\/2026) \u00e0 grande agricultura empresarial, da qual quase nada se exige como contrapartida. Por outro lado, os recursos destinados ao financiamento da agricultura familiar e \u00e0 agroecologia (respons\u00e1veis por um quantum superior a 30% dos alimentos que pousam na mesa dos brasileiros) somam apenas 5% desse total ofertado ao agroneg\u00f3cio, o que claramente fala sobre o car\u00e1ter do Estado de classes.<\/p>\n<p>De igual modo, n\u00e3o s\u00e3o considerados gastos os R$ 58,9 bilh\u00f5es desviados da Uni\u00e3o pelo continuado esc\u00e2ndalo do &#8220;or\u00e7amento secreto&#8221; \u2014 instrumento de evas\u00e3o de recursos p\u00fablicos para a ordem patrimonialista. Destinam-se, o mais das vezes, ao financiamento de obras \u00e0 margem de an\u00e1lise de necessidade ou planejamento, livres de fiscaliza\u00e7\u00e3o \u2014 umas que chegam a ser conclu\u00eddas, muitas projetadas para n\u00e3o serem realizadas, permanentemente inconclusas para permanentemente carecerem de recursos.<\/p>\n<p>Nessa l\u00f3gica perversa, tampouco s\u00e3o considerados gastos algo entre R$ 800 e R$ 900 bilh\u00f5es\/ano (6% do PIB) destinados ao custeio de incentivos e isen\u00e7\u00f5es fiscais surrupiados da Uni\u00e3o para a iniciativa privada, inclu\u00eddos os R$ 20 bilh\u00f5es que, por esse mecanismo, se desviam do SUS a cada ano.<\/p>\n<p>No movimento de revoga\u00e7\u00e3o, inconstitucional, do decreto presidencial que alterava as al\u00edquotas do IOF \u2014 acusado de aumentar a arrecada\u00e7\u00e3o quando o &#8220;dever de casa&#8221; do governo seria reduzir &#8220;gastos&#8221; \u2014, o Congresso volta a aumentar os pr\u00f3prios gastos (onerando o d\u00e9ficit) ao criar 18 novas e injustificadas cadeiras de deputados federais, a um custo ainda dif\u00edcil de estimar, pois aos novos deputados federais se somar\u00e1 uma caterva de novos deputados estaduais (e seus respectivos gabinetes etc.) em nove estados.<\/p>\n<p>Gastos, afinal, s\u00e3o s\u00f3 os investimentos sociais ou aqueles destinados ao desenvolvimento do pa\u00eds.<\/p>\n<p>A atual maioria do Congresso, com a servid\u00e3o dos presidentes das duas Casas, maquina contra a democracia sabotando o governo, transformando em fiapos a rede de prote\u00e7\u00e3o social t\u00e3o duramente tecida, atrasando por d\u00e9cadas os sonhos de desenvolvimento nacional.<\/p>\n<p>O &#8220;n\u00f3s contra eles&#8221; \u2014 que tanto incomoda a classe dominante e seus porta-vozes \u2014 aponta um caminho de reorganiza\u00e7\u00e3o da centro-esquerda, uma redefini\u00e7\u00e3o de rumos para al\u00e9m do embate eleitoral que se avizinha. E d\u00e1 oportuna li\u00e7\u00e3o aos estrategistas do terceiro andar do Pal\u00e1cio do Planalto: enfrentar o advers\u00e1rio \u00e9 uma exig\u00eancia da pol\u00edtica.<\/p>\n<p>&#8230;&#8230;&#8230;&#8230;&#8230;&#8230;&#8230;&#8230;&#8230;&#8230;&#8230;..<\/p>\n<p><strong>Roberto Amaral foi ministro da Ci\u00eancia e Tecnologia de Lula 1<\/strong><\/p>\n","protected":false},"excerpt":{"rendered":"<p>&#8220;H\u00e1 uma luta de classes, sim. Mas \u00e9 a minha classe, a classe rica, que est\u00e1 fazendo a guerra, e estamos ganhando&#8221;. \u2060 \u2014 Warren Buffett, magnata estadunidense. &#8230;. O governo Lula, quase tardiamente, ensaia algo que pode sugerir o in\u00edcio de uma reforma fiscal, cutucando os superlucros dos super-ricos. S\u00e3o o 1% que nos [&hellip;]<\/p>\n","protected":false},"author":2,"featured_media":357715,"comment_status":"closed","ping_status":"closed","sticky":false,"template":"","format":"standard","meta":{"_acf_changed":false,"footnotes":""},"categories":[16],"tags":[95],"class_list":["post-357714","post","type-post","status-publish","format-standard","has-post-thumbnail","hentry","category-brasil","tag-capa"],"acf":[],"yoast_head":"<!-- This site is optimized with the Yoast SEO plugin v27.5 - https:\/\/yoast.com\/product\/yoast-seo-wordpress\/ -->\n<title>Lula chutou no gol dos super-ricos e agora torce para bola n\u00e3o bater na trave - Notibras<\/title>\n<meta name=\"robots\" content=\"index, follow, max-snippet:-1, max-image-preview:large, max-video-preview:-1\" \/>\n<link rel=\"canonical\" href=\"https:\/\/www.notibras.com\/site\/lula-chutou-no-gol-dos-super-ricos-e-agora-torce-para-bola-nao-bater-na-trave\/\" \/>\n<meta property=\"og:locale\" content=\"pt_BR\" \/>\n<meta property=\"og:type\" content=\"article\" \/>\n<meta property=\"og:title\" content=\"Lula chutou no gol dos super-ricos e agora torce para bola n\u00e3o bater na trave - Notibras\" \/>\n<meta property=\"og:description\" content=\"&#8220;H\u00e1 uma luta de classes, sim. Mas \u00e9 a minha classe, a classe rica, que est\u00e1 fazendo a guerra, e estamos ganhando&#8221;. \u2060 \u2014 Warren Buffett, magnata estadunidense. &#8230;. O governo Lula, quase tardiamente, ensaia algo que pode sugerir o in\u00edcio de uma reforma fiscal, cutucando os superlucros dos super-ricos. S\u00e3o o 1% que nos [&hellip;]\" \/>\n<meta property=\"og:url\" content=\"https:\/\/www.notibras.com\/site\/lula-chutou-no-gol-dos-super-ricos-e-agora-torce-para-bola-nao-bater-na-trave\/\" \/>\n<meta property=\"og:site_name\" content=\"Notibras\" \/>\n<meta property=\"article:publisher\" content=\"https:\/\/www.facebook.com\/notibras\/\" \/>\n<meta property=\"article:published_time\" content=\"2025-07-09T11:06:08+00:00\" \/>\n<meta property=\"article:modified_time\" content=\"2025-07-09T11:56:32+00:00\" \/>\n<meta property=\"og:image\" content=\"https:\/\/www.notibras.com\/site\/wp-content\/uploads\/2025\/07\/lulauperricos.amaral.jpg\" \/>\n\t<meta property=\"og:image:width\" content=\"1280\" \/>\n\t<meta property=\"og:image:height\" content=\"1280\" \/>\n\t<meta property=\"og:image:type\" content=\"image\/jpeg\" \/>\n<meta name=\"author\" content=\"Reda\u00e7\u00e3o\" \/>\n<meta name=\"twitter:card\" content=\"summary_large_image\" \/>\n<meta name=\"twitter:creator\" content=\"@Notibras\" \/>\n<meta name=\"twitter:site\" content=\"@Notibras\" \/>\n<meta name=\"twitter:label1\" content=\"Escrito por\" \/>\n\t<meta name=\"twitter:data1\" content=\"Reda\u00e7\u00e3o\" \/>\n\t<meta name=\"twitter:label2\" content=\"Est. tempo de leitura\" \/>\n\t<meta name=\"twitter:data2\" content=\"11 minutos\" \/>\n<script type=\"application\/ld+json\" class=\"yoast-schema-graph\">{\"@context\":\"https:\\\/\\\/schema.org\",\"@graph\":[{\"@type\":\"Article\",\"@id\":\"https:\\\/\\\/www.notibras.com\\\/site\\\/lula-chutou-no-gol-dos-super-ricos-e-agora-torce-para-bola-nao-bater-na-trave\\\/#article\",\"isPartOf\":{\"@id\":\"https:\\\/\\\/www.notibras.com\\\/site\\\/lula-chutou-no-gol-dos-super-ricos-e-agora-torce-para-bola-nao-bater-na-trave\\\/\"},\"author\":{\"name\":\"Reda\u00e7\u00e3o\",\"@id\":\"https:\\\/\\\/www.notibras.com\\\/site\\\/#\\\/schema\\\/person\\\/36ab0979449956132d3e5b517ea76ac8\"},\"headline\":\"Lula chutou no gol dos super-ricos e agora torce para bola n\u00e3o bater na trave\",\"datePublished\":\"2025-07-09T11:06:08+00:00\",\"dateModified\":\"2025-07-09T11:56:32+00:00\",\"mainEntityOfPage\":{\"@id\":\"https:\\\/\\\/www.notibras.com\\\/site\\\/lula-chutou-no-gol-dos-super-ricos-e-agora-torce-para-bola-nao-bater-na-trave\\\/\"},\"wordCount\":1979,\"publisher\":{\"@id\":\"https:\\\/\\\/www.notibras.com\\\/site\\\/#organization\"},\"image\":{\"@id\":\"https:\\\/\\\/www.notibras.com\\\/site\\\/lula-chutou-no-gol-dos-super-ricos-e-agora-torce-para-bola-nao-bater-na-trave\\\/#primaryimage\"},\"thumbnailUrl\":\"https:\\\/\\\/www.notibras.com\\\/site\\\/wp-content\\\/uploads\\\/2025\\\/07\\\/lulauperricos.amaral.jpg\",\"keywords\":[\"capa\"],\"articleSection\":[\"Brasil\"],\"inLanguage\":\"pt-BR\"},{\"@type\":\"WebPage\",\"@id\":\"https:\\\/\\\/www.notibras.com\\\/site\\\/lula-chutou-no-gol-dos-super-ricos-e-agora-torce-para-bola-nao-bater-na-trave\\\/\",\"url\":\"https:\\\/\\\/www.notibras.com\\\/site\\\/lula-chutou-no-gol-dos-super-ricos-e-agora-torce-para-bola-nao-bater-na-trave\\\/\",\"name\":\"Lula chutou no gol dos super-ricos e agora torce para bola n\u00e3o bater na trave - Notibras\",\"isPartOf\":{\"@id\":\"https:\\\/\\\/www.notibras.com\\\/site\\\/#website\"},\"primaryImageOfPage\":{\"@id\":\"https:\\\/\\\/www.notibras.com\\\/site\\\/lula-chutou-no-gol-dos-super-ricos-e-agora-torce-para-bola-nao-bater-na-trave\\\/#primaryimage\"},\"image\":{\"@id\":\"https:\\\/\\\/www.notibras.com\\\/site\\\/lula-chutou-no-gol-dos-super-ricos-e-agora-torce-para-bola-nao-bater-na-trave\\\/#primaryimage\"},\"thumbnailUrl\":\"https:\\\/\\\/www.notibras.com\\\/site\\\/wp-content\\\/uploads\\\/2025\\\/07\\\/lulauperricos.amaral.jpg\",\"datePublished\":\"2025-07-09T11:06:08+00:00\",\"dateModified\":\"2025-07-09T11:56:32+00:00\",\"breadcrumb\":{\"@id\":\"https:\\\/\\\/www.notibras.com\\\/site\\\/lula-chutou-no-gol-dos-super-ricos-e-agora-torce-para-bola-nao-bater-na-trave\\\/#breadcrumb\"},\"inLanguage\":\"pt-BR\",\"potentialAction\":[{\"@type\":\"ReadAction\",\"target\":[\"https:\\\/\\\/www.notibras.com\\\/site\\\/lula-chutou-no-gol-dos-super-ricos-e-agora-torce-para-bola-nao-bater-na-trave\\\/\"]}]},{\"@type\":\"ImageObject\",\"inLanguage\":\"pt-BR\",\"@id\":\"https:\\\/\\\/www.notibras.com\\\/site\\\/lula-chutou-no-gol-dos-super-ricos-e-agora-torce-para-bola-nao-bater-na-trave\\\/#primaryimage\",\"url\":\"https:\\\/\\\/www.notibras.com\\\/site\\\/wp-content\\\/uploads\\\/2025\\\/07\\\/lulauperricos.amaral.jpg\",\"contentUrl\":\"https:\\\/\\\/www.notibras.com\\\/site\\\/wp-content\\\/uploads\\\/2025\\\/07\\\/lulauperricos.amaral.jpg\",\"width\":1280,\"height\":1280},{\"@type\":\"BreadcrumbList\",\"@id\":\"https:\\\/\\\/www.notibras.com\\\/site\\\/lula-chutou-no-gol-dos-super-ricos-e-agora-torce-para-bola-nao-bater-na-trave\\\/#breadcrumb\",\"itemListElement\":[{\"@type\":\"ListItem\",\"position\":1,\"name\":\"In\u00edcio\",\"item\":\"https:\\\/\\\/www.notibras.com\\\/site\\\/\"},{\"@type\":\"ListItem\",\"position\":2,\"name\":\"Lula chutou no gol dos super-ricos e agora torce para bola n\u00e3o bater na trave\"}]},{\"@type\":\"WebSite\",\"@id\":\"https:\\\/\\\/www.notibras.com\\\/site\\\/#website\",\"url\":\"https:\\\/\\\/www.notibras.com\\\/site\\\/\",\"name\":\"Notibras\",\"description\":\"Not\u00edcias de Bras\u00edlia, do Brasil e do Mundo\",\"publisher\":{\"@id\":\"https:\\\/\\\/www.notibras.com\\\/site\\\/#organization\"},\"potentialAction\":[{\"@type\":\"SearchAction\",\"target\":{\"@type\":\"EntryPoint\",\"urlTemplate\":\"https:\\\/\\\/www.notibras.com\\\/site\\\/?s={search_term_string}\"},\"query-input\":{\"@type\":\"PropertyValueSpecification\",\"valueRequired\":true,\"valueName\":\"search_term_string\"}}],\"inLanguage\":\"pt-BR\"},{\"@type\":\"Organization\",\"@id\":\"https:\\\/\\\/www.notibras.com\\\/site\\\/#organization\",\"name\":\"Grupo Notibras de Comunica\u00e7\u00e3o\",\"url\":\"https:\\\/\\\/www.notibras.com\\\/site\\\/\",\"logo\":{\"@type\":\"ImageObject\",\"inLanguage\":\"pt-BR\",\"@id\":\"https:\\\/\\\/www.notibras.com\\\/site\\\/#\\\/schema\\\/logo\\\/image\\\/\",\"url\":\"https:\\\/\\\/www.notibras.com\\\/site\\\/wp-content\\\/uploads\\\/2023\\\/01\\\/notibras23.png\",\"contentUrl\":\"https:\\\/\\\/www.notibras.com\\\/site\\\/wp-content\\\/uploads\\\/2023\\\/01\\\/notibras23.png\",\"width\":350,\"height\":87,\"caption\":\"Grupo Notibras de Comunica\u00e7\u00e3o\"},\"image\":{\"@id\":\"https:\\\/\\\/www.notibras.com\\\/site\\\/#\\\/schema\\\/logo\\\/image\\\/\"},\"sameAs\":[\"https:\\\/\\\/www.facebook.com\\\/notibras\\\/\",\"https:\\\/\\\/x.com\\\/Notibras\",\"https:\\\/\\\/www.instagram.com\\\/notibras\\\/\"]},{\"@type\":\"Person\",\"@id\":\"https:\\\/\\\/www.notibras.com\\\/site\\\/#\\\/schema\\\/person\\\/36ab0979449956132d3e5b517ea76ac8\",\"name\":\"Reda\u00e7\u00e3o\",\"image\":{\"@type\":\"ImageObject\",\"inLanguage\":\"pt-BR\",\"@id\":\"https:\\\/\\\/secure.gravatar.com\\\/avatar\\\/e0a867bdedb85fd243eadf09663511f96fc81e0720a4a42581f334ad4303aa6b?s=96&d=mm&r=g\",\"url\":\"https:\\\/\\\/secure.gravatar.com\\\/avatar\\\/e0a867bdedb85fd243eadf09663511f96fc81e0720a4a42581f334ad4303aa6b?s=96&d=mm&r=g\",\"contentUrl\":\"https:\\\/\\\/secure.gravatar.com\\\/avatar\\\/e0a867bdedb85fd243eadf09663511f96fc81e0720a4a42581f334ad4303aa6b?s=96&d=mm&r=g\",\"caption\":\"Reda\u00e7\u00e3o\"}}]}<\/script>\n<!-- \/ Yoast SEO plugin. -->","yoast_head_json":{"title":"Lula chutou no gol dos super-ricos e agora torce para bola n\u00e3o bater na trave - Notibras","robots":{"index":"index","follow":"follow","max-snippet":"max-snippet:-1","max-image-preview":"max-image-preview:large","max-video-preview":"max-video-preview:-1"},"canonical":"https:\/\/www.notibras.com\/site\/lula-chutou-no-gol-dos-super-ricos-e-agora-torce-para-bola-nao-bater-na-trave\/","og_locale":"pt_BR","og_type":"article","og_title":"Lula chutou no gol dos super-ricos e agora torce para bola n\u00e3o bater na trave - Notibras","og_description":"&#8220;H\u00e1 uma luta de classes, sim. Mas \u00e9 a minha classe, a classe rica, que est\u00e1 fazendo a guerra, e estamos ganhando&#8221;. \u2060 \u2014 Warren Buffett, magnata estadunidense. &#8230;. O governo Lula, quase tardiamente, ensaia algo que pode sugerir o in\u00edcio de uma reforma fiscal, cutucando os superlucros dos super-ricos. S\u00e3o o 1% que nos [&hellip;]","og_url":"https:\/\/www.notibras.com\/site\/lula-chutou-no-gol-dos-super-ricos-e-agora-torce-para-bola-nao-bater-na-trave\/","og_site_name":"Notibras","article_publisher":"https:\/\/www.facebook.com\/notibras\/","article_published_time":"2025-07-09T11:06:08+00:00","article_modified_time":"2025-07-09T11:56:32+00:00","og_image":[{"width":1280,"height":1280,"url":"https:\/\/www.notibras.com\/site\/wp-content\/uploads\/2025\/07\/lulauperricos.amaral.jpg","type":"image\/jpeg"}],"author":"Reda\u00e7\u00e3o","twitter_card":"summary_large_image","twitter_creator":"@Notibras","twitter_site":"@Notibras","twitter_misc":{"Escrito por":"Reda\u00e7\u00e3o","Est. tempo de leitura":"11 minutos"},"schema":{"@context":"https:\/\/schema.org","@graph":[{"@type":"Article","@id":"https:\/\/www.notibras.com\/site\/lula-chutou-no-gol-dos-super-ricos-e-agora-torce-para-bola-nao-bater-na-trave\/#article","isPartOf":{"@id":"https:\/\/www.notibras.com\/site\/lula-chutou-no-gol-dos-super-ricos-e-agora-torce-para-bola-nao-bater-na-trave\/"},"author":{"name":"Reda\u00e7\u00e3o","@id":"https:\/\/www.notibras.com\/site\/#\/schema\/person\/36ab0979449956132d3e5b517ea76ac8"},"headline":"Lula chutou no gol dos super-ricos e agora torce para bola n\u00e3o bater na trave","datePublished":"2025-07-09T11:06:08+00:00","dateModified":"2025-07-09T11:56:32+00:00","mainEntityOfPage":{"@id":"https:\/\/www.notibras.com\/site\/lula-chutou-no-gol-dos-super-ricos-e-agora-torce-para-bola-nao-bater-na-trave\/"},"wordCount":1979,"publisher":{"@id":"https:\/\/www.notibras.com\/site\/#organization"},"image":{"@id":"https:\/\/www.notibras.com\/site\/lula-chutou-no-gol-dos-super-ricos-e-agora-torce-para-bola-nao-bater-na-trave\/#primaryimage"},"thumbnailUrl":"https:\/\/www.notibras.com\/site\/wp-content\/uploads\/2025\/07\/lulauperricos.amaral.jpg","keywords":["capa"],"articleSection":["Brasil"],"inLanguage":"pt-BR"},{"@type":"WebPage","@id":"https:\/\/www.notibras.com\/site\/lula-chutou-no-gol-dos-super-ricos-e-agora-torce-para-bola-nao-bater-na-trave\/","url":"https:\/\/www.notibras.com\/site\/lula-chutou-no-gol-dos-super-ricos-e-agora-torce-para-bola-nao-bater-na-trave\/","name":"Lula chutou no gol dos super-ricos e agora torce para bola n\u00e3o bater na trave - Notibras","isPartOf":{"@id":"https:\/\/www.notibras.com\/site\/#website"},"primaryImageOfPage":{"@id":"https:\/\/www.notibras.com\/site\/lula-chutou-no-gol-dos-super-ricos-e-agora-torce-para-bola-nao-bater-na-trave\/#primaryimage"},"image":{"@id":"https:\/\/www.notibras.com\/site\/lula-chutou-no-gol-dos-super-ricos-e-agora-torce-para-bola-nao-bater-na-trave\/#primaryimage"},"thumbnailUrl":"https:\/\/www.notibras.com\/site\/wp-content\/uploads\/2025\/07\/lulauperricos.amaral.jpg","datePublished":"2025-07-09T11:06:08+00:00","dateModified":"2025-07-09T11:56:32+00:00","breadcrumb":{"@id":"https:\/\/www.notibras.com\/site\/lula-chutou-no-gol-dos-super-ricos-e-agora-torce-para-bola-nao-bater-na-trave\/#breadcrumb"},"inLanguage":"pt-BR","potentialAction":[{"@type":"ReadAction","target":["https:\/\/www.notibras.com\/site\/lula-chutou-no-gol-dos-super-ricos-e-agora-torce-para-bola-nao-bater-na-trave\/"]}]},{"@type":"ImageObject","inLanguage":"pt-BR","@id":"https:\/\/www.notibras.com\/site\/lula-chutou-no-gol-dos-super-ricos-e-agora-torce-para-bola-nao-bater-na-trave\/#primaryimage","url":"https:\/\/www.notibras.com\/site\/wp-content\/uploads\/2025\/07\/lulauperricos.amaral.jpg","contentUrl":"https:\/\/www.notibras.com\/site\/wp-content\/uploads\/2025\/07\/lulauperricos.amaral.jpg","width":1280,"height":1280},{"@type":"BreadcrumbList","@id":"https:\/\/www.notibras.com\/site\/lula-chutou-no-gol-dos-super-ricos-e-agora-torce-para-bola-nao-bater-na-trave\/#breadcrumb","itemListElement":[{"@type":"ListItem","position":1,"name":"In\u00edcio","item":"https:\/\/www.notibras.com\/site\/"},{"@type":"ListItem","position":2,"name":"Lula chutou no gol dos super-ricos e agora torce para bola n\u00e3o bater na trave"}]},{"@type":"WebSite","@id":"https:\/\/www.notibras.com\/site\/#website","url":"https:\/\/www.notibras.com\/site\/","name":"Notibras","description":"Not\u00edcias de Bras\u00edlia, do Brasil e do Mundo","publisher":{"@id":"https:\/\/www.notibras.com\/site\/#organization"},"potentialAction":[{"@type":"SearchAction","target":{"@type":"EntryPoint","urlTemplate":"https:\/\/www.notibras.com\/site\/?s={search_term_string}"},"query-input":{"@type":"PropertyValueSpecification","valueRequired":true,"valueName":"search_term_string"}}],"inLanguage":"pt-BR"},{"@type":"Organization","@id":"https:\/\/www.notibras.com\/site\/#organization","name":"Grupo Notibras de Comunica\u00e7\u00e3o","url":"https:\/\/www.notibras.com\/site\/","logo":{"@type":"ImageObject","inLanguage":"pt-BR","@id":"https:\/\/www.notibras.com\/site\/#\/schema\/logo\/image\/","url":"https:\/\/www.notibras.com\/site\/wp-content\/uploads\/2023\/01\/notibras23.png","contentUrl":"https:\/\/www.notibras.com\/site\/wp-content\/uploads\/2023\/01\/notibras23.png","width":350,"height":87,"caption":"Grupo Notibras de Comunica\u00e7\u00e3o"},"image":{"@id":"https:\/\/www.notibras.com\/site\/#\/schema\/logo\/image\/"},"sameAs":["https:\/\/www.facebook.com\/notibras\/","https:\/\/x.com\/Notibras","https:\/\/www.instagram.com\/notibras\/"]},{"@type":"Person","@id":"https:\/\/www.notibras.com\/site\/#\/schema\/person\/36ab0979449956132d3e5b517ea76ac8","name":"Reda\u00e7\u00e3o","image":{"@type":"ImageObject","inLanguage":"pt-BR","@id":"https:\/\/secure.gravatar.com\/avatar\/e0a867bdedb85fd243eadf09663511f96fc81e0720a4a42581f334ad4303aa6b?s=96&d=mm&r=g","url":"https:\/\/secure.gravatar.com\/avatar\/e0a867bdedb85fd243eadf09663511f96fc81e0720a4a42581f334ad4303aa6b?s=96&d=mm&r=g","contentUrl":"https:\/\/secure.gravatar.com\/avatar\/e0a867bdedb85fd243eadf09663511f96fc81e0720a4a42581f334ad4303aa6b?s=96&d=mm&r=g","caption":"Reda\u00e7\u00e3o"}}]}},"amp_enabled":true,"_links":{"self":[{"href":"https:\/\/www.notibras.com\/site\/wp-json\/wp\/v2\/posts\/357714","targetHints":{"allow":["GET"]}}],"collection":[{"href":"https:\/\/www.notibras.com\/site\/wp-json\/wp\/v2\/posts"}],"about":[{"href":"https:\/\/www.notibras.com\/site\/wp-json\/wp\/v2\/types\/post"}],"author":[{"embeddable":true,"href":"https:\/\/www.notibras.com\/site\/wp-json\/wp\/v2\/users\/2"}],"replies":[{"embeddable":true,"href":"https:\/\/www.notibras.com\/site\/wp-json\/wp\/v2\/comments?post=357714"}],"version-history":[{"count":1,"href":"https:\/\/www.notibras.com\/site\/wp-json\/wp\/v2\/posts\/357714\/revisions"}],"predecessor-version":[{"id":357716,"href":"https:\/\/www.notibras.com\/site\/wp-json\/wp\/v2\/posts\/357714\/revisions\/357716"}],"wp:featuredmedia":[{"embeddable":true,"href":"https:\/\/www.notibras.com\/site\/wp-json\/wp\/v2\/media\/357715"}],"wp:attachment":[{"href":"https:\/\/www.notibras.com\/site\/wp-json\/wp\/v2\/media?parent=357714"}],"wp:term":[{"taxonomy":"category","embeddable":true,"href":"https:\/\/www.notibras.com\/site\/wp-json\/wp\/v2\/categories?post=357714"},{"taxonomy":"post_tag","embeddable":true,"href":"https:\/\/www.notibras.com\/site\/wp-json\/wp\/v2\/tags?post=357714"}],"curies":[{"name":"wp","href":"https:\/\/api.w.org\/{rel}","templated":true}]}}