{"id":357727,"date":"2025-07-09T08:27:54","date_gmt":"2025-07-09T11:27:54","guid":{"rendered":"https:\/\/www.notibras.com\/site\/?p=357727"},"modified":"2025-07-09T08:27:54","modified_gmt":"2025-07-09T11:27:54","slug":"russos-avancam-e-criam-uma-zona-tampao-na-ucrania","status":"publish","type":"post","link":"https:\/\/www.notibras.com\/site\/russos-avancam-e-criam-uma-zona-tampao-na-ucrania\/","title":{"rendered":"Russos avan\u00e7am e criam uma zona tamp\u00e3o na Ucr\u00e2nia"},"content":{"rendered":"<p>Tropas russas est\u00e3o avan\u00e7ando na \u00e1rea de uma opera\u00e7\u00e3o militar especial e criando uma zona-tamp\u00e3o para garantir a seguran\u00e7a, disse o porta-voz do Kremlin, Dmitry Peskov, nesta quarta-feira, 9.<\/p>\n<p>&#8220;Voc\u00eas sabem que nossas tropas est\u00e3o avan\u00e7ando, criando zonas de prote\u00e7\u00e3o adequadas para garantir a seguran\u00e7a de nossas regi\u00f5es. Este trabalho militar continua&#8221;, disse Peskov aos rep\u00f3rteres.<\/p>\n<p>Outras declara\u00e7\u00f5es de Peskov:<\/p>\n<p>&#x25aa;&#xfe0f; A complexidade da situa\u00e7\u00e3o na Ucr\u00e2nia impede que o problema seja resolvido diplomaticamente imediatamente<\/p>\n<p>&#x25aa;&#xfe0f; Moscou espera que a terceira rodada de negocia\u00e7\u00f5es entre as delega\u00e7\u00f5es russa e ucraniana ocorra e que o di\u00e1logo continue<\/p>\n<p>&#x25aa;&#xfe0f; As negocia\u00e7\u00f5es diretas entre a R\u00fassia e a Ucr\u00e2nia s\u00e3o do interesse de Kiev, j\u00e1 que a situa\u00e7\u00e3o no local est\u00e1 mudando diariamente em desvantagem para os ucranianos<\/p>\n<p>&#x25aa;&#xfe0f; A complexidade da situa\u00e7\u00e3o na Ucr\u00e2nia impede que o problema seja resolvido diplomaticamente imediatamente<\/p>\n<p>&#x25aa;&#xfe0f; A R\u00fassia n\u00e3o pretende cumprir as decis\u00f5es do Tribunal Europeu de Direitos Humanos sobre as reclama\u00e7\u00f5es da Ucr\u00e2nia e da Holanda sobre as a\u00e7\u00f5es de Moscou, considerando-as nulas e sem efeito<\/p>\n<p>&#x25aa;&#xfe0f;Sobre as supostas amea\u00e7as de Trump de &#8220;bombardear&#8221; Moscou e Pequim: O Kremlin n\u00e3o sabe se isso \u00e9 falso ou n\u00e3o, j\u00e1 que tais discuss\u00f5es n\u00e3o ocorreram durante o per\u00edodo em que Trump ainda n\u00e3o era presidente<\/p>\n<p>&#x25aa;&#xfe0f; N\u00e3o h\u00e1 desacordos entre Washington e Moscou; h\u00e1 um desejo de resolver a situa\u00e7\u00e3o na Ucr\u00e2nia por meios pol\u00edticos e diplom\u00e1ticos<\/p>\n","protected":false},"excerpt":{"rendered":"<p>Tropas russas est\u00e3o avan\u00e7ando na \u00e1rea de uma opera\u00e7\u00e3o militar especial e criando uma zona-tamp\u00e3o para garantir a seguran\u00e7a, disse o porta-voz do Kremlin, Dmitry Peskov, nesta quarta-feira, 9. &#8220;Voc\u00eas sabem que nossas tropas est\u00e3o avan\u00e7ando, criando zonas de prote\u00e7\u00e3o adequadas para garantir a seguran\u00e7a de nossas regi\u00f5es. Este trabalho militar continua&#8221;, disse Peskov aos [&hellip;]<\/p>\n","protected":false},"author":2,"featured_media":357728,"comment_status":"closed","ping_status":"closed","sticky":false,"template":"","format":"standard","meta":{"_acf_changed":false,"footnotes":""},"categories":[159],"tags":[],"class_list":["post-357727","post","type-post","status-publish","format-standard","has-post-thumbnail","hentry","category-apocalipse"],"acf":[],"yoast_head":"<!-- This site is optimized with the Yoast SEO plugin v27.2 - https:\/\/yoast.com\/product\/yoast-seo-wordpress\/ -->\n<title>Russos avan\u00e7am e criam uma zona tamp\u00e3o na Ucr\u00e2nia - Notibras<\/title>\n<meta name=\"robots\" content=\"index, follow, max-snippet:-1, max-image-preview:large, max-video-preview:-1\" \/>\n<link rel=\"canonical\" href=\"https:\/\/www.notibras.com\/site\/russos-avancam-e-criam-uma-zona-tampao-na-ucrania\/\" \/>\n<meta property=\"og:locale\" content=\"pt_BR\" \/>\n<meta property=\"og:type\" content=\"article\" \/>\n<meta property=\"og:title\" content=\"Russos avan\u00e7am e criam uma zona tamp\u00e3o na Ucr\u00e2nia - Notibras\" \/>\n<meta property=\"og:description\" content=\"Tropas russas est\u00e3o avan\u00e7ando na \u00e1rea de uma opera\u00e7\u00e3o militar especial e criando uma zona-tamp\u00e3o para garantir a seguran\u00e7a, disse o porta-voz do Kremlin, Dmitry Peskov, nesta quarta-feira, 9. &#8220;Voc\u00eas sabem que nossas tropas est\u00e3o avan\u00e7ando, criando zonas de prote\u00e7\u00e3o adequadas para garantir a seguran\u00e7a de nossas regi\u00f5es. Este trabalho militar continua&#8221;, disse Peskov aos [&hellip;]\" \/>\n<meta property=\"og:url\" content=\"https:\/\/www.notibras.com\/site\/russos-avancam-e-criam-uma-zona-tampao-na-ucrania\/\" \/>\n<meta property=\"og:site_name\" content=\"Notibras\" \/>\n<meta property=\"article:publisher\" content=\"https:\/\/www.facebook.com\/notibras\/\" \/>\n<meta property=\"article:published_time\" content=\"2025-07-09T11:27:54+00:00\" \/>\n<meta property=\"og:image\" content=\"https:\/\/www.notibras.com\/site\/wp-content\/uploads\/2025\/07\/1120179731_0_160_3072_1888_1920x0_80_0_0_d2b04a89cfc3c58589c96f1c5e31322b.jpg.webp\" \/>\n\t<meta property=\"og:image:width\" content=\"1920\" \/>\n\t<meta property=\"og:image:height\" content=\"1080\" \/>\n\t<meta property=\"og:image:type\" content=\"image\/webp\" \/>\n<meta name=\"author\" content=\"Reda\u00e7\u00e3o\" \/>\n<meta name=\"twitter:card\" content=\"summary_large_image\" \/>\n<meta name=\"twitter:creator\" content=\"@Notibras\" \/>\n<meta name=\"twitter:site\" content=\"@Notibras\" \/>\n<meta name=\"twitter:label1\" content=\"Escrito por\" \/>\n\t<meta name=\"twitter:data1\" content=\"Reda\u00e7\u00e3o\" \/>\n\t<meta name=\"twitter:label2\" content=\"Est. tempo de leitura\" \/>\n\t<meta name=\"twitter:data2\" content=\"2 minutos\" \/>\n<script type=\"application\/ld+json\" class=\"yoast-schema-graph\">{\"@context\":\"https:\/\/schema.org\",\"@graph\":[{\"@type\":\"Article\",\"@id\":\"https:\/\/www.notibras.com\/site\/russos-avancam-e-criam-uma-zona-tampao-na-ucrania\/#article\",\"isPartOf\":{\"@id\":\"https:\/\/www.notibras.com\/site\/russos-avancam-e-criam-uma-zona-tampao-na-ucrania\/\"},\"author\":{\"name\":\"Reda\u00e7\u00e3o\",\"@id\":\"https:\/\/www.notibras.com\/site\/#\/schema\/person\/36ab0979449956132d3e5b517ea76ac8\"},\"headline\":\"Russos avan\u00e7am e criam uma zona tamp\u00e3o na Ucr\u00e2nia\",\"datePublished\":\"2025-07-09T11:27:54+00:00\",\"mainEntityOfPage\":{\"@id\":\"https:\/\/www.notibras.com\/site\/russos-avancam-e-criam-uma-zona-tampao-na-ucrania\/\"},\"wordCount\":306,\"publisher\":{\"@id\":\"https:\/\/www.notibras.com\/site\/#organization\"},\"image\":{\"@id\":\"https:\/\/www.notibras.com\/site\/russos-avancam-e-criam-uma-zona-tampao-na-ucrania\/#primaryimage\"},\"thumbnailUrl\":\"https:\/\/www.notibras.com\/site\/wp-content\/uploads\/2025\/07\/1120179731_0_160_3072_1888_1920x0_80_0_0_d2b04a89cfc3c58589c96f1c5e31322b.jpg.webp\",\"articleSection\":[\"Apocalipse\"],\"inLanguage\":\"pt-BR\"},{\"@type\":\"WebPage\",\"@id\":\"https:\/\/www.notibras.com\/site\/russos-avancam-e-criam-uma-zona-tampao-na-ucrania\/\",\"url\":\"https:\/\/www.notibras.com\/site\/russos-avancam-e-criam-uma-zona-tampao-na-ucrania\/\",\"name\":\"Russos avan\u00e7am e criam uma zona tamp\u00e3o na Ucr\u00e2nia - Notibras\",\"isPartOf\":{\"@id\":\"https:\/\/www.notibras.com\/site\/#website\"},\"primaryImageOfPage\":{\"@id\":\"https:\/\/www.notibras.com\/site\/russos-avancam-e-criam-uma-zona-tampao-na-ucrania\/#primaryimage\"},\"image\":{\"@id\":\"https:\/\/www.notibras.com\/site\/russos-avancam-e-criam-uma-zona-tampao-na-ucrania\/#primaryimage\"},\"thumbnailUrl\":\"https:\/\/www.notibras.com\/site\/wp-content\/uploads\/2025\/07\/1120179731_0_160_3072_1888_1920x0_80_0_0_d2b04a89cfc3c58589c96f1c5e31322b.jpg.webp\",\"datePublished\":\"2025-07-09T11:27:54+00:00\",\"breadcrumb\":{\"@id\":\"https:\/\/www.notibras.com\/site\/russos-avancam-e-criam-uma-zona-tampao-na-ucrania\/#breadcrumb\"},\"inLanguage\":\"pt-BR\",\"potentialAction\":[{\"@type\":\"ReadAction\",\"target\":[\"https:\/\/www.notibras.com\/site\/russos-avancam-e-criam-uma-zona-tampao-na-ucrania\/\"]}]},{\"@type\":\"ImageObject\",\"inLanguage\":\"pt-BR\",\"@id\":\"https:\/\/www.notibras.com\/site\/russos-avancam-e-criam-uma-zona-tampao-na-ucrania\/#primaryimage\",\"url\":\"https:\/\/www.notibras.com\/site\/wp-content\/uploads\/2025\/07\/1120179731_0_160_3072_1888_1920x0_80_0_0_d2b04a89cfc3c58589c96f1c5e31322b.jpg.webp\",\"contentUrl\":\"https:\/\/www.notibras.com\/site\/wp-content\/uploads\/2025\/07\/1120179731_0_160_3072_1888_1920x0_80_0_0_d2b04a89cfc3c58589c96f1c5e31322b.jpg.webp\",\"width\":1920,\"height\":1080},{\"@type\":\"BreadcrumbList\",\"@id\":\"https:\/\/www.notibras.com\/site\/russos-avancam-e-criam-uma-zona-tampao-na-ucrania\/#breadcrumb\",\"itemListElement\":[{\"@type\":\"ListItem\",\"position\":1,\"name\":\"In\u00edcio\",\"item\":\"https:\/\/www.notibras.com\/site\/\"},{\"@type\":\"ListItem\",\"position\":2,\"name\":\"Russos avan\u00e7am e criam uma zona tamp\u00e3o na Ucr\u00e2nia\"}]},{\"@type\":\"WebSite\",\"@id\":\"https:\/\/www.notibras.com\/site\/#website\",\"url\":\"https:\/\/www.notibras.com\/site\/\",\"name\":\"Notibras\",\"description\":\"Not\u00edcias de Bras\u00edlia, do Brasil e do Mundo\",\"publisher\":{\"@id\":\"https:\/\/www.notibras.com\/site\/#organization\"},\"potentialAction\":[{\"@type\":\"SearchAction\",\"target\":{\"@type\":\"EntryPoint\",\"urlTemplate\":\"https:\/\/www.notibras.com\/site\/?s={search_term_string}\"},\"query-input\":{\"@type\":\"PropertyValueSpecification\",\"valueRequired\":true,\"valueName\":\"search_term_string\"}}],\"inLanguage\":\"pt-BR\"},{\"@type\":\"Organization\",\"@id\":\"https:\/\/www.notibras.com\/site\/#organization\",\"name\":\"Grupo Notibras de Comunica\u00e7\u00e3o\",\"url\":\"https:\/\/www.notibras.com\/site\/\",\"logo\":{\"@type\":\"ImageObject\",\"inLanguage\":\"pt-BR\",\"@id\":\"https:\/\/www.notibras.com\/site\/#\/schema\/logo\/image\/\",\"url\":\"https:\/\/www.notibras.com\/site\/wp-content\/uploads\/2023\/01\/notibras23.png\",\"contentUrl\":\"https:\/\/www.notibras.com\/site\/wp-content\/uploads\/2023\/01\/notibras23.png\",\"width\":350,\"height\":87,\"caption\":\"Grupo Notibras de Comunica\u00e7\u00e3o\"},\"image\":{\"@id\":\"https:\/\/www.notibras.com\/site\/#\/schema\/logo\/image\/\"},\"sameAs\":[\"https:\/\/www.facebook.com\/notibras\/\",\"https:\/\/x.com\/Notibras\",\"https:\/\/www.instagram.com\/notibras\/\"]},{\"@type\":\"Person\",\"@id\":\"https:\/\/www.notibras.com\/site\/#\/schema\/person\/36ab0979449956132d3e5b517ea76ac8\",\"name\":\"Reda\u00e7\u00e3o\",\"image\":{\"@type\":\"ImageObject\",\"inLanguage\":\"pt-BR\",\"@id\":\"https:\/\/secure.gravatar.com\/avatar\/e0a867bdedb85fd243eadf09663511f96fc81e0720a4a42581f334ad4303aa6b?s=96&d=mm&r=g\",\"url\":\"https:\/\/secure.gravatar.com\/avatar\/e0a867bdedb85fd243eadf09663511f96fc81e0720a4a42581f334ad4303aa6b?s=96&d=mm&r=g\",\"contentUrl\":\"https:\/\/secure.gravatar.com\/avatar\/e0a867bdedb85fd243eadf09663511f96fc81e0720a4a42581f334ad4303aa6b?s=96&d=mm&r=g\",\"caption\":\"Reda\u00e7\u00e3o\"}}]}<\/script>\n<!-- \/ Yoast SEO plugin. -->","yoast_head_json":{"title":"Russos avan\u00e7am e criam uma zona tamp\u00e3o na Ucr\u00e2nia - Notibras","robots":{"index":"index","follow":"follow","max-snippet":"max-snippet:-1","max-image-preview":"max-image-preview:large","max-video-preview":"max-video-preview:-1"},"canonical":"https:\/\/www.notibras.com\/site\/russos-avancam-e-criam-uma-zona-tampao-na-ucrania\/","og_locale":"pt_BR","og_type":"article","og_title":"Russos avan\u00e7am e criam uma zona tamp\u00e3o na Ucr\u00e2nia - Notibras","og_description":"Tropas russas est\u00e3o avan\u00e7ando na \u00e1rea de uma opera\u00e7\u00e3o militar especial e criando uma zona-tamp\u00e3o para garantir a seguran\u00e7a, disse o porta-voz do Kremlin, Dmitry Peskov, nesta quarta-feira, 9. &#8220;Voc\u00eas sabem que nossas tropas est\u00e3o avan\u00e7ando, criando zonas de prote\u00e7\u00e3o adequadas para garantir a seguran\u00e7a de nossas regi\u00f5es. Este trabalho militar continua&#8221;, disse Peskov aos [&hellip;]","og_url":"https:\/\/www.notibras.com\/site\/russos-avancam-e-criam-uma-zona-tampao-na-ucrania\/","og_site_name":"Notibras","article_publisher":"https:\/\/www.facebook.com\/notibras\/","article_published_time":"2025-07-09T11:27:54+00:00","og_image":[{"width":1920,"height":1080,"url":"https:\/\/www.notibras.com\/site\/wp-content\/uploads\/2025\/07\/1120179731_0_160_3072_1888_1920x0_80_0_0_d2b04a89cfc3c58589c96f1c5e31322b.jpg.webp","type":"image\/webp"}],"author":"Reda\u00e7\u00e3o","twitter_card":"summary_large_image","twitter_creator":"@Notibras","twitter_site":"@Notibras","twitter_misc":{"Escrito por":"Reda\u00e7\u00e3o","Est. tempo de leitura":"2 minutos"},"schema":{"@context":"https:\/\/schema.org","@graph":[{"@type":"Article","@id":"https:\/\/www.notibras.com\/site\/russos-avancam-e-criam-uma-zona-tampao-na-ucrania\/#article","isPartOf":{"@id":"https:\/\/www.notibras.com\/site\/russos-avancam-e-criam-uma-zona-tampao-na-ucrania\/"},"author":{"name":"Reda\u00e7\u00e3o","@id":"https:\/\/www.notibras.com\/site\/#\/schema\/person\/36ab0979449956132d3e5b517ea76ac8"},"headline":"Russos avan\u00e7am e criam uma zona tamp\u00e3o na Ucr\u00e2nia","datePublished":"2025-07-09T11:27:54+00:00","mainEntityOfPage":{"@id":"https:\/\/www.notibras.com\/site\/russos-avancam-e-criam-uma-zona-tampao-na-ucrania\/"},"wordCount":306,"publisher":{"@id":"https:\/\/www.notibras.com\/site\/#organization"},"image":{"@id":"https:\/\/www.notibras.com\/site\/russos-avancam-e-criam-uma-zona-tampao-na-ucrania\/#primaryimage"},"thumbnailUrl":"https:\/\/www.notibras.com\/site\/wp-content\/uploads\/2025\/07\/1120179731_0_160_3072_1888_1920x0_80_0_0_d2b04a89cfc3c58589c96f1c5e31322b.jpg.webp","articleSection":["Apocalipse"],"inLanguage":"pt-BR"},{"@type":"WebPage","@id":"https:\/\/www.notibras.com\/site\/russos-avancam-e-criam-uma-zona-tampao-na-ucrania\/","url":"https:\/\/www.notibras.com\/site\/russos-avancam-e-criam-uma-zona-tampao-na-ucrania\/","name":"Russos avan\u00e7am e criam uma zona tamp\u00e3o na Ucr\u00e2nia - Notibras","isPartOf":{"@id":"https:\/\/www.notibras.com\/site\/#website"},"primaryImageOfPage":{"@id":"https:\/\/www.notibras.com\/site\/russos-avancam-e-criam-uma-zona-tampao-na-ucrania\/#primaryimage"},"image":{"@id":"https:\/\/www.notibras.com\/site\/russos-avancam-e-criam-uma-zona-tampao-na-ucrania\/#primaryimage"},"thumbnailUrl":"https:\/\/www.notibras.com\/site\/wp-content\/uploads\/2025\/07\/1120179731_0_160_3072_1888_1920x0_80_0_0_d2b04a89cfc3c58589c96f1c5e31322b.jpg.webp","datePublished":"2025-07-09T11:27:54+00:00","breadcrumb":{"@id":"https:\/\/www.notibras.com\/site\/russos-avancam-e-criam-uma-zona-tampao-na-ucrania\/#breadcrumb"},"inLanguage":"pt-BR","potentialAction":[{"@type":"ReadAction","target":["https:\/\/www.notibras.com\/site\/russos-avancam-e-criam-uma-zona-tampao-na-ucrania\/"]}]},{"@type":"ImageObject","inLanguage":"pt-BR","@id":"https:\/\/www.notibras.com\/site\/russos-avancam-e-criam-uma-zona-tampao-na-ucrania\/#primaryimage","url":"https:\/\/www.notibras.com\/site\/wp-content\/uploads\/2025\/07\/1120179731_0_160_3072_1888_1920x0_80_0_0_d2b04a89cfc3c58589c96f1c5e31322b.jpg.webp","contentUrl":"https:\/\/www.notibras.com\/site\/wp-content\/uploads\/2025\/07\/1120179731_0_160_3072_1888_1920x0_80_0_0_d2b04a89cfc3c58589c96f1c5e31322b.jpg.webp","width":1920,"height":1080},{"@type":"BreadcrumbList","@id":"https:\/\/www.notibras.com\/site\/russos-avancam-e-criam-uma-zona-tampao-na-ucrania\/#breadcrumb","itemListElement":[{"@type":"ListItem","position":1,"name":"In\u00edcio","item":"https:\/\/www.notibras.com\/site\/"},{"@type":"ListItem","position":2,"name":"Russos avan\u00e7am e criam uma zona tamp\u00e3o na Ucr\u00e2nia"}]},{"@type":"WebSite","@id":"https:\/\/www.notibras.com\/site\/#website","url":"https:\/\/www.notibras.com\/site\/","name":"Notibras","description":"Not\u00edcias de Bras\u00edlia, do Brasil e do Mundo","publisher":{"@id":"https:\/\/www.notibras.com\/site\/#organization"},"potentialAction":[{"@type":"SearchAction","target":{"@type":"EntryPoint","urlTemplate":"https:\/\/www.notibras.com\/site\/?s={search_term_string}"},"query-input":{"@type":"PropertyValueSpecification","valueRequired":true,"valueName":"search_term_string"}}],"inLanguage":"pt-BR"},{"@type":"Organization","@id":"https:\/\/www.notibras.com\/site\/#organization","name":"Grupo Notibras de Comunica\u00e7\u00e3o","url":"https:\/\/www.notibras.com\/site\/","logo":{"@type":"ImageObject","inLanguage":"pt-BR","@id":"https:\/\/www.notibras.com\/site\/#\/schema\/logo\/image\/","url":"https:\/\/www.notibras.com\/site\/wp-content\/uploads\/2023\/01\/notibras23.png","contentUrl":"https:\/\/www.notibras.com\/site\/wp-content\/uploads\/2023\/01\/notibras23.png","width":350,"height":87,"caption":"Grupo Notibras de Comunica\u00e7\u00e3o"},"image":{"@id":"https:\/\/www.notibras.com\/site\/#\/schema\/logo\/image\/"},"sameAs":["https:\/\/www.facebook.com\/notibras\/","https:\/\/x.com\/Notibras","https:\/\/www.instagram.com\/notibras\/"]},{"@type":"Person","@id":"https:\/\/www.notibras.com\/site\/#\/schema\/person\/36ab0979449956132d3e5b517ea76ac8","name":"Reda\u00e7\u00e3o","image":{"@type":"ImageObject","inLanguage":"pt-BR","@id":"https:\/\/secure.gravatar.com\/avatar\/e0a867bdedb85fd243eadf09663511f96fc81e0720a4a42581f334ad4303aa6b?s=96&d=mm&r=g","url":"https:\/\/secure.gravatar.com\/avatar\/e0a867bdedb85fd243eadf09663511f96fc81e0720a4a42581f334ad4303aa6b?s=96&d=mm&r=g","contentUrl":"https:\/\/secure.gravatar.com\/avatar\/e0a867bdedb85fd243eadf09663511f96fc81e0720a4a42581f334ad4303aa6b?s=96&d=mm&r=g","caption":"Reda\u00e7\u00e3o"}}]}},"amp_enabled":true,"_links":{"self":[{"href":"https:\/\/www.notibras.com\/site\/wp-json\/wp\/v2\/posts\/357727","targetHints":{"allow":["GET"]}}],"collection":[{"href":"https:\/\/www.notibras.com\/site\/wp-json\/wp\/v2\/posts"}],"about":[{"href":"https:\/\/www.notibras.com\/site\/wp-json\/wp\/v2\/types\/post"}],"author":[{"embeddable":true,"href":"https:\/\/www.notibras.com\/site\/wp-json\/wp\/v2\/users\/2"}],"replies":[{"embeddable":true,"href":"https:\/\/www.notibras.com\/site\/wp-json\/wp\/v2\/comments?post=357727"}],"version-history":[{"count":1,"href":"https:\/\/www.notibras.com\/site\/wp-json\/wp\/v2\/posts\/357727\/revisions"}],"predecessor-version":[{"id":357729,"href":"https:\/\/www.notibras.com\/site\/wp-json\/wp\/v2\/posts\/357727\/revisions\/357729"}],"wp:featuredmedia":[{"embeddable":true,"href":"https:\/\/www.notibras.com\/site\/wp-json\/wp\/v2\/media\/357728"}],"wp:attachment":[{"href":"https:\/\/www.notibras.com\/site\/wp-json\/wp\/v2\/media?parent=357727"}],"wp:term":[{"taxonomy":"category","embeddable":true,"href":"https:\/\/www.notibras.com\/site\/wp-json\/wp\/v2\/categories?post=357727"},{"taxonomy":"post_tag","embeddable":true,"href":"https:\/\/www.notibras.com\/site\/wp-json\/wp\/v2\/tags?post=357727"}],"curies":[{"name":"wp","href":"https:\/\/api.w.org\/{rel}","templated":true}]}}