{"id":35776,"date":"2015-02-02T16:18:57","date_gmt":"2015-02-02T19:18:57","guid":{"rendered":"http:\/\/www.notibras.com\/site\/?p=35776"},"modified":"2015-02-03T08:12:11","modified_gmt":"2015-02-03T11:12:11","slug":"ano-comeca-ruim-e-tem-queda-de-22-na-balanca-comercial","status":"publish","type":"post","link":"https:\/\/www.notibras.com\/site\/ano-comeca-ruim-e-tem-queda-de-22-na-balanca-comercial\/","title":{"rendered":"Ano come\u00e7a ruim e tem queda de 22% na balan\u00e7a comercial"},"content":{"rendered":"<p>O pa\u00eds come\u00e7ou o ano importando mais do que exportando. Segundo n\u00fameros divulgados pelo Minist\u00e9rio do Desenvolvimento, Ind\u00fastria e Com\u00e9rcio Exterior, a balan\u00e7a comercial \u2013 diferen\u00e7a entre exporta\u00e7\u00f5es e importa\u00e7\u00f5es \u2013 teve d\u00e9ficit de US$ 3,174 bilh\u00f5es em janeiro.<\/p>\n<p>Apesar do resultado negativo, o d\u00e9ficit caiu 21,9% em rela\u00e7\u00e3o a 2014. Em janeiro do ano passado, o pa\u00eds tinha importado US$ 4,068 bilh\u00f5es a mais do que tinha exportado, o pior resultado da hist\u00f3ria para o m\u00eas.<\/p>\n<p>A diferen\u00e7a entre compras e vendas est\u00e1 caindo porque as importa\u00e7\u00f5es est\u00e3o recuando mais que as exporta\u00e7\u00f5es. Em janeiro, o pa\u00eds exportou US$ 13,704 bilh\u00f5es, recuo de 10,4% pela m\u00e9dia di\u00e1ria em rela\u00e7\u00e3o ao mesmo m\u00eas de 2014. As importa\u00e7\u00f5es somaram US$ 16,878 bilh\u00f5es, retra\u00e7\u00e3o de 12% na mesma compara\u00e7\u00e3o.<\/p>\n<blockquote><p>As exporta\u00e7\u00f5es ca\u00edram no m\u00eas passado por causa da queda do pre\u00e7o internacional das <em>commodities<\/em> \u2013 bens prim\u00e1rios com cota\u00e7\u00e3o internacional \u2013 e da retra\u00e7\u00e3o da venda de produtos industrializados, principalmente para a Argentina. O valor das vendas de manufaturados caiu 14,6%, puxado pela queda nos embarques de ve\u00edculos de passageiros, \u00f3leos combust\u00edveis, motores e geradores. As exporta\u00e7\u00f5es de produtos b\u00e1sicos ca\u00edram 11,1%, principalmente por causa do min\u00e9rio de ferro, da carne bovina, da carne su\u00edna e do farelo de soja.<\/p><\/blockquote>\n<p>A \u00fanica categoria de produtos em que as exporta\u00e7\u00f5es aumentaram foi a de semimanufaturados, com alta de 3,1% em rela\u00e7\u00e3o a janeiro de 2014. O crescimento concentrou-se nas vendas de a\u00e7o, ferro fundido, madeira serrada e \u00f3leo de soja em bruto.<\/p>\n<p>A queda nas importa\u00e7\u00f5es foi motivada pela diminui\u00e7\u00e3o das compras de combust\u00edveis e lubrificantes (-28,4%), de bens de consumo (-14,2%), de bens de capital (-8%) e de mat\u00e9rias-primas e intermedi\u00e1rios (-7%). Em rela\u00e7\u00e3o aos bens de consumo, os maiores recuos ocorreram nas importa\u00e7\u00f5es de ve\u00edculos de passageiros e pe\u00e7as, de eletrodom\u00e9sticos e de m\u00f3veis.<\/p>\n<p><strong>Welton M\u00e1ximo, ABr<\/strong><\/p>\n","protected":false},"excerpt":{"rendered":"<p>O pa\u00eds come\u00e7ou o ano importando mais do que exportando. Segundo n\u00fameros divulgados pelo Minist\u00e9rio do Desenvolvimento, Ind\u00fastria e Com\u00e9rcio Exterior, a balan\u00e7a comercial \u2013 diferen\u00e7a entre exporta\u00e7\u00f5es e importa\u00e7\u00f5es \u2013 teve d\u00e9ficit de US$ 3,174 bilh\u00f5es em janeiro. Apesar do resultado negativo, o d\u00e9ficit caiu 21,9% em rela\u00e7\u00e3o a 2014. Em janeiro do ano [&hellip;]<\/p>\n","protected":false},"author":2,"featured_media":35777,"comment_status":"open","ping_status":"closed","sticky":false,"template":"","format":"standard","meta":{"_acf_changed":false,"footnotes":""},"categories":[16],"tags":[],"class_list":["post-35776","post","type-post","status-publish","format-standard","has-post-thumbnail","hentry","category-brasil"],"acf":[],"yoast_head":"<!-- This site is optimized with the Yoast SEO plugin v27.2 - https:\/\/yoast.com\/product\/yoast-seo-wordpress\/ -->\n<title>Ano come\u00e7a ruim e tem queda de 22% na balan\u00e7a comercial - Notibras<\/title>\n<meta name=\"robots\" content=\"index, follow, max-snippet:-1, max-image-preview:large, max-video-preview:-1\" \/>\n<link rel=\"canonical\" href=\"https:\/\/www.notibras.com\/site\/ano-comeca-ruim-e-tem-queda-de-22-na-balanca-comercial\/\" \/>\n<meta property=\"og:locale\" content=\"pt_BR\" \/>\n<meta property=\"og:type\" content=\"article\" \/>\n<meta property=\"og:title\" content=\"Ano come\u00e7a ruim e tem queda de 22% na balan\u00e7a comercial - Notibras\" \/>\n<meta property=\"og:description\" content=\"O pa\u00eds come\u00e7ou o ano importando mais do que exportando. Segundo n\u00fameros divulgados pelo Minist\u00e9rio do Desenvolvimento, Ind\u00fastria e Com\u00e9rcio Exterior, a balan\u00e7a comercial \u2013 diferen\u00e7a entre exporta\u00e7\u00f5es e importa\u00e7\u00f5es \u2013 teve d\u00e9ficit de US$ 3,174 bilh\u00f5es em janeiro. Apesar do resultado negativo, o d\u00e9ficit caiu 21,9% em rela\u00e7\u00e3o a 2014. Em janeiro do ano [&hellip;]\" \/>\n<meta property=\"og:url\" content=\"https:\/\/www.notibras.com\/site\/ano-comeca-ruim-e-tem-queda-de-22-na-balanca-comercial\/\" \/>\n<meta property=\"og:site_name\" content=\"Notibras\" \/>\n<meta property=\"article:publisher\" content=\"https:\/\/www.facebook.com\/notibras\/\" \/>\n<meta property=\"article:published_time\" content=\"2015-02-02T19:18:57+00:00\" \/>\n<meta property=\"article:modified_time\" content=\"2015-02-03T11:12:11+00:00\" \/>\n<meta property=\"og:image\" content=\"https:\/\/www.notibras.com\/site\/wp-content\/uploads\/2015\/02\/balanca_comercial1.jpg\" \/>\n\t<meta property=\"og:image:width\" content=\"314\" \/>\n\t<meta property=\"og:image:height\" content=\"235\" \/>\n\t<meta property=\"og:image:type\" content=\"image\/jpeg\" \/>\n<meta name=\"author\" content=\"Reda\u00e7\u00e3o\" \/>\n<meta name=\"twitter:card\" content=\"summary_large_image\" \/>\n<meta name=\"twitter:creator\" content=\"@Notibras\" \/>\n<meta name=\"twitter:site\" content=\"@Notibras\" \/>\n<meta name=\"twitter:label1\" content=\"Escrito por\" \/>\n\t<meta name=\"twitter:data1\" content=\"Reda\u00e7\u00e3o\" \/>\n\t<meta name=\"twitter:label2\" content=\"Est. tempo de leitura\" \/>\n\t<meta name=\"twitter:data2\" content=\"2 minutos\" \/>\n<script type=\"application\/ld+json\" class=\"yoast-schema-graph\">{\"@context\":\"https:\/\/schema.org\",\"@graph\":[{\"@type\":\"Article\",\"@id\":\"https:\/\/www.notibras.com\/site\/ano-comeca-ruim-e-tem-queda-de-22-na-balanca-comercial\/#article\",\"isPartOf\":{\"@id\":\"https:\/\/www.notibras.com\/site\/ano-comeca-ruim-e-tem-queda-de-22-na-balanca-comercial\/\"},\"author\":{\"name\":\"Reda\u00e7\u00e3o\",\"@id\":\"https:\/\/www.notibras.com\/site\/#\/schema\/person\/36ab0979449956132d3e5b517ea76ac8\"},\"headline\":\"Ano come\u00e7a ruim e tem queda de 22% na balan\u00e7a comercial\",\"datePublished\":\"2015-02-02T19:18:57+00:00\",\"dateModified\":\"2015-02-03T11:12:11+00:00\",\"mainEntityOfPage\":{\"@id\":\"https:\/\/www.notibras.com\/site\/ano-comeca-ruim-e-tem-queda-de-22-na-balanca-comercial\/\"},\"wordCount\":362,\"commentCount\":0,\"publisher\":{\"@id\":\"https:\/\/www.notibras.com\/site\/#organization\"},\"image\":{\"@id\":\"https:\/\/www.notibras.com\/site\/ano-comeca-ruim-e-tem-queda-de-22-na-balanca-comercial\/#primaryimage\"},\"thumbnailUrl\":\"https:\/\/www.notibras.com\/site\/wp-content\/uploads\/2015\/02\/balanca_comercial1.jpg\",\"articleSection\":[\"Brasil\"],\"inLanguage\":\"pt-BR\",\"potentialAction\":[{\"@type\":\"CommentAction\",\"name\":\"Comment\",\"target\":[\"https:\/\/www.notibras.com\/site\/ano-comeca-ruim-e-tem-queda-de-22-na-balanca-comercial\/#respond\"]}]},{\"@type\":\"WebPage\",\"@id\":\"https:\/\/www.notibras.com\/site\/ano-comeca-ruim-e-tem-queda-de-22-na-balanca-comercial\/\",\"url\":\"https:\/\/www.notibras.com\/site\/ano-comeca-ruim-e-tem-queda-de-22-na-balanca-comercial\/\",\"name\":\"Ano come\u00e7a ruim e tem queda de 22% na balan\u00e7a comercial - Notibras\",\"isPartOf\":{\"@id\":\"https:\/\/www.notibras.com\/site\/#website\"},\"primaryImageOfPage\":{\"@id\":\"https:\/\/www.notibras.com\/site\/ano-comeca-ruim-e-tem-queda-de-22-na-balanca-comercial\/#primaryimage\"},\"image\":{\"@id\":\"https:\/\/www.notibras.com\/site\/ano-comeca-ruim-e-tem-queda-de-22-na-balanca-comercial\/#primaryimage\"},\"thumbnailUrl\":\"https:\/\/www.notibras.com\/site\/wp-content\/uploads\/2015\/02\/balanca_comercial1.jpg\",\"datePublished\":\"2015-02-02T19:18:57+00:00\",\"dateModified\":\"2015-02-03T11:12:11+00:00\",\"breadcrumb\":{\"@id\":\"https:\/\/www.notibras.com\/site\/ano-comeca-ruim-e-tem-queda-de-22-na-balanca-comercial\/#breadcrumb\"},\"inLanguage\":\"pt-BR\",\"potentialAction\":[{\"@type\":\"ReadAction\",\"target\":[\"https:\/\/www.notibras.com\/site\/ano-comeca-ruim-e-tem-queda-de-22-na-balanca-comercial\/\"]}]},{\"@type\":\"ImageObject\",\"inLanguage\":\"pt-BR\",\"@id\":\"https:\/\/www.notibras.com\/site\/ano-comeca-ruim-e-tem-queda-de-22-na-balanca-comercial\/#primaryimage\",\"url\":\"https:\/\/www.notibras.com\/site\/wp-content\/uploads\/2015\/02\/balanca_comercial1.jpg\",\"contentUrl\":\"https:\/\/www.notibras.com\/site\/wp-content\/uploads\/2015\/02\/balanca_comercial1.jpg\",\"width\":314,\"height\":235},{\"@type\":\"BreadcrumbList\",\"@id\":\"https:\/\/www.notibras.com\/site\/ano-comeca-ruim-e-tem-queda-de-22-na-balanca-comercial\/#breadcrumb\",\"itemListElement\":[{\"@type\":\"ListItem\",\"position\":1,\"name\":\"In\u00edcio\",\"item\":\"https:\/\/www.notibras.com\/site\/\"},{\"@type\":\"ListItem\",\"position\":2,\"name\":\"Ano come\u00e7a ruim e tem queda de 22% na balan\u00e7a comercial\"}]},{\"@type\":\"WebSite\",\"@id\":\"https:\/\/www.notibras.com\/site\/#website\",\"url\":\"https:\/\/www.notibras.com\/site\/\",\"name\":\"Notibras\",\"description\":\"Not\u00edcias de Bras\u00edlia, do Brasil e do Mundo\",\"publisher\":{\"@id\":\"https:\/\/www.notibras.com\/site\/#organization\"},\"potentialAction\":[{\"@type\":\"SearchAction\",\"target\":{\"@type\":\"EntryPoint\",\"urlTemplate\":\"https:\/\/www.notibras.com\/site\/?s={search_term_string}\"},\"query-input\":{\"@type\":\"PropertyValueSpecification\",\"valueRequired\":true,\"valueName\":\"search_term_string\"}}],\"inLanguage\":\"pt-BR\"},{\"@type\":\"Organization\",\"@id\":\"https:\/\/www.notibras.com\/site\/#organization\",\"name\":\"Grupo Notibras de Comunica\u00e7\u00e3o\",\"url\":\"https:\/\/www.notibras.com\/site\/\",\"logo\":{\"@type\":\"ImageObject\",\"inLanguage\":\"pt-BR\",\"@id\":\"https:\/\/www.notibras.com\/site\/#\/schema\/logo\/image\/\",\"url\":\"https:\/\/www.notibras.com\/site\/wp-content\/uploads\/2023\/01\/notibras23.png\",\"contentUrl\":\"https:\/\/www.notibras.com\/site\/wp-content\/uploads\/2023\/01\/notibras23.png\",\"width\":350,\"height\":87,\"caption\":\"Grupo Notibras de Comunica\u00e7\u00e3o\"},\"image\":{\"@id\":\"https:\/\/www.notibras.com\/site\/#\/schema\/logo\/image\/\"},\"sameAs\":[\"https:\/\/www.facebook.com\/notibras\/\",\"https:\/\/x.com\/Notibras\",\"https:\/\/www.instagram.com\/notibras\/\"]},{\"@type\":\"Person\",\"@id\":\"https:\/\/www.notibras.com\/site\/#\/schema\/person\/36ab0979449956132d3e5b517ea76ac8\",\"name\":\"Reda\u00e7\u00e3o\",\"image\":{\"@type\":\"ImageObject\",\"inLanguage\":\"pt-BR\",\"@id\":\"https:\/\/secure.gravatar.com\/avatar\/e0a867bdedb85fd243eadf09663511f96fc81e0720a4a42581f334ad4303aa6b?s=96&d=mm&r=g\",\"url\":\"https:\/\/secure.gravatar.com\/avatar\/e0a867bdedb85fd243eadf09663511f96fc81e0720a4a42581f334ad4303aa6b?s=96&d=mm&r=g\",\"contentUrl\":\"https:\/\/secure.gravatar.com\/avatar\/e0a867bdedb85fd243eadf09663511f96fc81e0720a4a42581f334ad4303aa6b?s=96&d=mm&r=g\",\"caption\":\"Reda\u00e7\u00e3o\"}}]}<\/script>\n<!-- \/ Yoast SEO plugin. -->","yoast_head_json":{"title":"Ano come\u00e7a ruim e tem queda de 22% na balan\u00e7a comercial - Notibras","robots":{"index":"index","follow":"follow","max-snippet":"max-snippet:-1","max-image-preview":"max-image-preview:large","max-video-preview":"max-video-preview:-1"},"canonical":"https:\/\/www.notibras.com\/site\/ano-comeca-ruim-e-tem-queda-de-22-na-balanca-comercial\/","og_locale":"pt_BR","og_type":"article","og_title":"Ano come\u00e7a ruim e tem queda de 22% na balan\u00e7a comercial - Notibras","og_description":"O pa\u00eds come\u00e7ou o ano importando mais do que exportando. Segundo n\u00fameros divulgados pelo Minist\u00e9rio do Desenvolvimento, Ind\u00fastria e Com\u00e9rcio Exterior, a balan\u00e7a comercial \u2013 diferen\u00e7a entre exporta\u00e7\u00f5es e importa\u00e7\u00f5es \u2013 teve d\u00e9ficit de US$ 3,174 bilh\u00f5es em janeiro. Apesar do resultado negativo, o d\u00e9ficit caiu 21,9% em rela\u00e7\u00e3o a 2014. Em janeiro do ano [&hellip;]","og_url":"https:\/\/www.notibras.com\/site\/ano-comeca-ruim-e-tem-queda-de-22-na-balanca-comercial\/","og_site_name":"Notibras","article_publisher":"https:\/\/www.facebook.com\/notibras\/","article_published_time":"2015-02-02T19:18:57+00:00","article_modified_time":"2015-02-03T11:12:11+00:00","og_image":[{"width":314,"height":235,"url":"https:\/\/www.notibras.com\/site\/wp-content\/uploads\/2015\/02\/balanca_comercial1.jpg","type":"image\/jpeg"}],"author":"Reda\u00e7\u00e3o","twitter_card":"summary_large_image","twitter_creator":"@Notibras","twitter_site":"@Notibras","twitter_misc":{"Escrito por":"Reda\u00e7\u00e3o","Est. tempo de leitura":"2 minutos"},"schema":{"@context":"https:\/\/schema.org","@graph":[{"@type":"Article","@id":"https:\/\/www.notibras.com\/site\/ano-comeca-ruim-e-tem-queda-de-22-na-balanca-comercial\/#article","isPartOf":{"@id":"https:\/\/www.notibras.com\/site\/ano-comeca-ruim-e-tem-queda-de-22-na-balanca-comercial\/"},"author":{"name":"Reda\u00e7\u00e3o","@id":"https:\/\/www.notibras.com\/site\/#\/schema\/person\/36ab0979449956132d3e5b517ea76ac8"},"headline":"Ano come\u00e7a ruim e tem queda de 22% na balan\u00e7a comercial","datePublished":"2015-02-02T19:18:57+00:00","dateModified":"2015-02-03T11:12:11+00:00","mainEntityOfPage":{"@id":"https:\/\/www.notibras.com\/site\/ano-comeca-ruim-e-tem-queda-de-22-na-balanca-comercial\/"},"wordCount":362,"commentCount":0,"publisher":{"@id":"https:\/\/www.notibras.com\/site\/#organization"},"image":{"@id":"https:\/\/www.notibras.com\/site\/ano-comeca-ruim-e-tem-queda-de-22-na-balanca-comercial\/#primaryimage"},"thumbnailUrl":"https:\/\/www.notibras.com\/site\/wp-content\/uploads\/2015\/02\/balanca_comercial1.jpg","articleSection":["Brasil"],"inLanguage":"pt-BR","potentialAction":[{"@type":"CommentAction","name":"Comment","target":["https:\/\/www.notibras.com\/site\/ano-comeca-ruim-e-tem-queda-de-22-na-balanca-comercial\/#respond"]}]},{"@type":"WebPage","@id":"https:\/\/www.notibras.com\/site\/ano-comeca-ruim-e-tem-queda-de-22-na-balanca-comercial\/","url":"https:\/\/www.notibras.com\/site\/ano-comeca-ruim-e-tem-queda-de-22-na-balanca-comercial\/","name":"Ano come\u00e7a ruim e tem queda de 22% na balan\u00e7a comercial - Notibras","isPartOf":{"@id":"https:\/\/www.notibras.com\/site\/#website"},"primaryImageOfPage":{"@id":"https:\/\/www.notibras.com\/site\/ano-comeca-ruim-e-tem-queda-de-22-na-balanca-comercial\/#primaryimage"},"image":{"@id":"https:\/\/www.notibras.com\/site\/ano-comeca-ruim-e-tem-queda-de-22-na-balanca-comercial\/#primaryimage"},"thumbnailUrl":"https:\/\/www.notibras.com\/site\/wp-content\/uploads\/2015\/02\/balanca_comercial1.jpg","datePublished":"2015-02-02T19:18:57+00:00","dateModified":"2015-02-03T11:12:11+00:00","breadcrumb":{"@id":"https:\/\/www.notibras.com\/site\/ano-comeca-ruim-e-tem-queda-de-22-na-balanca-comercial\/#breadcrumb"},"inLanguage":"pt-BR","potentialAction":[{"@type":"ReadAction","target":["https:\/\/www.notibras.com\/site\/ano-comeca-ruim-e-tem-queda-de-22-na-balanca-comercial\/"]}]},{"@type":"ImageObject","inLanguage":"pt-BR","@id":"https:\/\/www.notibras.com\/site\/ano-comeca-ruim-e-tem-queda-de-22-na-balanca-comercial\/#primaryimage","url":"https:\/\/www.notibras.com\/site\/wp-content\/uploads\/2015\/02\/balanca_comercial1.jpg","contentUrl":"https:\/\/www.notibras.com\/site\/wp-content\/uploads\/2015\/02\/balanca_comercial1.jpg","width":314,"height":235},{"@type":"BreadcrumbList","@id":"https:\/\/www.notibras.com\/site\/ano-comeca-ruim-e-tem-queda-de-22-na-balanca-comercial\/#breadcrumb","itemListElement":[{"@type":"ListItem","position":1,"name":"In\u00edcio","item":"https:\/\/www.notibras.com\/site\/"},{"@type":"ListItem","position":2,"name":"Ano come\u00e7a ruim e tem queda de 22% na balan\u00e7a comercial"}]},{"@type":"WebSite","@id":"https:\/\/www.notibras.com\/site\/#website","url":"https:\/\/www.notibras.com\/site\/","name":"Notibras","description":"Not\u00edcias de Bras\u00edlia, do Brasil e do Mundo","publisher":{"@id":"https:\/\/www.notibras.com\/site\/#organization"},"potentialAction":[{"@type":"SearchAction","target":{"@type":"EntryPoint","urlTemplate":"https:\/\/www.notibras.com\/site\/?s={search_term_string}"},"query-input":{"@type":"PropertyValueSpecification","valueRequired":true,"valueName":"search_term_string"}}],"inLanguage":"pt-BR"},{"@type":"Organization","@id":"https:\/\/www.notibras.com\/site\/#organization","name":"Grupo Notibras de Comunica\u00e7\u00e3o","url":"https:\/\/www.notibras.com\/site\/","logo":{"@type":"ImageObject","inLanguage":"pt-BR","@id":"https:\/\/www.notibras.com\/site\/#\/schema\/logo\/image\/","url":"https:\/\/www.notibras.com\/site\/wp-content\/uploads\/2023\/01\/notibras23.png","contentUrl":"https:\/\/www.notibras.com\/site\/wp-content\/uploads\/2023\/01\/notibras23.png","width":350,"height":87,"caption":"Grupo Notibras de Comunica\u00e7\u00e3o"},"image":{"@id":"https:\/\/www.notibras.com\/site\/#\/schema\/logo\/image\/"},"sameAs":["https:\/\/www.facebook.com\/notibras\/","https:\/\/x.com\/Notibras","https:\/\/www.instagram.com\/notibras\/"]},{"@type":"Person","@id":"https:\/\/www.notibras.com\/site\/#\/schema\/person\/36ab0979449956132d3e5b517ea76ac8","name":"Reda\u00e7\u00e3o","image":{"@type":"ImageObject","inLanguage":"pt-BR","@id":"https:\/\/secure.gravatar.com\/avatar\/e0a867bdedb85fd243eadf09663511f96fc81e0720a4a42581f334ad4303aa6b?s=96&d=mm&r=g","url":"https:\/\/secure.gravatar.com\/avatar\/e0a867bdedb85fd243eadf09663511f96fc81e0720a4a42581f334ad4303aa6b?s=96&d=mm&r=g","contentUrl":"https:\/\/secure.gravatar.com\/avatar\/e0a867bdedb85fd243eadf09663511f96fc81e0720a4a42581f334ad4303aa6b?s=96&d=mm&r=g","caption":"Reda\u00e7\u00e3o"}}]}},"amp_enabled":true,"_links":{"self":[{"href":"https:\/\/www.notibras.com\/site\/wp-json\/wp\/v2\/posts\/35776","targetHints":{"allow":["GET"]}}],"collection":[{"href":"https:\/\/www.notibras.com\/site\/wp-json\/wp\/v2\/posts"}],"about":[{"href":"https:\/\/www.notibras.com\/site\/wp-json\/wp\/v2\/types\/post"}],"author":[{"embeddable":true,"href":"https:\/\/www.notibras.com\/site\/wp-json\/wp\/v2\/users\/2"}],"replies":[{"embeddable":true,"href":"https:\/\/www.notibras.com\/site\/wp-json\/wp\/v2\/comments?post=35776"}],"version-history":[{"count":0,"href":"https:\/\/www.notibras.com\/site\/wp-json\/wp\/v2\/posts\/35776\/revisions"}],"wp:featuredmedia":[{"embeddable":true,"href":"https:\/\/www.notibras.com\/site\/wp-json\/wp\/v2\/media\/35777"}],"wp:attachment":[{"href":"https:\/\/www.notibras.com\/site\/wp-json\/wp\/v2\/media?parent=35776"}],"wp:term":[{"taxonomy":"category","embeddable":true,"href":"https:\/\/www.notibras.com\/site\/wp-json\/wp\/v2\/categories?post=35776"},{"taxonomy":"post_tag","embeddable":true,"href":"https:\/\/www.notibras.com\/site\/wp-json\/wp\/v2\/tags?post=35776"}],"curies":[{"name":"wp","href":"https:\/\/api.w.org\/{rel}","templated":true}]}}