{"id":357782,"date":"2025-07-10T00:43:54","date_gmt":"2025-07-10T03:43:54","guid":{"rendered":"https:\/\/www.notibras.com\/site\/?p=357782"},"modified":"2025-07-10T00:43:54","modified_gmt":"2025-07-10T03:43:54","slug":"sede-de-sangue-de-israel-volta-a-mirar-o-hezbollah","status":"publish","type":"post","link":"https:\/\/www.notibras.com\/site\/sede-de-sangue-de-israel-volta-a-mirar-o-hezbollah\/","title":{"rendered":"Sede de sangue de Israel volta a mirar o Hezbollah"},"content":{"rendered":"<p>A retomada da guerra do Estado judeu com o Hezbollah \u00e9 &#8220;apenas uma quest\u00e3o de tempo&#8221;, disse o veterano correspondente de guerra Elijah J. Magnier. Seus pontos principais:<\/p>\n<p>\u2022 O primeiro-ministro israelense Benjamin Netanyahu v\u00ea uma janela de oportunidade para desmantelar as capacidades de m\u00edsseis\/drones do Hezbollah.<\/p>\n<p>\u2022 Israel N\u00c3O PODE iniciar a guerra \u201csem o apoio e o acordo dos EUA\u201d.<\/p>\n<p>\u2022 Bibi \u201cpode come\u00e7ar QUALQUER GUERRA, desde que os americanos, os alem\u00e3es e os brit\u00e2nicos estejam fornecendo a Israel todas as armas de que necessita\u201d.<\/p>\n<p>\u2022 Poss\u00edvel resposta do Hezbollah? A capacidade do grupo militante baseado no L\u00edbano &#8220;foi danificada, mas N\u00c3O DESTRU\u00cdDA&#8221;.<br \/>\n\u2022 \u201cN\u00c3O H\u00c1 CONFIAN\u00c7A nos americanos porque eles s\u00e3o parte do problema e n\u00e3o s\u00e3o a solu\u00e7\u00e3o\u201d, pois \u201celes est\u00e3o do lado de Israel\u201d.<\/p>\n<p>\u2022 Superpot\u00eancias como a R\u00fassia e a China devem trabalhar dentro da ONU \u201cpara impedir que os americanos permitam que os israelenses fa\u00e7am o que quiserem\u201d.<\/p>\n<p>\u2022 Existe o perigo de um mapa do Oriente M\u00e9dio ser alterado, \u201ccom uma hegemonia completa dos EUA sobre o petr\u00f3leo e o tr\u00e1fego entre a \u00c1sia Ocidental e o resto do mundo\u201d.<\/p>\n","protected":false},"excerpt":{"rendered":"<p>A retomada da guerra do Estado judeu com o Hezbollah \u00e9 &#8220;apenas uma quest\u00e3o de tempo&#8221;, disse o veterano correspondente de guerra Elijah J. Magnier. Seus pontos principais: \u2022 O primeiro-ministro israelense Benjamin Netanyahu v\u00ea uma janela de oportunidade para desmantelar as capacidades de m\u00edsseis\/drones do Hezbollah. \u2022 Israel N\u00c3O PODE iniciar a guerra \u201csem [&hellip;]<\/p>\n","protected":false},"author":2,"featured_media":357783,"comment_status":"closed","ping_status":"closed","sticky":false,"template":"","format":"standard","meta":{"_acf_changed":false,"footnotes":""},"categories":[159],"tags":[],"class_list":["post-357782","post","type-post","status-publish","format-standard","has-post-thumbnail","hentry","category-apocalipse"],"acf":[],"yoast_head":"<!-- This site is optimized with the Yoast SEO plugin v27.2 - https:\/\/yoast.com\/product\/yoast-seo-wordpress\/ -->\n<title>Sede de sangue de Israel volta a mirar o Hezbollah - Notibras<\/title>\n<meta name=\"robots\" content=\"index, follow, max-snippet:-1, max-image-preview:large, max-video-preview:-1\" \/>\n<link rel=\"canonical\" href=\"https:\/\/www.notibras.com\/site\/sede-de-sangue-de-israel-volta-a-mirar-o-hezbollah\/\" \/>\n<meta property=\"og:locale\" content=\"pt_BR\" \/>\n<meta property=\"og:type\" content=\"article\" \/>\n<meta property=\"og:title\" content=\"Sede de sangue de Israel volta a mirar o Hezbollah - Notibras\" \/>\n<meta property=\"og:description\" content=\"A retomada da guerra do Estado judeu com o Hezbollah \u00e9 &#8220;apenas uma quest\u00e3o de tempo&#8221;, disse o veterano correspondente de guerra Elijah J. Magnier. Seus pontos principais: \u2022 O primeiro-ministro israelense Benjamin Netanyahu v\u00ea uma janela de oportunidade para desmantelar as capacidades de m\u00edsseis\/drones do Hezbollah. \u2022 Israel N\u00c3O PODE iniciar a guerra \u201csem [&hellip;]\" \/>\n<meta property=\"og:url\" content=\"https:\/\/www.notibras.com\/site\/sede-de-sangue-de-israel-volta-a-mirar-o-hezbollah\/\" \/>\n<meta property=\"og:site_name\" content=\"Notibras\" \/>\n<meta property=\"article:publisher\" content=\"https:\/\/www.facebook.com\/notibras\/\" \/>\n<meta property=\"article:published_time\" content=\"2025-07-10T03:43:54+00:00\" \/>\n<meta property=\"og:image\" content=\"https:\/\/www.notibras.com\/site\/wp-content\/uploads\/2025\/07\/1120316890_0_0_3072_1728_1920x0_80_0_0_88f703dc4d56de4b3dff11a49626af14.jpg.webp\" \/>\n\t<meta property=\"og:image:width\" content=\"1920\" \/>\n\t<meta property=\"og:image:height\" content=\"1080\" \/>\n\t<meta property=\"og:image:type\" content=\"image\/webp\" \/>\n<meta name=\"author\" content=\"Reda\u00e7\u00e3o\" \/>\n<meta name=\"twitter:card\" content=\"summary_large_image\" \/>\n<meta name=\"twitter:creator\" content=\"@Notibras\" \/>\n<meta name=\"twitter:site\" content=\"@Notibras\" \/>\n<meta name=\"twitter:label1\" content=\"Escrito por\" \/>\n\t<meta name=\"twitter:data1\" content=\"Reda\u00e7\u00e3o\" \/>\n\t<meta name=\"twitter:label2\" content=\"Est. tempo de leitura\" \/>\n\t<meta name=\"twitter:data2\" content=\"2 minutos\" \/>\n<script type=\"application\/ld+json\" class=\"yoast-schema-graph\">{\"@context\":\"https:\/\/schema.org\",\"@graph\":[{\"@type\":\"Article\",\"@id\":\"https:\/\/www.notibras.com\/site\/sede-de-sangue-de-israel-volta-a-mirar-o-hezbollah\/#article\",\"isPartOf\":{\"@id\":\"https:\/\/www.notibras.com\/site\/sede-de-sangue-de-israel-volta-a-mirar-o-hezbollah\/\"},\"author\":{\"name\":\"Reda\u00e7\u00e3o\",\"@id\":\"https:\/\/www.notibras.com\/site\/#\/schema\/person\/36ab0979449956132d3e5b517ea76ac8\"},\"headline\":\"Sede de sangue de Israel volta a mirar o Hezbollah\",\"datePublished\":\"2025-07-10T03:43:54+00:00\",\"mainEntityOfPage\":{\"@id\":\"https:\/\/www.notibras.com\/site\/sede-de-sangue-de-israel-volta-a-mirar-o-hezbollah\/\"},\"wordCount\":214,\"publisher\":{\"@id\":\"https:\/\/www.notibras.com\/site\/#organization\"},\"image\":{\"@id\":\"https:\/\/www.notibras.com\/site\/sede-de-sangue-de-israel-volta-a-mirar-o-hezbollah\/#primaryimage\"},\"thumbnailUrl\":\"https:\/\/www.notibras.com\/site\/wp-content\/uploads\/2025\/07\/1120316890_0_0_3072_1728_1920x0_80_0_0_88f703dc4d56de4b3dff11a49626af14.jpg.webp\",\"articleSection\":[\"Apocalipse\"],\"inLanguage\":\"pt-BR\"},{\"@type\":\"WebPage\",\"@id\":\"https:\/\/www.notibras.com\/site\/sede-de-sangue-de-israel-volta-a-mirar-o-hezbollah\/\",\"url\":\"https:\/\/www.notibras.com\/site\/sede-de-sangue-de-israel-volta-a-mirar-o-hezbollah\/\",\"name\":\"Sede de sangue de Israel volta a mirar o Hezbollah - Notibras\",\"isPartOf\":{\"@id\":\"https:\/\/www.notibras.com\/site\/#website\"},\"primaryImageOfPage\":{\"@id\":\"https:\/\/www.notibras.com\/site\/sede-de-sangue-de-israel-volta-a-mirar-o-hezbollah\/#primaryimage\"},\"image\":{\"@id\":\"https:\/\/www.notibras.com\/site\/sede-de-sangue-de-israel-volta-a-mirar-o-hezbollah\/#primaryimage\"},\"thumbnailUrl\":\"https:\/\/www.notibras.com\/site\/wp-content\/uploads\/2025\/07\/1120316890_0_0_3072_1728_1920x0_80_0_0_88f703dc4d56de4b3dff11a49626af14.jpg.webp\",\"datePublished\":\"2025-07-10T03:43:54+00:00\",\"breadcrumb\":{\"@id\":\"https:\/\/www.notibras.com\/site\/sede-de-sangue-de-israel-volta-a-mirar-o-hezbollah\/#breadcrumb\"},\"inLanguage\":\"pt-BR\",\"potentialAction\":[{\"@type\":\"ReadAction\",\"target\":[\"https:\/\/www.notibras.com\/site\/sede-de-sangue-de-israel-volta-a-mirar-o-hezbollah\/\"]}]},{\"@type\":\"ImageObject\",\"inLanguage\":\"pt-BR\",\"@id\":\"https:\/\/www.notibras.com\/site\/sede-de-sangue-de-israel-volta-a-mirar-o-hezbollah\/#primaryimage\",\"url\":\"https:\/\/www.notibras.com\/site\/wp-content\/uploads\/2025\/07\/1120316890_0_0_3072_1728_1920x0_80_0_0_88f703dc4d56de4b3dff11a49626af14.jpg.webp\",\"contentUrl\":\"https:\/\/www.notibras.com\/site\/wp-content\/uploads\/2025\/07\/1120316890_0_0_3072_1728_1920x0_80_0_0_88f703dc4d56de4b3dff11a49626af14.jpg.webp\",\"width\":1920,\"height\":1080},{\"@type\":\"BreadcrumbList\",\"@id\":\"https:\/\/www.notibras.com\/site\/sede-de-sangue-de-israel-volta-a-mirar-o-hezbollah\/#breadcrumb\",\"itemListElement\":[{\"@type\":\"ListItem\",\"position\":1,\"name\":\"In\u00edcio\",\"item\":\"https:\/\/www.notibras.com\/site\/\"},{\"@type\":\"ListItem\",\"position\":2,\"name\":\"Sede de sangue de Israel volta a mirar o Hezbollah\"}]},{\"@type\":\"WebSite\",\"@id\":\"https:\/\/www.notibras.com\/site\/#website\",\"url\":\"https:\/\/www.notibras.com\/site\/\",\"name\":\"Notibras\",\"description\":\"Not\u00edcias de Bras\u00edlia, do Brasil e do Mundo\",\"publisher\":{\"@id\":\"https:\/\/www.notibras.com\/site\/#organization\"},\"potentialAction\":[{\"@type\":\"SearchAction\",\"target\":{\"@type\":\"EntryPoint\",\"urlTemplate\":\"https:\/\/www.notibras.com\/site\/?s={search_term_string}\"},\"query-input\":{\"@type\":\"PropertyValueSpecification\",\"valueRequired\":true,\"valueName\":\"search_term_string\"}}],\"inLanguage\":\"pt-BR\"},{\"@type\":\"Organization\",\"@id\":\"https:\/\/www.notibras.com\/site\/#organization\",\"name\":\"Grupo Notibras de Comunica\u00e7\u00e3o\",\"url\":\"https:\/\/www.notibras.com\/site\/\",\"logo\":{\"@type\":\"ImageObject\",\"inLanguage\":\"pt-BR\",\"@id\":\"https:\/\/www.notibras.com\/site\/#\/schema\/logo\/image\/\",\"url\":\"https:\/\/www.notibras.com\/site\/wp-content\/uploads\/2023\/01\/notibras23.png\",\"contentUrl\":\"https:\/\/www.notibras.com\/site\/wp-content\/uploads\/2023\/01\/notibras23.png\",\"width\":350,\"height\":87,\"caption\":\"Grupo Notibras de Comunica\u00e7\u00e3o\"},\"image\":{\"@id\":\"https:\/\/www.notibras.com\/site\/#\/schema\/logo\/image\/\"},\"sameAs\":[\"https:\/\/www.facebook.com\/notibras\/\",\"https:\/\/x.com\/Notibras\",\"https:\/\/www.instagram.com\/notibras\/\"]},{\"@type\":\"Person\",\"@id\":\"https:\/\/www.notibras.com\/site\/#\/schema\/person\/36ab0979449956132d3e5b517ea76ac8\",\"name\":\"Reda\u00e7\u00e3o\",\"image\":{\"@type\":\"ImageObject\",\"inLanguage\":\"pt-BR\",\"@id\":\"https:\/\/secure.gravatar.com\/avatar\/e0a867bdedb85fd243eadf09663511f96fc81e0720a4a42581f334ad4303aa6b?s=96&d=mm&r=g\",\"url\":\"https:\/\/secure.gravatar.com\/avatar\/e0a867bdedb85fd243eadf09663511f96fc81e0720a4a42581f334ad4303aa6b?s=96&d=mm&r=g\",\"contentUrl\":\"https:\/\/secure.gravatar.com\/avatar\/e0a867bdedb85fd243eadf09663511f96fc81e0720a4a42581f334ad4303aa6b?s=96&d=mm&r=g\",\"caption\":\"Reda\u00e7\u00e3o\"}}]}<\/script>\n<!-- \/ Yoast SEO plugin. -->","yoast_head_json":{"title":"Sede de sangue de Israel volta a mirar o Hezbollah - Notibras","robots":{"index":"index","follow":"follow","max-snippet":"max-snippet:-1","max-image-preview":"max-image-preview:large","max-video-preview":"max-video-preview:-1"},"canonical":"https:\/\/www.notibras.com\/site\/sede-de-sangue-de-israel-volta-a-mirar-o-hezbollah\/","og_locale":"pt_BR","og_type":"article","og_title":"Sede de sangue de Israel volta a mirar o Hezbollah - Notibras","og_description":"A retomada da guerra do Estado judeu com o Hezbollah \u00e9 &#8220;apenas uma quest\u00e3o de tempo&#8221;, disse o veterano correspondente de guerra Elijah J. Magnier. Seus pontos principais: \u2022 O primeiro-ministro israelense Benjamin Netanyahu v\u00ea uma janela de oportunidade para desmantelar as capacidades de m\u00edsseis\/drones do Hezbollah. \u2022 Israel N\u00c3O PODE iniciar a guerra \u201csem [&hellip;]","og_url":"https:\/\/www.notibras.com\/site\/sede-de-sangue-de-israel-volta-a-mirar-o-hezbollah\/","og_site_name":"Notibras","article_publisher":"https:\/\/www.facebook.com\/notibras\/","article_published_time":"2025-07-10T03:43:54+00:00","og_image":[{"width":1920,"height":1080,"url":"https:\/\/www.notibras.com\/site\/wp-content\/uploads\/2025\/07\/1120316890_0_0_3072_1728_1920x0_80_0_0_88f703dc4d56de4b3dff11a49626af14.jpg.webp","type":"image\/webp"}],"author":"Reda\u00e7\u00e3o","twitter_card":"summary_large_image","twitter_creator":"@Notibras","twitter_site":"@Notibras","twitter_misc":{"Escrito por":"Reda\u00e7\u00e3o","Est. tempo de leitura":"2 minutos"},"schema":{"@context":"https:\/\/schema.org","@graph":[{"@type":"Article","@id":"https:\/\/www.notibras.com\/site\/sede-de-sangue-de-israel-volta-a-mirar-o-hezbollah\/#article","isPartOf":{"@id":"https:\/\/www.notibras.com\/site\/sede-de-sangue-de-israel-volta-a-mirar-o-hezbollah\/"},"author":{"name":"Reda\u00e7\u00e3o","@id":"https:\/\/www.notibras.com\/site\/#\/schema\/person\/36ab0979449956132d3e5b517ea76ac8"},"headline":"Sede de sangue de Israel volta a mirar o Hezbollah","datePublished":"2025-07-10T03:43:54+00:00","mainEntityOfPage":{"@id":"https:\/\/www.notibras.com\/site\/sede-de-sangue-de-israel-volta-a-mirar-o-hezbollah\/"},"wordCount":214,"publisher":{"@id":"https:\/\/www.notibras.com\/site\/#organization"},"image":{"@id":"https:\/\/www.notibras.com\/site\/sede-de-sangue-de-israel-volta-a-mirar-o-hezbollah\/#primaryimage"},"thumbnailUrl":"https:\/\/www.notibras.com\/site\/wp-content\/uploads\/2025\/07\/1120316890_0_0_3072_1728_1920x0_80_0_0_88f703dc4d56de4b3dff11a49626af14.jpg.webp","articleSection":["Apocalipse"],"inLanguage":"pt-BR"},{"@type":"WebPage","@id":"https:\/\/www.notibras.com\/site\/sede-de-sangue-de-israel-volta-a-mirar-o-hezbollah\/","url":"https:\/\/www.notibras.com\/site\/sede-de-sangue-de-israel-volta-a-mirar-o-hezbollah\/","name":"Sede de sangue de Israel volta a mirar o Hezbollah - Notibras","isPartOf":{"@id":"https:\/\/www.notibras.com\/site\/#website"},"primaryImageOfPage":{"@id":"https:\/\/www.notibras.com\/site\/sede-de-sangue-de-israel-volta-a-mirar-o-hezbollah\/#primaryimage"},"image":{"@id":"https:\/\/www.notibras.com\/site\/sede-de-sangue-de-israel-volta-a-mirar-o-hezbollah\/#primaryimage"},"thumbnailUrl":"https:\/\/www.notibras.com\/site\/wp-content\/uploads\/2025\/07\/1120316890_0_0_3072_1728_1920x0_80_0_0_88f703dc4d56de4b3dff11a49626af14.jpg.webp","datePublished":"2025-07-10T03:43:54+00:00","breadcrumb":{"@id":"https:\/\/www.notibras.com\/site\/sede-de-sangue-de-israel-volta-a-mirar-o-hezbollah\/#breadcrumb"},"inLanguage":"pt-BR","potentialAction":[{"@type":"ReadAction","target":["https:\/\/www.notibras.com\/site\/sede-de-sangue-de-israel-volta-a-mirar-o-hezbollah\/"]}]},{"@type":"ImageObject","inLanguage":"pt-BR","@id":"https:\/\/www.notibras.com\/site\/sede-de-sangue-de-israel-volta-a-mirar-o-hezbollah\/#primaryimage","url":"https:\/\/www.notibras.com\/site\/wp-content\/uploads\/2025\/07\/1120316890_0_0_3072_1728_1920x0_80_0_0_88f703dc4d56de4b3dff11a49626af14.jpg.webp","contentUrl":"https:\/\/www.notibras.com\/site\/wp-content\/uploads\/2025\/07\/1120316890_0_0_3072_1728_1920x0_80_0_0_88f703dc4d56de4b3dff11a49626af14.jpg.webp","width":1920,"height":1080},{"@type":"BreadcrumbList","@id":"https:\/\/www.notibras.com\/site\/sede-de-sangue-de-israel-volta-a-mirar-o-hezbollah\/#breadcrumb","itemListElement":[{"@type":"ListItem","position":1,"name":"In\u00edcio","item":"https:\/\/www.notibras.com\/site\/"},{"@type":"ListItem","position":2,"name":"Sede de sangue de Israel volta a mirar o Hezbollah"}]},{"@type":"WebSite","@id":"https:\/\/www.notibras.com\/site\/#website","url":"https:\/\/www.notibras.com\/site\/","name":"Notibras","description":"Not\u00edcias de Bras\u00edlia, do Brasil e do Mundo","publisher":{"@id":"https:\/\/www.notibras.com\/site\/#organization"},"potentialAction":[{"@type":"SearchAction","target":{"@type":"EntryPoint","urlTemplate":"https:\/\/www.notibras.com\/site\/?s={search_term_string}"},"query-input":{"@type":"PropertyValueSpecification","valueRequired":true,"valueName":"search_term_string"}}],"inLanguage":"pt-BR"},{"@type":"Organization","@id":"https:\/\/www.notibras.com\/site\/#organization","name":"Grupo Notibras de Comunica\u00e7\u00e3o","url":"https:\/\/www.notibras.com\/site\/","logo":{"@type":"ImageObject","inLanguage":"pt-BR","@id":"https:\/\/www.notibras.com\/site\/#\/schema\/logo\/image\/","url":"https:\/\/www.notibras.com\/site\/wp-content\/uploads\/2023\/01\/notibras23.png","contentUrl":"https:\/\/www.notibras.com\/site\/wp-content\/uploads\/2023\/01\/notibras23.png","width":350,"height":87,"caption":"Grupo Notibras de Comunica\u00e7\u00e3o"},"image":{"@id":"https:\/\/www.notibras.com\/site\/#\/schema\/logo\/image\/"},"sameAs":["https:\/\/www.facebook.com\/notibras\/","https:\/\/x.com\/Notibras","https:\/\/www.instagram.com\/notibras\/"]},{"@type":"Person","@id":"https:\/\/www.notibras.com\/site\/#\/schema\/person\/36ab0979449956132d3e5b517ea76ac8","name":"Reda\u00e7\u00e3o","image":{"@type":"ImageObject","inLanguage":"pt-BR","@id":"https:\/\/secure.gravatar.com\/avatar\/e0a867bdedb85fd243eadf09663511f96fc81e0720a4a42581f334ad4303aa6b?s=96&d=mm&r=g","url":"https:\/\/secure.gravatar.com\/avatar\/e0a867bdedb85fd243eadf09663511f96fc81e0720a4a42581f334ad4303aa6b?s=96&d=mm&r=g","contentUrl":"https:\/\/secure.gravatar.com\/avatar\/e0a867bdedb85fd243eadf09663511f96fc81e0720a4a42581f334ad4303aa6b?s=96&d=mm&r=g","caption":"Reda\u00e7\u00e3o"}}]}},"amp_enabled":true,"_links":{"self":[{"href":"https:\/\/www.notibras.com\/site\/wp-json\/wp\/v2\/posts\/357782","targetHints":{"allow":["GET"]}}],"collection":[{"href":"https:\/\/www.notibras.com\/site\/wp-json\/wp\/v2\/posts"}],"about":[{"href":"https:\/\/www.notibras.com\/site\/wp-json\/wp\/v2\/types\/post"}],"author":[{"embeddable":true,"href":"https:\/\/www.notibras.com\/site\/wp-json\/wp\/v2\/users\/2"}],"replies":[{"embeddable":true,"href":"https:\/\/www.notibras.com\/site\/wp-json\/wp\/v2\/comments?post=357782"}],"version-history":[{"count":1,"href":"https:\/\/www.notibras.com\/site\/wp-json\/wp\/v2\/posts\/357782\/revisions"}],"predecessor-version":[{"id":357784,"href":"https:\/\/www.notibras.com\/site\/wp-json\/wp\/v2\/posts\/357782\/revisions\/357784"}],"wp:featuredmedia":[{"embeddable":true,"href":"https:\/\/www.notibras.com\/site\/wp-json\/wp\/v2\/media\/357783"}],"wp:attachment":[{"href":"https:\/\/www.notibras.com\/site\/wp-json\/wp\/v2\/media?parent=357782"}],"wp:term":[{"taxonomy":"category","embeddable":true,"href":"https:\/\/www.notibras.com\/site\/wp-json\/wp\/v2\/categories?post=357782"},{"taxonomy":"post_tag","embeddable":true,"href":"https:\/\/www.notibras.com\/site\/wp-json\/wp\/v2\/tags?post=357782"}],"curies":[{"name":"wp","href":"https:\/\/api.w.org\/{rel}","templated":true}]}}