{"id":357797,"date":"2025-07-10T08:54:49","date_gmt":"2025-07-10T11:54:49","guid":{"rendered":"https:\/\/www.notibras.com\/site\/?p=357797"},"modified":"2025-07-10T08:54:49","modified_gmt":"2025-07-10T11:54:49","slug":"artesanato-nordestino-vai-gerando-emprego-e-renda","status":"publish","type":"post","link":"https:\/\/www.notibras.com\/site\/artesanato-nordestino-vai-gerando-emprego-e-renda\/","title":{"rendered":"Artesanato nordestino vai gerando emprego e renda"},"content":{"rendered":"<p>No cora\u00e7\u00e3o do Nordeste, entre ruas de barro e casas de tijolo aparente, mora uma arte que nasce do sil\u00eancio das manh\u00e3s e do burburinho das feiras: o artesanato. S\u00e3o m\u00e3os femininas que entrela\u00e7am fios, modelam o barro, pintam o couro, tran\u00e7am a palha. M\u00e3os calejadas, sim, mas cheias de poesia. Cada pe\u00e7a carrega mais do que beleza \u2014 carrega hist\u00f3ria, resist\u00eancia, afeto.<\/p>\n<p>Dona Maria senta-se no batente de casa e come\u00e7a sua renda de bilro com a mesma delicadeza de quem acaricia uma lembran\u00e7a. Do lado, a filha faz croch\u00ea para vender na feira do s\u00e1bado. L\u00e1 na frente, na pra\u00e7a, outra mulher molda uma imagem de barro: uma m\u00e3e com uma crian\u00e7a no colo. Parece arte, e \u00e9. Mas \u00e9 tamb\u00e9m den\u00fancia, cultura, sobreviv\u00eancia.<\/p>\n<p>As mulheres nordestinas, com suas m\u00e3os s\u00e1bias, transformam o que \u00e9 bruto em delicadeza. Fazem da arte um grito silencioso. Em cada bordado, contam o tempo. Em cada pe\u00e7a, bordam suas dores e alegrias. O artesanato \u00e9 seu di\u00e1rio n\u00e3o escrito.<\/p>\n<p>Juntas, essas mulheres tecem n\u00e3o s\u00f3 rendas e redes, mas tamb\u00e9m solidariedade. Compartilham saberes, trocam experi\u00eancias, fortalecem-se. S\u00e3o fios que se unem como as tramas de um tecido forte, feito da uni\u00e3o feminina e da tradi\u00e7\u00e3o nordestina.<\/p>\n<p>E assim segue o artesanato nordestino: pulsante, colorido, feminino. Um verdadeiro poder que nasce das m\u00e3os e vai direto para o mundo \u2014 levando consigo a alma de um povo e o cora\u00e7\u00e3o de suas mulheres.<\/p>\n","protected":false},"excerpt":{"rendered":"<p>No cora\u00e7\u00e3o do Nordeste, entre ruas de barro e casas de tijolo aparente, mora uma arte que nasce do sil\u00eancio das manh\u00e3s e do burburinho das feiras: o artesanato. S\u00e3o m\u00e3os femininas que entrela\u00e7am fios, modelam o barro, pintam o couro, tran\u00e7am a palha. M\u00e3os calejadas, sim, mas cheias de poesia. Cada pe\u00e7a carrega mais [&hellip;]<\/p>\n","protected":false},"author":2,"featured_media":357798,"comment_status":"closed","ping_status":"closed","sticky":false,"template":"","format":"standard","meta":{"_acf_changed":false,"footnotes":""},"categories":[165],"tags":[],"class_list":["post-357797","post","type-post","status-publish","format-standard","has-post-thumbnail","hentry","category-nordeste"],"acf":[],"_links":{"self":[{"href":"https:\/\/www.notibras.com\/site\/wp-json\/wp\/v2\/posts\/357797","targetHints":{"allow":["GET"]}}],"collection":[{"href":"https:\/\/www.notibras.com\/site\/wp-json\/wp\/v2\/posts"}],"about":[{"href":"https:\/\/www.notibras.com\/site\/wp-json\/wp\/v2\/types\/post"}],"author":[{"embeddable":true,"href":"https:\/\/www.notibras.com\/site\/wp-json\/wp\/v2\/users\/2"}],"replies":[{"embeddable":true,"href":"https:\/\/www.notibras.com\/site\/wp-json\/wp\/v2\/comments?post=357797"}],"version-history":[{"count":1,"href":"https:\/\/www.notibras.com\/site\/wp-json\/wp\/v2\/posts\/357797\/revisions"}],"predecessor-version":[{"id":357799,"href":"https:\/\/www.notibras.com\/site\/wp-json\/wp\/v2\/posts\/357797\/revisions\/357799"}],"wp:featuredmedia":[{"embeddable":true,"href":"https:\/\/www.notibras.com\/site\/wp-json\/wp\/v2\/media\/357798"}],"wp:attachment":[{"href":"https:\/\/www.notibras.com\/site\/wp-json\/wp\/v2\/media?parent=357797"}],"wp:term":[{"taxonomy":"category","embeddable":true,"href":"https:\/\/www.notibras.com\/site\/wp-json\/wp\/v2\/categories?post=357797"},{"taxonomy":"post_tag","embeddable":true,"href":"https:\/\/www.notibras.com\/site\/wp-json\/wp\/v2\/tags?post=357797"}],"curies":[{"name":"wp","href":"https:\/\/api.w.org\/{rel}","templated":true}]}}