{"id":357814,"date":"2025-07-10T09:10:40","date_gmt":"2025-07-10T12:10:40","guid":{"rendered":"https:\/\/www.notibras.com\/site\/?p=357814"},"modified":"2025-07-10T10:03:46","modified_gmt":"2025-07-10T13:03:46","slug":"como-uma-leoa-celina-age-rapido-e-corta-a-juba-de-leoes-da-civil","status":"publish","type":"post","link":"https:\/\/www.notibras.com\/site\/como-uma-leoa-celina-age-rapido-e-corta-a-juba-de-leoes-da-civil\/","title":{"rendered":"Como uma leoa, Celina age r\u00e1pido e corta a juba de le\u00f5es da Civil"},"content":{"rendered":"<p>O homem n\u00e3o \u00e9 o \u00fanico animal que pensa. Entretanto, \u00e9 o \u00fanico que pensa que n\u00e3o \u00e9 animal. Com todas as v\u00eanias e o pedido de licen\u00e7a espiritual ao matem\u00e1tico escritor franc\u00eas Blaise Pascal, me apoderei da frase para tentar explicar a raz\u00e3o pela qual o homem \u00e9, antes de tudo, um animal. Por isso, em determinadas situa\u00e7\u00f5es ele pode ser mais perigoso do que um animal selvagem. Esta semana, na Asa Norte de Bras\u00edlia, regi\u00e3o nobre da cidade, dois policiais civis agrediram impiedosamente um cidad\u00e3o que estava acompanhado do filho de 5 anos.<\/p>\n<p>Pelo que se sabe, as agress\u00f5es decorreram de uma briga de tr\u00e2nsito. Em uma das vias da Capital da Rep\u00fablica, o pai cometeu erros incapazes de serem admitidos pelos agentes de seguran\u00e7a. Tudo bem que, muito mais do que o futebol de nossos tempos, o tr\u00e2nsito se tornou um ringue a c\u00e9u aberto. Nada, por\u00e9m, justifica um cidad\u00e3o ou cidad\u00e3 agredir, chutar e, \u00e0s vezes, matar o outro ou a outra sob a alega\u00e7\u00e3o da perda tempor\u00e1ria de controle.<\/p>\n<p>Um motorista infrator obviamente que precisa ser punido. Agora, se um policial n\u00e3o consegue controlar seus nervos em uma a\u00e7\u00e3o p\u00fablica, s\u00f3 lhe resta o conforto do lar ou a paz e a tranquilidade de um consult\u00f3rio psiqui\u00e1trico. No caso de Bras\u00edlia, a situa\u00e7\u00e3o \u00e9 muito mais grave por dois motivos afins: agentes de seguran\u00e7a s\u00e3o pagos para aplicar a legisla\u00e7\u00e3o de tr\u00e2nsito \u00e0queles que a infringem e n\u00e3o para espancar, sem o direito de defesa, o suposto fora da lei.<\/p>\n<p>Pior foi o fato de os dois policiais representarem a Delegacia da Crian\u00e7a e do Adolescente e, mesmo assim, fazerem vista grossa \u00e0 presen\u00e7a do menor dentro do ve\u00edculo. Como dois le\u00f5es \u00e0 solta, os dois policiais civis s\u00f3 n\u00e3o contavam com a rea\u00e7\u00e3o da sociedade e com a r\u00e1pida a\u00e7\u00e3o da vice-governadora Celina Le\u00e3o, governadora em exerc\u00edcio. Como uma leoa a servi\u00e7o do povo, Celina rugiu e, em alto e bom som, definiu o espancamento como algo &#8220;inadmiss\u00edvel&#8221;.<\/p>\n<p>E realmente foi. N\u00e3o conhe\u00e7o a governadora pessoalmente, mas j\u00e1 ouvi falar tudo a respeito de sua vida p\u00fablica, menos que ela encobre malfeitos, que compactua com os que cometem abuso de poder, provocando injusti\u00e7as ou causando preju\u00edzos ao Estado ou a outrem, que n\u00e3o \u00e9 atuante ou que prevarica. Portanto, n\u00e3o gostaria de estar na pele desses dois policiais que n\u00e3o souberam honrar a institui\u00e7\u00e3o. Quanto a Celina Le\u00e3o, como mulher e brasiliense, tor\u00e7o para que seu trabalho intenso junto ao povo da cidade seja reconhecido em 2026.<\/p>\n<p>&#8230;&#8230;&#8230;&#8230;&#8230;&#8230;..<\/p>\n<p><strong>Sonja Tavares \u00e9 Editora de Pol\u00edtica de Notibras<\/strong><\/p>\n","protected":false},"excerpt":{"rendered":"<p>O homem n\u00e3o \u00e9 o \u00fanico animal que pensa. Entretanto, \u00e9 o \u00fanico que pensa que n\u00e3o \u00e9 animal. Com todas as v\u00eanias e o pedido de licen\u00e7a espiritual ao matem\u00e1tico escritor franc\u00eas Blaise Pascal, me apoderei da frase para tentar explicar a raz\u00e3o pela qual o homem \u00e9, antes de tudo, um animal. Por [&hellip;]<\/p>\n","protected":false},"author":2,"featured_media":357815,"comment_status":"closed","ping_status":"closed","sticky":false,"template":"","format":"standard","meta":{"_acf_changed":false,"footnotes":""},"categories":[161],"tags":[],"class_list":["post-357814","post","type-post","status-publish","format-standard","has-post-thumbnail","hentry","category-quadradinho-em-foco"],"acf":[],"_links":{"self":[{"href":"https:\/\/www.notibras.com\/site\/wp-json\/wp\/v2\/posts\/357814","targetHints":{"allow":["GET"]}}],"collection":[{"href":"https:\/\/www.notibras.com\/site\/wp-json\/wp\/v2\/posts"}],"about":[{"href":"https:\/\/www.notibras.com\/site\/wp-json\/wp\/v2\/types\/post"}],"author":[{"embeddable":true,"href":"https:\/\/www.notibras.com\/site\/wp-json\/wp\/v2\/users\/2"}],"replies":[{"embeddable":true,"href":"https:\/\/www.notibras.com\/site\/wp-json\/wp\/v2\/comments?post=357814"}],"version-history":[{"count":1,"href":"https:\/\/www.notibras.com\/site\/wp-json\/wp\/v2\/posts\/357814\/revisions"}],"predecessor-version":[{"id":357816,"href":"https:\/\/www.notibras.com\/site\/wp-json\/wp\/v2\/posts\/357814\/revisions\/357816"}],"wp:featuredmedia":[{"embeddable":true,"href":"https:\/\/www.notibras.com\/site\/wp-json\/wp\/v2\/media\/357815"}],"wp:attachment":[{"href":"https:\/\/www.notibras.com\/site\/wp-json\/wp\/v2\/media?parent=357814"}],"wp:term":[{"taxonomy":"category","embeddable":true,"href":"https:\/\/www.notibras.com\/site\/wp-json\/wp\/v2\/categories?post=357814"},{"taxonomy":"post_tag","embeddable":true,"href":"https:\/\/www.notibras.com\/site\/wp-json\/wp\/v2\/tags?post=357814"}],"curies":[{"name":"wp","href":"https:\/\/api.w.org\/{rel}","templated":true}]}}