{"id":357866,"date":"2025-07-11T04:11:19","date_gmt":"2025-07-11T07:11:19","guid":{"rendered":"https:\/\/www.notibras.com\/site\/?p=357866"},"modified":"2025-07-11T04:14:12","modified_gmt":"2025-07-11T07:14:12","slug":"sindrome-respiratoria-cresce-no-nordeste-afetando-idosos-e-criancas","status":"publish","type":"post","link":"https:\/\/www.notibras.com\/site\/sindrome-respiratoria-cresce-no-nordeste-afetando-idosos-e-criancas\/","title":{"rendered":"S\u00edndrome Respirat\u00f3ria cresce no Nordeste, afetando idosos e crian\u00e7as"},"content":{"rendered":"<p><!--StartFragment --><\/p>\n<p class=\"pf0\"><span class=\"cf0\">O mais recente boletim <\/span><span class=\"cf0\">InfoGripe<\/span><span class=\"cf0\"> destaca que o n\u00famero de casos de S\u00edndrome Respirat\u00f3ria Aguda Grave (SRAG) entrou em queda em grande parte do pa\u00eds, indicando uma tend\u00eancia de revers\u00e3o da doen\u00e7a. A exce\u00e7\u00e3o s\u00e3o alguns estados nordestinos, onde a doen\u00e7a n\u00e3o d\u00e1 tr\u00e9gua.<\/span><\/p>\n<p class=\"pf0\"><span class=\"cf0\">O quadro \u00e9 atribu\u00eddo \u00e0 interrup\u00e7\u00e3o do crescimento ou queda das hospitaliza\u00e7\u00f5es pelo V\u00edrus Sincicial Respirat\u00f3rio (VSR) em crian\u00e7as pequenas e de influenza A em idosos.<\/span><\/p>\n<p class=\"pf0\"><span class=\"cf0\">A an\u00e1lise dos especialistas da Funda\u00e7\u00e3o Oswaldo Cruz (Fiocruz) aponta tamb\u00e9m para estabilidade nos casos de SRAG por Covid-19, que continuam baixos na maioria dos estados, com um pequeno aumento da doen\u00e7a no Estado do Rio de Janeiro.<\/span><\/p>\n<p class=\"pf0\"><span class=\"cf0\">Embora os n\u00fameros de casos de VSR e influenza A estejam caindo, ainda h\u00e1 locais com crescimento pontual em algumas faixas et\u00e1rias. Os n\u00fameros de hospitaliza\u00e7\u00f5es por SRAG ainda s\u00e3o considerados altos, diz a pesquisadora do <\/span><span class=\"cf0\">InfoGripe<\/span><span class=\"cf0\">, Tatiana Portella. Por isso, ela refor\u00e7a a import\u00e2ncia das medidas preventivas.<\/span><\/p>\n<p class=\"pf0\"><span class=\"cf0\">\u201c\u00c9 importante que todos estejam em dia com a vacina contra a gripe, continuem tomando alguns cuidados e mantendo a etiqueta respirat\u00f3ria, como fazer isolamento ou sair de casa usando m\u00e1scaras em casos de aparecimento de sintomas de gripe ou resfriado, al\u00e9m de usar m\u00e1scara em locais fechados e com muita aglomera\u00e7\u00e3o de pessoas. Al\u00e9m disso, pedimos que as pessoas verifiquem se est\u00e3o em dia com a vacina contra a Covid-19, lembrando que idosos e pessoas imunocomprometidas precisam tomar doses de refor\u00e7o a cada seis meses\u201d, alerta a especialista.<\/span><\/p>\n<p class=\"pf0\"><span class=\"cf0\">Os casos de SRAG entre os idosos, associados \u00e0 influenza A, permanecem em n\u00edveis de moderado a muito alto nos estados de Alagoas, Sergipe, Maranh\u00e3o e Para\u00edba.<\/span><\/p>\n<p><!--EndFragment --><\/p>\n","protected":false},"excerpt":{"rendered":"<p>O mais recente boletim InfoGripe destaca que o n\u00famero de casos de S\u00edndrome Respirat\u00f3ria Aguda Grave (SRAG) entrou em queda em grande parte do pa\u00eds, indicando uma tend\u00eancia de revers\u00e3o da doen\u00e7a. A exce\u00e7\u00e3o s\u00e3o alguns estados nordestinos, onde a doen\u00e7a n\u00e3o d\u00e1 tr\u00e9gua. O quadro \u00e9 atribu\u00eddo \u00e0 interrup\u00e7\u00e3o do crescimento ou queda das [&hellip;]<\/p>\n","protected":false},"author":2,"featured_media":357867,"comment_status":"closed","ping_status":"closed","sticky":false,"template":"","format":"standard","meta":{"_acf_changed":false,"footnotes":""},"categories":[165],"tags":[],"class_list":["post-357866","post","type-post","status-publish","format-standard","has-post-thumbnail","hentry","category-nordeste"],"acf":[],"_links":{"self":[{"href":"https:\/\/www.notibras.com\/site\/wp-json\/wp\/v2\/posts\/357866","targetHints":{"allow":["GET"]}}],"collection":[{"href":"https:\/\/www.notibras.com\/site\/wp-json\/wp\/v2\/posts"}],"about":[{"href":"https:\/\/www.notibras.com\/site\/wp-json\/wp\/v2\/types\/post"}],"author":[{"embeddable":true,"href":"https:\/\/www.notibras.com\/site\/wp-json\/wp\/v2\/users\/2"}],"replies":[{"embeddable":true,"href":"https:\/\/www.notibras.com\/site\/wp-json\/wp\/v2\/comments?post=357866"}],"version-history":[{"count":2,"href":"https:\/\/www.notibras.com\/site\/wp-json\/wp\/v2\/posts\/357866\/revisions"}],"predecessor-version":[{"id":357869,"href":"https:\/\/www.notibras.com\/site\/wp-json\/wp\/v2\/posts\/357866\/revisions\/357869"}],"wp:featuredmedia":[{"embeddable":true,"href":"https:\/\/www.notibras.com\/site\/wp-json\/wp\/v2\/media\/357867"}],"wp:attachment":[{"href":"https:\/\/www.notibras.com\/site\/wp-json\/wp\/v2\/media?parent=357866"}],"wp:term":[{"taxonomy":"category","embeddable":true,"href":"https:\/\/www.notibras.com\/site\/wp-json\/wp\/v2\/categories?post=357866"},{"taxonomy":"post_tag","embeddable":true,"href":"https:\/\/www.notibras.com\/site\/wp-json\/wp\/v2\/tags?post=357866"}],"curies":[{"name":"wp","href":"https:\/\/api.w.org\/{rel}","templated":true}]}}