{"id":357870,"date":"2025-07-11T00:19:54","date_gmt":"2025-07-11T03:19:54","guid":{"rendered":"https:\/\/www.notibras.com\/site\/?p=357870"},"modified":"2025-07-11T21:12:53","modified_gmt":"2025-07-12T00:12:53","slug":"vitoria-contrata-fabio-carille-ex-tecnico-do-vasco-da-gama","status":"publish","type":"post","link":"https:\/\/www.notibras.com\/site\/vitoria-contrata-fabio-carille-ex-tecnico-do-vasco-da-gama\/","title":{"rendered":"Vit\u00f3ria contrata F\u00e1bio Carille, ex-t\u00e9cnico do Vasco da Gama"},"content":{"rendered":"<p><!--StartFragment --><\/p>\n<p class=\"pf0\"><span class=\"cf0\">O Vit\u00f3ria anunciou o acerto com o t\u00e9cnico Fabio Carille, ex-Vasco da Gama, que substitui Thiago Carpini, demitido ap\u00f3s a derrota para o Confian\u00e7a, na noite da \u00faltima ter\u00e7a-feira (8), que valeu a desclassifica\u00e7\u00e3o do Le\u00e3o da Copa do Nordeste.<\/span><\/p>\n<p class=\"pf0\"><span class=\"cf0\">Segundo comunicado da equipe baiana, Fabio Carille estar\u00e1 no comando do Vit\u00f3ria j\u00e1 na pr\u00f3xima rodada do Campeonato Brasileiro, \u201ccontra o Internacional [RS], no pr\u00f3ximo s\u00e1bado [12], \u00e0s 16h30, no Beira-Rio, em Porto Alegre\u201d.<\/span><\/p>\n<p class=\"pf0\"><span class=\"cf0\">O novo t\u00e9cnico do Le\u00e3o da Barra apresentou-se em Salvador na quinta-feira (10). O contrato entre o Rubro-Negro e seu novo treinador ter\u00e1 dura\u00e7\u00e3o de um ano.<\/span><\/p>\n<p><!--EndFragment --><\/p>\n","protected":false},"excerpt":{"rendered":"<p>O Vit\u00f3ria anunciou o acerto com o t\u00e9cnico Fabio Carille, ex-Vasco da Gama, que substitui Thiago Carpini, demitido ap\u00f3s a derrota para o Confian\u00e7a, na noite da \u00faltima ter\u00e7a-feira (8), que valeu a desclassifica\u00e7\u00e3o do Le\u00e3o da Copa do Nordeste. Segundo comunicado da equipe baiana, Fabio Carille estar\u00e1 no comando do Vit\u00f3ria j\u00e1 na pr\u00f3xima [&hellip;]<\/p>\n","protected":false},"author":2,"featured_media":357871,"comment_status":"closed","ping_status":"closed","sticky":false,"template":"","format":"standard","meta":{"_acf_changed":false,"footnotes":""},"categories":[165],"tags":[],"class_list":["post-357870","post","type-post","status-publish","format-standard","has-post-thumbnail","hentry","category-nordeste"],"acf":[],"_links":{"self":[{"href":"https:\/\/www.notibras.com\/site\/wp-json\/wp\/v2\/posts\/357870","targetHints":{"allow":["GET"]}}],"collection":[{"href":"https:\/\/www.notibras.com\/site\/wp-json\/wp\/v2\/posts"}],"about":[{"href":"https:\/\/www.notibras.com\/site\/wp-json\/wp\/v2\/types\/post"}],"author":[{"embeddable":true,"href":"https:\/\/www.notibras.com\/site\/wp-json\/wp\/v2\/users\/2"}],"replies":[{"embeddable":true,"href":"https:\/\/www.notibras.com\/site\/wp-json\/wp\/v2\/comments?post=357870"}],"version-history":[{"count":5,"href":"https:\/\/www.notibras.com\/site\/wp-json\/wp\/v2\/posts\/357870\/revisions"}],"predecessor-version":[{"id":357903,"href":"https:\/\/www.notibras.com\/site\/wp-json\/wp\/v2\/posts\/357870\/revisions\/357903"}],"wp:featuredmedia":[{"embeddable":true,"href":"https:\/\/www.notibras.com\/site\/wp-json\/wp\/v2\/media\/357871"}],"wp:attachment":[{"href":"https:\/\/www.notibras.com\/site\/wp-json\/wp\/v2\/media?parent=357870"}],"wp:term":[{"taxonomy":"category","embeddable":true,"href":"https:\/\/www.notibras.com\/site\/wp-json\/wp\/v2\/categories?post=357870"},{"taxonomy":"post_tag","embeddable":true,"href":"https:\/\/www.notibras.com\/site\/wp-json\/wp\/v2\/tags?post=357870"}],"curies":[{"name":"wp","href":"https:\/\/api.w.org\/{rel}","templated":true}]}}