{"id":357908,"date":"2025-07-12T05:58:02","date_gmt":"2025-07-12T08:58:02","guid":{"rendered":"https:\/\/www.notibras.com\/site\/?p=357908"},"modified":"2025-07-12T06:02:58","modified_gmt":"2025-07-12T09:02:58","slug":"russia-e-coreia-do-norte-firmam-o-pacto-da-irmandade-invencivel","status":"publish","type":"post","link":"https:\/\/www.notibras.com\/site\/russia-e-coreia-do-norte-firmam-o-pacto-da-irmandade-invencivel\/","title":{"rendered":"R\u00fassia e Coreia do Norte firmam o pacto da &#8216;Irmandade Invenc\u00edvel&#8217;"},"content":{"rendered":"<p><!--StartFragment --><\/p>\n<p class=\"pf0\"><span class=\"cf0\">O ministro das Rela\u00e7\u00f5es Exteriores russo, Sergey <\/span><span class=\"cf0\">Lavrov<\/span><span class=\"cf0\">, chegou \u00e0 Coreia do Norte para a segunda rodada de di\u00e1logo estrat\u00e9gico entre Moscou e Pyongyang, enquanto as duas na\u00e7\u00f5es aprofundam o que <\/span><span class=\"cf0\">Lavrov<\/span><span class=\"cf0\"> descreveu como uma &#8220;irmandade invenc\u00edvel&#8221; <\/span><span class=\"cf1\">\u2014 um v<\/span><span class=\"cf0\">\u00ednculo agora testado em batalha por soldados norte-coreanos que lutam ao lado das tropas russas para libertar a regi\u00e3o de Kursk.<\/span><\/p>\n<p class=\"pf0\"><span class=\"cf0\">Principais conclus\u00f5es da visita de <\/span><span class=\"cf0\">Lavrov<\/span><\/p>\n<p class=\"pf0\"><span class=\"cf0\">1. O apoio da Coreia do Norte \u00e0 R\u00fassia na opera\u00e7\u00e3o militar especial. <\/span><span class=\"cf0\">Lavrov<\/span><span class=\"cf0\"> reconheceu as contribui\u00e7\u00f5es de Pyongyang ao esfor\u00e7o de guerra da R\u00fassia, chamando-as de &#8220;uma demonstra\u00e7\u00e3o sincera de solidariedade&#8221;. A futura coopera\u00e7\u00e3o militar ser\u00e1 &#8220;decidida exclusivamente por Kim Jong-<\/span><span class=\"cf0\">un<\/span><span class=\"cf0\">&#8220;.<\/span><\/p>\n<p class=\"pf0\"><span class=\"cf0\">2. Coopera\u00e7\u00e3o bilateral, com R\u00fassia e Coreia do Norte retomando as liga\u00e7\u00f5es de transporte mar\u00edtimo. Vladimir Putin e Kim Jong-<\/span><span class=\"cf0\">un<\/span><span class=\"cf0\"> mant\u00eam comunica\u00e7\u00e3o constante, com futuras reuni\u00f5es presenciais.<\/span><\/p>\n<p class=\"pf0\"><span class=\"cf0\">3. Sobre a posi\u00e7\u00e3o nuclear e diplom\u00e1tica, a R\u00fassia alerta os EUA e seus aliados contra a cria\u00e7\u00e3o de amea\u00e7as \u00e0 seguran\u00e7a russa e norte-coreana.<\/span><\/p>\n<p class=\"pf0\"><span class=\"cf0\">Moscou respeita e entende as raz\u00f5es por tr\u00e1s do desenvolvimento do programa nuclear da Coreia do Norte, diz <\/span><span class=\"cf0\">Lavrov<\/span><span class=\"cf0\">. &#8220;R\u00fassia e Coreia do Norte tomaram nota das declara\u00e7\u00f5es de Donald Trump sobre a retomada do di\u00e1logo com Pyongyang <\/span><span class=\"cf1\">\u2013 mas isso <\/span><span class=\"cf0\">\u00e9 tudo por enquanto.&#8221;<\/span><\/p>\n<p class=\"pf0\"><span class=\"cf0\">No di\u00e1logo intercoreano, a R\u00fassia s\u00f3 auxiliar\u00e1 em quest\u00f5es de interesse da Coreia do Norte. O Ministro das Rela\u00e7\u00f5es Exteriores da Coreia do Norte, por sua vez, prometeu apoio &#8220;incondicional&#8221; \u00e0 integridade territorial da R\u00fassia, declarando que as rela\u00e7\u00f5es est\u00e3o em um n\u00edvel &#8220;inquebrant\u00e1vel&#8221;.<\/span><\/p>\n<p><!--EndFragment --><\/p>\n","protected":false},"excerpt":{"rendered":"<p>O ministro das Rela\u00e7\u00f5es Exteriores russo, Sergey Lavrov, chegou \u00e0 Coreia do Norte para a segunda rodada de di\u00e1logo estrat\u00e9gico entre Moscou e Pyongyang, enquanto as duas na\u00e7\u00f5es aprofundam o que Lavrov descreveu como uma &#8220;irmandade invenc\u00edvel&#8221; \u2014 um v\u00ednculo agora testado em batalha por soldados norte-coreanos que lutam ao lado das tropas russas para [&hellip;]<\/p>\n","protected":false},"author":2,"featured_media":119080,"comment_status":"closed","ping_status":"closed","sticky":false,"template":"","format":"standard","meta":{"_acf_changed":false,"footnotes":""},"categories":[159],"tags":[],"class_list":["post-357908","post","type-post","status-publish","format-standard","has-post-thumbnail","hentry","category-apocalipse"],"acf":[],"yoast_head":"<!-- This site is optimized with the Yoast SEO plugin v27.2 - https:\/\/yoast.com\/product\/yoast-seo-wordpress\/ -->\n<title>R\u00fassia e Coreia do Norte firmam o pacto da &#039;Irmandade Invenc\u00edvel&#039; - Notibras<\/title>\n<meta name=\"robots\" content=\"index, follow, max-snippet:-1, max-image-preview:large, max-video-preview:-1\" \/>\n<link rel=\"canonical\" href=\"https:\/\/www.notibras.com\/site\/russia-e-coreia-do-norte-firmam-o-pacto-da-irmandade-invencivel\/\" \/>\n<meta property=\"og:locale\" content=\"pt_BR\" \/>\n<meta property=\"og:type\" content=\"article\" \/>\n<meta property=\"og:title\" content=\"R\u00fassia e Coreia do Norte firmam o pacto da &#039;Irmandade Invenc\u00edvel&#039; - Notibras\" \/>\n<meta property=\"og:description\" content=\"O ministro das Rela\u00e7\u00f5es Exteriores russo, Sergey Lavrov, chegou \u00e0 Coreia do Norte para a segunda rodada de di\u00e1logo estrat\u00e9gico entre Moscou e Pyongyang, enquanto as duas na\u00e7\u00f5es aprofundam o que Lavrov descreveu como uma &#8220;irmandade invenc\u00edvel&#8221; \u2014 um v\u00ednculo agora testado em batalha por soldados norte-coreanos que lutam ao lado das tropas russas para [&hellip;]\" \/>\n<meta property=\"og:url\" content=\"https:\/\/www.notibras.com\/site\/russia-e-coreia-do-norte-firmam-o-pacto-da-irmandade-invencivel\/\" \/>\n<meta property=\"og:site_name\" content=\"Notibras\" \/>\n<meta property=\"article:publisher\" content=\"https:\/\/www.facebook.com\/notibras\/\" \/>\n<meta property=\"article:published_time\" content=\"2025-07-12T08:58:02+00:00\" \/>\n<meta property=\"article:modified_time\" content=\"2025-07-12T09:02:58+00:00\" \/>\n<meta property=\"og:image\" content=\"https:\/\/www.notibras.com\/site\/wp-content\/uploads\/2016\/10\/JTW-Guerra-Nuclear.png\" \/>\n\t<meta property=\"og:image:width\" content=\"960\" \/>\n\t<meta property=\"og:image:height\" content=\"720\" \/>\n\t<meta property=\"og:image:type\" content=\"image\/png\" \/>\n<meta name=\"author\" content=\"Reda\u00e7\u00e3o\" \/>\n<meta name=\"twitter:card\" content=\"summary_large_image\" \/>\n<meta name=\"twitter:creator\" content=\"@Notibras\" \/>\n<meta name=\"twitter:site\" content=\"@Notibras\" \/>\n<meta name=\"twitter:label1\" content=\"Escrito por\" \/>\n\t<meta name=\"twitter:data1\" content=\"Reda\u00e7\u00e3o\" \/>\n\t<meta name=\"twitter:label2\" content=\"Est. tempo de leitura\" \/>\n\t<meta name=\"twitter:data2\" content=\"2 minutos\" \/>\n<script type=\"application\/ld+json\" class=\"yoast-schema-graph\">{\"@context\":\"https:\/\/schema.org\",\"@graph\":[{\"@type\":\"Article\",\"@id\":\"https:\/\/www.notibras.com\/site\/russia-e-coreia-do-norte-firmam-o-pacto-da-irmandade-invencivel\/#article\",\"isPartOf\":{\"@id\":\"https:\/\/www.notibras.com\/site\/russia-e-coreia-do-norte-firmam-o-pacto-da-irmandade-invencivel\/\"},\"author\":{\"name\":\"Reda\u00e7\u00e3o\",\"@id\":\"https:\/\/www.notibras.com\/site\/#\/schema\/person\/36ab0979449956132d3e5b517ea76ac8\"},\"headline\":\"R\u00fassia e Coreia do Norte firmam o pacto da &#8216;Irmandade Invenc\u00edvel&#8217;\",\"datePublished\":\"2025-07-12T08:58:02+00:00\",\"dateModified\":\"2025-07-12T09:02:58+00:00\",\"mainEntityOfPage\":{\"@id\":\"https:\/\/www.notibras.com\/site\/russia-e-coreia-do-norte-firmam-o-pacto-da-irmandade-invencivel\/\"},\"wordCount\":296,\"publisher\":{\"@id\":\"https:\/\/www.notibras.com\/site\/#organization\"},\"image\":{\"@id\":\"https:\/\/www.notibras.com\/site\/russia-e-coreia-do-norte-firmam-o-pacto-da-irmandade-invencivel\/#primaryimage\"},\"thumbnailUrl\":\"https:\/\/www.notibras.com\/site\/wp-content\/uploads\/2016\/10\/JTW-Guerra-Nuclear.png\",\"articleSection\":[\"Apocalipse\"],\"inLanguage\":\"pt-BR\"},{\"@type\":\"WebPage\",\"@id\":\"https:\/\/www.notibras.com\/site\/russia-e-coreia-do-norte-firmam-o-pacto-da-irmandade-invencivel\/\",\"url\":\"https:\/\/www.notibras.com\/site\/russia-e-coreia-do-norte-firmam-o-pacto-da-irmandade-invencivel\/\",\"name\":\"R\u00fassia e Coreia do Norte firmam o pacto da 'Irmandade Invenc\u00edvel' - Notibras\",\"isPartOf\":{\"@id\":\"https:\/\/www.notibras.com\/site\/#website\"},\"primaryImageOfPage\":{\"@id\":\"https:\/\/www.notibras.com\/site\/russia-e-coreia-do-norte-firmam-o-pacto-da-irmandade-invencivel\/#primaryimage\"},\"image\":{\"@id\":\"https:\/\/www.notibras.com\/site\/russia-e-coreia-do-norte-firmam-o-pacto-da-irmandade-invencivel\/#primaryimage\"},\"thumbnailUrl\":\"https:\/\/www.notibras.com\/site\/wp-content\/uploads\/2016\/10\/JTW-Guerra-Nuclear.png\",\"datePublished\":\"2025-07-12T08:58:02+00:00\",\"dateModified\":\"2025-07-12T09:02:58+00:00\",\"breadcrumb\":{\"@id\":\"https:\/\/www.notibras.com\/site\/russia-e-coreia-do-norte-firmam-o-pacto-da-irmandade-invencivel\/#breadcrumb\"},\"inLanguage\":\"pt-BR\",\"potentialAction\":[{\"@type\":\"ReadAction\",\"target\":[\"https:\/\/www.notibras.com\/site\/russia-e-coreia-do-norte-firmam-o-pacto-da-irmandade-invencivel\/\"]}]},{\"@type\":\"ImageObject\",\"inLanguage\":\"pt-BR\",\"@id\":\"https:\/\/www.notibras.com\/site\/russia-e-coreia-do-norte-firmam-o-pacto-da-irmandade-invencivel\/#primaryimage\",\"url\":\"https:\/\/www.notibras.com\/site\/wp-content\/uploads\/2016\/10\/JTW-Guerra-Nuclear.png\",\"contentUrl\":\"https:\/\/www.notibras.com\/site\/wp-content\/uploads\/2016\/10\/JTW-Guerra-Nuclear.png\",\"width\":960,\"height\":720,\"caption\":\"Ataque verbal \u00e0 Coreia pode ter revide sem precedentes. Foto: Propaganda do regime norte-coreano\/Arquivo Notibras\"},{\"@type\":\"BreadcrumbList\",\"@id\":\"https:\/\/www.notibras.com\/site\/russia-e-coreia-do-norte-firmam-o-pacto-da-irmandade-invencivel\/#breadcrumb\",\"itemListElement\":[{\"@type\":\"ListItem\",\"position\":1,\"name\":\"In\u00edcio\",\"item\":\"https:\/\/www.notibras.com\/site\/\"},{\"@type\":\"ListItem\",\"position\":2,\"name\":\"R\u00fassia e Coreia do Norte firmam o pacto da &#8216;Irmandade Invenc\u00edvel&#8217;\"}]},{\"@type\":\"WebSite\",\"@id\":\"https:\/\/www.notibras.com\/site\/#website\",\"url\":\"https:\/\/www.notibras.com\/site\/\",\"name\":\"Notibras\",\"description\":\"Not\u00edcias de Bras\u00edlia, do Brasil e do Mundo\",\"publisher\":{\"@id\":\"https:\/\/www.notibras.com\/site\/#organization\"},\"potentialAction\":[{\"@type\":\"SearchAction\",\"target\":{\"@type\":\"EntryPoint\",\"urlTemplate\":\"https:\/\/www.notibras.com\/site\/?s={search_term_string}\"},\"query-input\":{\"@type\":\"PropertyValueSpecification\",\"valueRequired\":true,\"valueName\":\"search_term_string\"}}],\"inLanguage\":\"pt-BR\"},{\"@type\":\"Organization\",\"@id\":\"https:\/\/www.notibras.com\/site\/#organization\",\"name\":\"Grupo Notibras de Comunica\u00e7\u00e3o\",\"url\":\"https:\/\/www.notibras.com\/site\/\",\"logo\":{\"@type\":\"ImageObject\",\"inLanguage\":\"pt-BR\",\"@id\":\"https:\/\/www.notibras.com\/site\/#\/schema\/logo\/image\/\",\"url\":\"https:\/\/www.notibras.com\/site\/wp-content\/uploads\/2023\/01\/notibras23.png\",\"contentUrl\":\"https:\/\/www.notibras.com\/site\/wp-content\/uploads\/2023\/01\/notibras23.png\",\"width\":350,\"height\":87,\"caption\":\"Grupo Notibras de Comunica\u00e7\u00e3o\"},\"image\":{\"@id\":\"https:\/\/www.notibras.com\/site\/#\/schema\/logo\/image\/\"},\"sameAs\":[\"https:\/\/www.facebook.com\/notibras\/\",\"https:\/\/x.com\/Notibras\",\"https:\/\/www.instagram.com\/notibras\/\"]},{\"@type\":\"Person\",\"@id\":\"https:\/\/www.notibras.com\/site\/#\/schema\/person\/36ab0979449956132d3e5b517ea76ac8\",\"name\":\"Reda\u00e7\u00e3o\",\"image\":{\"@type\":\"ImageObject\",\"inLanguage\":\"pt-BR\",\"@id\":\"https:\/\/secure.gravatar.com\/avatar\/e0a867bdedb85fd243eadf09663511f96fc81e0720a4a42581f334ad4303aa6b?s=96&d=mm&r=g\",\"url\":\"https:\/\/secure.gravatar.com\/avatar\/e0a867bdedb85fd243eadf09663511f96fc81e0720a4a42581f334ad4303aa6b?s=96&d=mm&r=g\",\"contentUrl\":\"https:\/\/secure.gravatar.com\/avatar\/e0a867bdedb85fd243eadf09663511f96fc81e0720a4a42581f334ad4303aa6b?s=96&d=mm&r=g\",\"caption\":\"Reda\u00e7\u00e3o\"}}]}<\/script>\n<!-- \/ Yoast SEO plugin. -->","yoast_head_json":{"title":"R\u00fassia e Coreia do Norte firmam o pacto da 'Irmandade Invenc\u00edvel' - Notibras","robots":{"index":"index","follow":"follow","max-snippet":"max-snippet:-1","max-image-preview":"max-image-preview:large","max-video-preview":"max-video-preview:-1"},"canonical":"https:\/\/www.notibras.com\/site\/russia-e-coreia-do-norte-firmam-o-pacto-da-irmandade-invencivel\/","og_locale":"pt_BR","og_type":"article","og_title":"R\u00fassia e Coreia do Norte firmam o pacto da 'Irmandade Invenc\u00edvel' - Notibras","og_description":"O ministro das Rela\u00e7\u00f5es Exteriores russo, Sergey Lavrov, chegou \u00e0 Coreia do Norte para a segunda rodada de di\u00e1logo estrat\u00e9gico entre Moscou e Pyongyang, enquanto as duas na\u00e7\u00f5es aprofundam o que Lavrov descreveu como uma &#8220;irmandade invenc\u00edvel&#8221; \u2014 um v\u00ednculo agora testado em batalha por soldados norte-coreanos que lutam ao lado das tropas russas para [&hellip;]","og_url":"https:\/\/www.notibras.com\/site\/russia-e-coreia-do-norte-firmam-o-pacto-da-irmandade-invencivel\/","og_site_name":"Notibras","article_publisher":"https:\/\/www.facebook.com\/notibras\/","article_published_time":"2025-07-12T08:58:02+00:00","article_modified_time":"2025-07-12T09:02:58+00:00","og_image":[{"width":960,"height":720,"url":"https:\/\/www.notibras.com\/site\/wp-content\/uploads\/2016\/10\/JTW-Guerra-Nuclear.png","type":"image\/png"}],"author":"Reda\u00e7\u00e3o","twitter_card":"summary_large_image","twitter_creator":"@Notibras","twitter_site":"@Notibras","twitter_misc":{"Escrito por":"Reda\u00e7\u00e3o","Est. tempo de leitura":"2 minutos"},"schema":{"@context":"https:\/\/schema.org","@graph":[{"@type":"Article","@id":"https:\/\/www.notibras.com\/site\/russia-e-coreia-do-norte-firmam-o-pacto-da-irmandade-invencivel\/#article","isPartOf":{"@id":"https:\/\/www.notibras.com\/site\/russia-e-coreia-do-norte-firmam-o-pacto-da-irmandade-invencivel\/"},"author":{"name":"Reda\u00e7\u00e3o","@id":"https:\/\/www.notibras.com\/site\/#\/schema\/person\/36ab0979449956132d3e5b517ea76ac8"},"headline":"R\u00fassia e Coreia do Norte firmam o pacto da &#8216;Irmandade Invenc\u00edvel&#8217;","datePublished":"2025-07-12T08:58:02+00:00","dateModified":"2025-07-12T09:02:58+00:00","mainEntityOfPage":{"@id":"https:\/\/www.notibras.com\/site\/russia-e-coreia-do-norte-firmam-o-pacto-da-irmandade-invencivel\/"},"wordCount":296,"publisher":{"@id":"https:\/\/www.notibras.com\/site\/#organization"},"image":{"@id":"https:\/\/www.notibras.com\/site\/russia-e-coreia-do-norte-firmam-o-pacto-da-irmandade-invencivel\/#primaryimage"},"thumbnailUrl":"https:\/\/www.notibras.com\/site\/wp-content\/uploads\/2016\/10\/JTW-Guerra-Nuclear.png","articleSection":["Apocalipse"],"inLanguage":"pt-BR"},{"@type":"WebPage","@id":"https:\/\/www.notibras.com\/site\/russia-e-coreia-do-norte-firmam-o-pacto-da-irmandade-invencivel\/","url":"https:\/\/www.notibras.com\/site\/russia-e-coreia-do-norte-firmam-o-pacto-da-irmandade-invencivel\/","name":"R\u00fassia e Coreia do Norte firmam o pacto da 'Irmandade Invenc\u00edvel' - Notibras","isPartOf":{"@id":"https:\/\/www.notibras.com\/site\/#website"},"primaryImageOfPage":{"@id":"https:\/\/www.notibras.com\/site\/russia-e-coreia-do-norte-firmam-o-pacto-da-irmandade-invencivel\/#primaryimage"},"image":{"@id":"https:\/\/www.notibras.com\/site\/russia-e-coreia-do-norte-firmam-o-pacto-da-irmandade-invencivel\/#primaryimage"},"thumbnailUrl":"https:\/\/www.notibras.com\/site\/wp-content\/uploads\/2016\/10\/JTW-Guerra-Nuclear.png","datePublished":"2025-07-12T08:58:02+00:00","dateModified":"2025-07-12T09:02:58+00:00","breadcrumb":{"@id":"https:\/\/www.notibras.com\/site\/russia-e-coreia-do-norte-firmam-o-pacto-da-irmandade-invencivel\/#breadcrumb"},"inLanguage":"pt-BR","potentialAction":[{"@type":"ReadAction","target":["https:\/\/www.notibras.com\/site\/russia-e-coreia-do-norte-firmam-o-pacto-da-irmandade-invencivel\/"]}]},{"@type":"ImageObject","inLanguage":"pt-BR","@id":"https:\/\/www.notibras.com\/site\/russia-e-coreia-do-norte-firmam-o-pacto-da-irmandade-invencivel\/#primaryimage","url":"https:\/\/www.notibras.com\/site\/wp-content\/uploads\/2016\/10\/JTW-Guerra-Nuclear.png","contentUrl":"https:\/\/www.notibras.com\/site\/wp-content\/uploads\/2016\/10\/JTW-Guerra-Nuclear.png","width":960,"height":720,"caption":"Ataque verbal \u00e0 Coreia pode ter revide sem precedentes. Foto: Propaganda do regime norte-coreano\/Arquivo Notibras"},{"@type":"BreadcrumbList","@id":"https:\/\/www.notibras.com\/site\/russia-e-coreia-do-norte-firmam-o-pacto-da-irmandade-invencivel\/#breadcrumb","itemListElement":[{"@type":"ListItem","position":1,"name":"In\u00edcio","item":"https:\/\/www.notibras.com\/site\/"},{"@type":"ListItem","position":2,"name":"R\u00fassia e Coreia do Norte firmam o pacto da &#8216;Irmandade Invenc\u00edvel&#8217;"}]},{"@type":"WebSite","@id":"https:\/\/www.notibras.com\/site\/#website","url":"https:\/\/www.notibras.com\/site\/","name":"Notibras","description":"Not\u00edcias de Bras\u00edlia, do Brasil e do Mundo","publisher":{"@id":"https:\/\/www.notibras.com\/site\/#organization"},"potentialAction":[{"@type":"SearchAction","target":{"@type":"EntryPoint","urlTemplate":"https:\/\/www.notibras.com\/site\/?s={search_term_string}"},"query-input":{"@type":"PropertyValueSpecification","valueRequired":true,"valueName":"search_term_string"}}],"inLanguage":"pt-BR"},{"@type":"Organization","@id":"https:\/\/www.notibras.com\/site\/#organization","name":"Grupo Notibras de Comunica\u00e7\u00e3o","url":"https:\/\/www.notibras.com\/site\/","logo":{"@type":"ImageObject","inLanguage":"pt-BR","@id":"https:\/\/www.notibras.com\/site\/#\/schema\/logo\/image\/","url":"https:\/\/www.notibras.com\/site\/wp-content\/uploads\/2023\/01\/notibras23.png","contentUrl":"https:\/\/www.notibras.com\/site\/wp-content\/uploads\/2023\/01\/notibras23.png","width":350,"height":87,"caption":"Grupo Notibras de Comunica\u00e7\u00e3o"},"image":{"@id":"https:\/\/www.notibras.com\/site\/#\/schema\/logo\/image\/"},"sameAs":["https:\/\/www.facebook.com\/notibras\/","https:\/\/x.com\/Notibras","https:\/\/www.instagram.com\/notibras\/"]},{"@type":"Person","@id":"https:\/\/www.notibras.com\/site\/#\/schema\/person\/36ab0979449956132d3e5b517ea76ac8","name":"Reda\u00e7\u00e3o","image":{"@type":"ImageObject","inLanguage":"pt-BR","@id":"https:\/\/secure.gravatar.com\/avatar\/e0a867bdedb85fd243eadf09663511f96fc81e0720a4a42581f334ad4303aa6b?s=96&d=mm&r=g","url":"https:\/\/secure.gravatar.com\/avatar\/e0a867bdedb85fd243eadf09663511f96fc81e0720a4a42581f334ad4303aa6b?s=96&d=mm&r=g","contentUrl":"https:\/\/secure.gravatar.com\/avatar\/e0a867bdedb85fd243eadf09663511f96fc81e0720a4a42581f334ad4303aa6b?s=96&d=mm&r=g","caption":"Reda\u00e7\u00e3o"}}]}},"amp_enabled":true,"_links":{"self":[{"href":"https:\/\/www.notibras.com\/site\/wp-json\/wp\/v2\/posts\/357908","targetHints":{"allow":["GET"]}}],"collection":[{"href":"https:\/\/www.notibras.com\/site\/wp-json\/wp\/v2\/posts"}],"about":[{"href":"https:\/\/www.notibras.com\/site\/wp-json\/wp\/v2\/types\/post"}],"author":[{"embeddable":true,"href":"https:\/\/www.notibras.com\/site\/wp-json\/wp\/v2\/users\/2"}],"replies":[{"embeddable":true,"href":"https:\/\/www.notibras.com\/site\/wp-json\/wp\/v2\/comments?post=357908"}],"version-history":[{"count":4,"href":"https:\/\/www.notibras.com\/site\/wp-json\/wp\/v2\/posts\/357908\/revisions"}],"predecessor-version":[{"id":357912,"href":"https:\/\/www.notibras.com\/site\/wp-json\/wp\/v2\/posts\/357908\/revisions\/357912"}],"wp:featuredmedia":[{"embeddable":true,"href":"https:\/\/www.notibras.com\/site\/wp-json\/wp\/v2\/media\/119080"}],"wp:attachment":[{"href":"https:\/\/www.notibras.com\/site\/wp-json\/wp\/v2\/media?parent=357908"}],"wp:term":[{"taxonomy":"category","embeddable":true,"href":"https:\/\/www.notibras.com\/site\/wp-json\/wp\/v2\/categories?post=357908"},{"taxonomy":"post_tag","embeddable":true,"href":"https:\/\/www.notibras.com\/site\/wp-json\/wp\/v2\/tags?post=357908"}],"curies":[{"name":"wp","href":"https:\/\/api.w.org\/{rel}","templated":true}]}}