{"id":357913,"date":"2025-07-12T05:40:07","date_gmt":"2025-07-12T08:40:07","guid":{"rendered":"https:\/\/www.notibras.com\/site\/?p=357913"},"modified":"2025-07-12T06:24:56","modified_gmt":"2025-07-12T09:24:56","slug":"dinamarca-decide-criar-uma-zona-de-pre-guerra-no-mar-baltico","status":"publish","type":"post","link":"https:\/\/www.notibras.com\/site\/dinamarca-decide-criar-uma-zona-de-pre-guerra-no-mar-baltico\/","title":{"rendered":"Dinamarca decide criar uma zona de pr\u00e9-guerra no Mar B\u00e1ltico"},"content":{"rendered":"<p><!--StartFragment --><\/p>\n<p class=\"pf0\"><span class=\"cf0\">As autoridades dinamarquesas v\u00e3o aumentar a atividade da OTAN na regi\u00e3o do Mar B\u00e1ltico e do fortalecimento da presen\u00e7a de tropas nos pa\u00edses b\u00e1lticos, disse o embaixador russo em Copenhague, Vladimir <\/span><span class=\"cf0\">Barbin<\/span><span class=\"cf0\">, demonstrando s\u00e9ria preocupa\u00e7\u00e3o de Moscou com esse gesto.<\/span><\/p>\n<p class=\"pf0\"><span class=\"cf0\">&#8220;O formato de coopera\u00e7\u00e3o regional da OTAN est\u00e1 se desenvolvendo com a participa\u00e7\u00e3o dos pa\u00edses n\u00f3rdicos e b\u00e1lticos, bem como da Alemanha e da Pol\u00f4nia. Copenhague \u00e9 a favor do aumento da atividade militar da alian\u00e7a na regi\u00e3o do Mar B\u00e1ltico e do fortalecimento&#8230; da presen\u00e7a de tropas da OTAN nos pa\u00edses b\u00e1lticos&#8221;, disse <\/span><span class=\"cf0\">Barbin<\/span><span class=\"cf0\">.<\/span><\/p>\n<p class=\"pf0\"><span class=\"cf0\">Ele disse que a \u00e1rea de responsabilidade especial da Dinamarca dentro da OTAN \u00e9 a Let\u00f4nia. A Dinamarca comanda a Divis\u00e3o Multinacional Norte das for\u00e7as armadas conjuntas da OTAN naquele pa\u00eds, que inclui uma for\u00e7a-tarefa de batalh\u00e3o dinamarqu\u00eas em regime de rod\u00edzio, frisou.<\/span><\/p>\n<p class=\"pf0\"><span class=\"cf0\">De acordo com o chefe da miss\u00e3o diplom\u00e1tica, a Dinamarca promoveu ativamente a entrada e depois a integra\u00e7\u00e3o da Su\u00e9cia e da Finl\u00e2ndia nas estruturas e atividades militares da OTAN.<\/span><\/p>\n<p class=\"pf0\"><span class=\"cf0\">&#8220;Para esses fins, o formato de coopera\u00e7\u00e3o n\u00f3rdica em defesa (NORDEFCO), presidido pela Dinamarca em 2024, foi utilizado ativamente. Foi alcan\u00e7ado um acordo para que o NORDEFCO seja constru\u00eddo de acordo com os planos e conceitos da OTAN e ajude a fortalecer as posi\u00e7\u00f5es da OTAN no norte da Europa&#8221;, disse <\/span><span class=\"cf0\">Barbin<\/span><span class=\"cf0\">.<\/span><\/p>\n<p class=\"pf0\"><span class=\"cf0\">Ele sublinhou que os pa\u00edses n\u00f3rdicos est\u00e3o atualmente conduzindo um planejamento militar operacional conjunto, interagindo em quest\u00f5es de log\u00edstica, colaborando na produ\u00e7\u00e3o militar e aumentando a mobilidade militar como parte do desenvolvimento dos corredores estrat\u00e9gicos da OTAN.<\/span><\/p>\n<p class=\"pf0\"><span class=\"cf0\">Nos \u00faltimos anos, a R\u00fassia vem denunciando a atividade sem precedentes da OTAN e o aumento de tropas perto de suas fronteiras ocidentais. O Kremlin declarou que a R\u00fassia n\u00e3o amea\u00e7a ningu\u00e9m, mas n\u00e3o ignoraria a\u00e7\u00f5es potencialmente perigosas para seus interesses.<\/span><\/p>\n<p><!--EndFragment --><\/p>\n","protected":false},"excerpt":{"rendered":"<p>As autoridades dinamarquesas v\u00e3o aumentar a atividade da OTAN na regi\u00e3o do Mar B\u00e1ltico e do fortalecimento da presen\u00e7a de tropas nos pa\u00edses b\u00e1lticos, disse o embaixador russo em Copenhague, Vladimir Barbin, demonstrando s\u00e9ria preocupa\u00e7\u00e3o de Moscou com esse gesto. &#8220;O formato de coopera\u00e7\u00e3o regional da OTAN est\u00e1 se desenvolvendo com a participa\u00e7\u00e3o dos pa\u00edses [&hellip;]<\/p>\n","protected":false},"author":2,"featured_media":357914,"comment_status":"closed","ping_status":"closed","sticky":false,"template":"","format":"standard","meta":{"_acf_changed":false,"footnotes":""},"categories":[159],"tags":[],"class_list":["post-357913","post","type-post","status-publish","format-standard","has-post-thumbnail","hentry","category-apocalipse"],"acf":[],"yoast_head":"<!-- This site is optimized with the Yoast SEO plugin v27.2 - https:\/\/yoast.com\/product\/yoast-seo-wordpress\/ -->\n<title>Dinamarca decide criar uma zona de pr\u00e9-guerra no Mar B\u00e1ltico - Notibras<\/title>\n<meta name=\"robots\" content=\"index, follow, max-snippet:-1, max-image-preview:large, max-video-preview:-1\" \/>\n<link rel=\"canonical\" href=\"https:\/\/www.notibras.com\/site\/dinamarca-decide-criar-uma-zona-de-pre-guerra-no-mar-baltico\/\" \/>\n<meta property=\"og:locale\" content=\"pt_BR\" \/>\n<meta property=\"og:type\" content=\"article\" \/>\n<meta property=\"og:title\" content=\"Dinamarca decide criar uma zona de pr\u00e9-guerra no Mar B\u00e1ltico - Notibras\" \/>\n<meta property=\"og:description\" content=\"As autoridades dinamarquesas v\u00e3o aumentar a atividade da OTAN na regi\u00e3o do Mar B\u00e1ltico e do fortalecimento da presen\u00e7a de tropas nos pa\u00edses b\u00e1lticos, disse o embaixador russo em Copenhague, Vladimir Barbin, demonstrando s\u00e9ria preocupa\u00e7\u00e3o de Moscou com esse gesto. &#8220;O formato de coopera\u00e7\u00e3o regional da OTAN est\u00e1 se desenvolvendo com a participa\u00e7\u00e3o dos pa\u00edses [&hellip;]\" \/>\n<meta property=\"og:url\" content=\"https:\/\/www.notibras.com\/site\/dinamarca-decide-criar-uma-zona-de-pre-guerra-no-mar-baltico\/\" \/>\n<meta property=\"og:site_name\" content=\"Notibras\" \/>\n<meta property=\"article:publisher\" content=\"https:\/\/www.facebook.com\/notibras\/\" \/>\n<meta property=\"article:published_time\" content=\"2025-07-12T08:40:07+00:00\" \/>\n<meta property=\"article:modified_time\" content=\"2025-07-12T09:24:56+00:00\" \/>\n<meta property=\"og:image\" content=\"https:\/\/www.notibras.com\/site\/wp-content\/uploads\/2025\/07\/1122295526_0_0_1920_1080_1920x0_80_0_0_8526f856a5fee4f664e43d632b56f242.jpg.webp\" \/>\n\t<meta property=\"og:image:width\" content=\"1920\" \/>\n\t<meta property=\"og:image:height\" content=\"1080\" \/>\n\t<meta property=\"og:image:type\" content=\"image\/webp\" \/>\n<meta name=\"author\" content=\"Reda\u00e7\u00e3o\" \/>\n<meta name=\"twitter:card\" content=\"summary_large_image\" \/>\n<meta name=\"twitter:creator\" content=\"@Notibras\" \/>\n<meta name=\"twitter:site\" content=\"@Notibras\" \/>\n<meta name=\"twitter:label1\" content=\"Escrito por\" \/>\n\t<meta name=\"twitter:data1\" content=\"Reda\u00e7\u00e3o\" \/>\n\t<meta name=\"twitter:label2\" content=\"Est. tempo de leitura\" \/>\n\t<meta name=\"twitter:data2\" content=\"2 minutos\" \/>\n<script type=\"application\/ld+json\" class=\"yoast-schema-graph\">{\"@context\":\"https:\/\/schema.org\",\"@graph\":[{\"@type\":\"Article\",\"@id\":\"https:\/\/www.notibras.com\/site\/dinamarca-decide-criar-uma-zona-de-pre-guerra-no-mar-baltico\/#article\",\"isPartOf\":{\"@id\":\"https:\/\/www.notibras.com\/site\/dinamarca-decide-criar-uma-zona-de-pre-guerra-no-mar-baltico\/\"},\"author\":{\"name\":\"Reda\u00e7\u00e3o\",\"@id\":\"https:\/\/www.notibras.com\/site\/#\/schema\/person\/36ab0979449956132d3e5b517ea76ac8\"},\"headline\":\"Dinamarca decide criar uma zona de pr\u00e9-guerra no Mar B\u00e1ltico\",\"datePublished\":\"2025-07-12T08:40:07+00:00\",\"dateModified\":\"2025-07-12T09:24:56+00:00\",\"mainEntityOfPage\":{\"@id\":\"https:\/\/www.notibras.com\/site\/dinamarca-decide-criar-uma-zona-de-pre-guerra-no-mar-baltico\/\"},\"wordCount\":359,\"publisher\":{\"@id\":\"https:\/\/www.notibras.com\/site\/#organization\"},\"image\":{\"@id\":\"https:\/\/www.notibras.com\/site\/dinamarca-decide-criar-uma-zona-de-pre-guerra-no-mar-baltico\/#primaryimage\"},\"thumbnailUrl\":\"https:\/\/www.notibras.com\/site\/wp-content\/uploads\/2025\/07\/1122295526_0_0_1920_1080_1920x0_80_0_0_8526f856a5fee4f664e43d632b56f242.jpg.webp\",\"articleSection\":[\"Apocalipse\"],\"inLanguage\":\"pt-BR\"},{\"@type\":\"WebPage\",\"@id\":\"https:\/\/www.notibras.com\/site\/dinamarca-decide-criar-uma-zona-de-pre-guerra-no-mar-baltico\/\",\"url\":\"https:\/\/www.notibras.com\/site\/dinamarca-decide-criar-uma-zona-de-pre-guerra-no-mar-baltico\/\",\"name\":\"Dinamarca decide criar uma zona de pr\u00e9-guerra no Mar B\u00e1ltico - Notibras\",\"isPartOf\":{\"@id\":\"https:\/\/www.notibras.com\/site\/#website\"},\"primaryImageOfPage\":{\"@id\":\"https:\/\/www.notibras.com\/site\/dinamarca-decide-criar-uma-zona-de-pre-guerra-no-mar-baltico\/#primaryimage\"},\"image\":{\"@id\":\"https:\/\/www.notibras.com\/site\/dinamarca-decide-criar-uma-zona-de-pre-guerra-no-mar-baltico\/#primaryimage\"},\"thumbnailUrl\":\"https:\/\/www.notibras.com\/site\/wp-content\/uploads\/2025\/07\/1122295526_0_0_1920_1080_1920x0_80_0_0_8526f856a5fee4f664e43d632b56f242.jpg.webp\",\"datePublished\":\"2025-07-12T08:40:07+00:00\",\"dateModified\":\"2025-07-12T09:24:56+00:00\",\"breadcrumb\":{\"@id\":\"https:\/\/www.notibras.com\/site\/dinamarca-decide-criar-uma-zona-de-pre-guerra-no-mar-baltico\/#breadcrumb\"},\"inLanguage\":\"pt-BR\",\"potentialAction\":[{\"@type\":\"ReadAction\",\"target\":[\"https:\/\/www.notibras.com\/site\/dinamarca-decide-criar-uma-zona-de-pre-guerra-no-mar-baltico\/\"]}]},{\"@type\":\"ImageObject\",\"inLanguage\":\"pt-BR\",\"@id\":\"https:\/\/www.notibras.com\/site\/dinamarca-decide-criar-uma-zona-de-pre-guerra-no-mar-baltico\/#primaryimage\",\"url\":\"https:\/\/www.notibras.com\/site\/wp-content\/uploads\/2025\/07\/1122295526_0_0_1920_1080_1920x0_80_0_0_8526f856a5fee4f664e43d632b56f242.jpg.webp\",\"contentUrl\":\"https:\/\/www.notibras.com\/site\/wp-content\/uploads\/2025\/07\/1122295526_0_0_1920_1080_1920x0_80_0_0_8526f856a5fee4f664e43d632b56f242.jpg.webp\",\"width\":1920,\"height\":1080},{\"@type\":\"BreadcrumbList\",\"@id\":\"https:\/\/www.notibras.com\/site\/dinamarca-decide-criar-uma-zona-de-pre-guerra-no-mar-baltico\/#breadcrumb\",\"itemListElement\":[{\"@type\":\"ListItem\",\"position\":1,\"name\":\"In\u00edcio\",\"item\":\"https:\/\/www.notibras.com\/site\/\"},{\"@type\":\"ListItem\",\"position\":2,\"name\":\"Dinamarca decide criar uma zona de pr\u00e9-guerra no Mar B\u00e1ltico\"}]},{\"@type\":\"WebSite\",\"@id\":\"https:\/\/www.notibras.com\/site\/#website\",\"url\":\"https:\/\/www.notibras.com\/site\/\",\"name\":\"Notibras\",\"description\":\"Not\u00edcias de Bras\u00edlia, do Brasil e do Mundo\",\"publisher\":{\"@id\":\"https:\/\/www.notibras.com\/site\/#organization\"},\"potentialAction\":[{\"@type\":\"SearchAction\",\"target\":{\"@type\":\"EntryPoint\",\"urlTemplate\":\"https:\/\/www.notibras.com\/site\/?s={search_term_string}\"},\"query-input\":{\"@type\":\"PropertyValueSpecification\",\"valueRequired\":true,\"valueName\":\"search_term_string\"}}],\"inLanguage\":\"pt-BR\"},{\"@type\":\"Organization\",\"@id\":\"https:\/\/www.notibras.com\/site\/#organization\",\"name\":\"Grupo Notibras de Comunica\u00e7\u00e3o\",\"url\":\"https:\/\/www.notibras.com\/site\/\",\"logo\":{\"@type\":\"ImageObject\",\"inLanguage\":\"pt-BR\",\"@id\":\"https:\/\/www.notibras.com\/site\/#\/schema\/logo\/image\/\",\"url\":\"https:\/\/www.notibras.com\/site\/wp-content\/uploads\/2023\/01\/notibras23.png\",\"contentUrl\":\"https:\/\/www.notibras.com\/site\/wp-content\/uploads\/2023\/01\/notibras23.png\",\"width\":350,\"height\":87,\"caption\":\"Grupo Notibras de Comunica\u00e7\u00e3o\"},\"image\":{\"@id\":\"https:\/\/www.notibras.com\/site\/#\/schema\/logo\/image\/\"},\"sameAs\":[\"https:\/\/www.facebook.com\/notibras\/\",\"https:\/\/x.com\/Notibras\",\"https:\/\/www.instagram.com\/notibras\/\"]},{\"@type\":\"Person\",\"@id\":\"https:\/\/www.notibras.com\/site\/#\/schema\/person\/36ab0979449956132d3e5b517ea76ac8\",\"name\":\"Reda\u00e7\u00e3o\",\"image\":{\"@type\":\"ImageObject\",\"inLanguage\":\"pt-BR\",\"@id\":\"https:\/\/secure.gravatar.com\/avatar\/e0a867bdedb85fd243eadf09663511f96fc81e0720a4a42581f334ad4303aa6b?s=96&d=mm&r=g\",\"url\":\"https:\/\/secure.gravatar.com\/avatar\/e0a867bdedb85fd243eadf09663511f96fc81e0720a4a42581f334ad4303aa6b?s=96&d=mm&r=g\",\"contentUrl\":\"https:\/\/secure.gravatar.com\/avatar\/e0a867bdedb85fd243eadf09663511f96fc81e0720a4a42581f334ad4303aa6b?s=96&d=mm&r=g\",\"caption\":\"Reda\u00e7\u00e3o\"}}]}<\/script>\n<!-- \/ Yoast SEO plugin. -->","yoast_head_json":{"title":"Dinamarca decide criar uma zona de pr\u00e9-guerra no Mar B\u00e1ltico - Notibras","robots":{"index":"index","follow":"follow","max-snippet":"max-snippet:-1","max-image-preview":"max-image-preview:large","max-video-preview":"max-video-preview:-1"},"canonical":"https:\/\/www.notibras.com\/site\/dinamarca-decide-criar-uma-zona-de-pre-guerra-no-mar-baltico\/","og_locale":"pt_BR","og_type":"article","og_title":"Dinamarca decide criar uma zona de pr\u00e9-guerra no Mar B\u00e1ltico - Notibras","og_description":"As autoridades dinamarquesas v\u00e3o aumentar a atividade da OTAN na regi\u00e3o do Mar B\u00e1ltico e do fortalecimento da presen\u00e7a de tropas nos pa\u00edses b\u00e1lticos, disse o embaixador russo em Copenhague, Vladimir Barbin, demonstrando s\u00e9ria preocupa\u00e7\u00e3o de Moscou com esse gesto. &#8220;O formato de coopera\u00e7\u00e3o regional da OTAN est\u00e1 se desenvolvendo com a participa\u00e7\u00e3o dos pa\u00edses [&hellip;]","og_url":"https:\/\/www.notibras.com\/site\/dinamarca-decide-criar-uma-zona-de-pre-guerra-no-mar-baltico\/","og_site_name":"Notibras","article_publisher":"https:\/\/www.facebook.com\/notibras\/","article_published_time":"2025-07-12T08:40:07+00:00","article_modified_time":"2025-07-12T09:24:56+00:00","og_image":[{"width":1920,"height":1080,"url":"https:\/\/www.notibras.com\/site\/wp-content\/uploads\/2025\/07\/1122295526_0_0_1920_1080_1920x0_80_0_0_8526f856a5fee4f664e43d632b56f242.jpg.webp","type":"image\/webp"}],"author":"Reda\u00e7\u00e3o","twitter_card":"summary_large_image","twitter_creator":"@Notibras","twitter_site":"@Notibras","twitter_misc":{"Escrito por":"Reda\u00e7\u00e3o","Est. tempo de leitura":"2 minutos"},"schema":{"@context":"https:\/\/schema.org","@graph":[{"@type":"Article","@id":"https:\/\/www.notibras.com\/site\/dinamarca-decide-criar-uma-zona-de-pre-guerra-no-mar-baltico\/#article","isPartOf":{"@id":"https:\/\/www.notibras.com\/site\/dinamarca-decide-criar-uma-zona-de-pre-guerra-no-mar-baltico\/"},"author":{"name":"Reda\u00e7\u00e3o","@id":"https:\/\/www.notibras.com\/site\/#\/schema\/person\/36ab0979449956132d3e5b517ea76ac8"},"headline":"Dinamarca decide criar uma zona de pr\u00e9-guerra no Mar B\u00e1ltico","datePublished":"2025-07-12T08:40:07+00:00","dateModified":"2025-07-12T09:24:56+00:00","mainEntityOfPage":{"@id":"https:\/\/www.notibras.com\/site\/dinamarca-decide-criar-uma-zona-de-pre-guerra-no-mar-baltico\/"},"wordCount":359,"publisher":{"@id":"https:\/\/www.notibras.com\/site\/#organization"},"image":{"@id":"https:\/\/www.notibras.com\/site\/dinamarca-decide-criar-uma-zona-de-pre-guerra-no-mar-baltico\/#primaryimage"},"thumbnailUrl":"https:\/\/www.notibras.com\/site\/wp-content\/uploads\/2025\/07\/1122295526_0_0_1920_1080_1920x0_80_0_0_8526f856a5fee4f664e43d632b56f242.jpg.webp","articleSection":["Apocalipse"],"inLanguage":"pt-BR"},{"@type":"WebPage","@id":"https:\/\/www.notibras.com\/site\/dinamarca-decide-criar-uma-zona-de-pre-guerra-no-mar-baltico\/","url":"https:\/\/www.notibras.com\/site\/dinamarca-decide-criar-uma-zona-de-pre-guerra-no-mar-baltico\/","name":"Dinamarca decide criar uma zona de pr\u00e9-guerra no Mar B\u00e1ltico - Notibras","isPartOf":{"@id":"https:\/\/www.notibras.com\/site\/#website"},"primaryImageOfPage":{"@id":"https:\/\/www.notibras.com\/site\/dinamarca-decide-criar-uma-zona-de-pre-guerra-no-mar-baltico\/#primaryimage"},"image":{"@id":"https:\/\/www.notibras.com\/site\/dinamarca-decide-criar-uma-zona-de-pre-guerra-no-mar-baltico\/#primaryimage"},"thumbnailUrl":"https:\/\/www.notibras.com\/site\/wp-content\/uploads\/2025\/07\/1122295526_0_0_1920_1080_1920x0_80_0_0_8526f856a5fee4f664e43d632b56f242.jpg.webp","datePublished":"2025-07-12T08:40:07+00:00","dateModified":"2025-07-12T09:24:56+00:00","breadcrumb":{"@id":"https:\/\/www.notibras.com\/site\/dinamarca-decide-criar-uma-zona-de-pre-guerra-no-mar-baltico\/#breadcrumb"},"inLanguage":"pt-BR","potentialAction":[{"@type":"ReadAction","target":["https:\/\/www.notibras.com\/site\/dinamarca-decide-criar-uma-zona-de-pre-guerra-no-mar-baltico\/"]}]},{"@type":"ImageObject","inLanguage":"pt-BR","@id":"https:\/\/www.notibras.com\/site\/dinamarca-decide-criar-uma-zona-de-pre-guerra-no-mar-baltico\/#primaryimage","url":"https:\/\/www.notibras.com\/site\/wp-content\/uploads\/2025\/07\/1122295526_0_0_1920_1080_1920x0_80_0_0_8526f856a5fee4f664e43d632b56f242.jpg.webp","contentUrl":"https:\/\/www.notibras.com\/site\/wp-content\/uploads\/2025\/07\/1122295526_0_0_1920_1080_1920x0_80_0_0_8526f856a5fee4f664e43d632b56f242.jpg.webp","width":1920,"height":1080},{"@type":"BreadcrumbList","@id":"https:\/\/www.notibras.com\/site\/dinamarca-decide-criar-uma-zona-de-pre-guerra-no-mar-baltico\/#breadcrumb","itemListElement":[{"@type":"ListItem","position":1,"name":"In\u00edcio","item":"https:\/\/www.notibras.com\/site\/"},{"@type":"ListItem","position":2,"name":"Dinamarca decide criar uma zona de pr\u00e9-guerra no Mar B\u00e1ltico"}]},{"@type":"WebSite","@id":"https:\/\/www.notibras.com\/site\/#website","url":"https:\/\/www.notibras.com\/site\/","name":"Notibras","description":"Not\u00edcias de Bras\u00edlia, do Brasil e do Mundo","publisher":{"@id":"https:\/\/www.notibras.com\/site\/#organization"},"potentialAction":[{"@type":"SearchAction","target":{"@type":"EntryPoint","urlTemplate":"https:\/\/www.notibras.com\/site\/?s={search_term_string}"},"query-input":{"@type":"PropertyValueSpecification","valueRequired":true,"valueName":"search_term_string"}}],"inLanguage":"pt-BR"},{"@type":"Organization","@id":"https:\/\/www.notibras.com\/site\/#organization","name":"Grupo Notibras de Comunica\u00e7\u00e3o","url":"https:\/\/www.notibras.com\/site\/","logo":{"@type":"ImageObject","inLanguage":"pt-BR","@id":"https:\/\/www.notibras.com\/site\/#\/schema\/logo\/image\/","url":"https:\/\/www.notibras.com\/site\/wp-content\/uploads\/2023\/01\/notibras23.png","contentUrl":"https:\/\/www.notibras.com\/site\/wp-content\/uploads\/2023\/01\/notibras23.png","width":350,"height":87,"caption":"Grupo Notibras de Comunica\u00e7\u00e3o"},"image":{"@id":"https:\/\/www.notibras.com\/site\/#\/schema\/logo\/image\/"},"sameAs":["https:\/\/www.facebook.com\/notibras\/","https:\/\/x.com\/Notibras","https:\/\/www.instagram.com\/notibras\/"]},{"@type":"Person","@id":"https:\/\/www.notibras.com\/site\/#\/schema\/person\/36ab0979449956132d3e5b517ea76ac8","name":"Reda\u00e7\u00e3o","image":{"@type":"ImageObject","inLanguage":"pt-BR","@id":"https:\/\/secure.gravatar.com\/avatar\/e0a867bdedb85fd243eadf09663511f96fc81e0720a4a42581f334ad4303aa6b?s=96&d=mm&r=g","url":"https:\/\/secure.gravatar.com\/avatar\/e0a867bdedb85fd243eadf09663511f96fc81e0720a4a42581f334ad4303aa6b?s=96&d=mm&r=g","contentUrl":"https:\/\/secure.gravatar.com\/avatar\/e0a867bdedb85fd243eadf09663511f96fc81e0720a4a42581f334ad4303aa6b?s=96&d=mm&r=g","caption":"Reda\u00e7\u00e3o"}}]}},"amp_enabled":true,"_links":{"self":[{"href":"https:\/\/www.notibras.com\/site\/wp-json\/wp\/v2\/posts\/357913","targetHints":{"allow":["GET"]}}],"collection":[{"href":"https:\/\/www.notibras.com\/site\/wp-json\/wp\/v2\/posts"}],"about":[{"href":"https:\/\/www.notibras.com\/site\/wp-json\/wp\/v2\/types\/post"}],"author":[{"embeddable":true,"href":"https:\/\/www.notibras.com\/site\/wp-json\/wp\/v2\/users\/2"}],"replies":[{"embeddable":true,"href":"https:\/\/www.notibras.com\/site\/wp-json\/wp\/v2\/comments?post=357913"}],"version-history":[{"count":2,"href":"https:\/\/www.notibras.com\/site\/wp-json\/wp\/v2\/posts\/357913\/revisions"}],"predecessor-version":[{"id":357916,"href":"https:\/\/www.notibras.com\/site\/wp-json\/wp\/v2\/posts\/357913\/revisions\/357916"}],"wp:featuredmedia":[{"embeddable":true,"href":"https:\/\/www.notibras.com\/site\/wp-json\/wp\/v2\/media\/357914"}],"wp:attachment":[{"href":"https:\/\/www.notibras.com\/site\/wp-json\/wp\/v2\/media?parent=357913"}],"wp:term":[{"taxonomy":"category","embeddable":true,"href":"https:\/\/www.notibras.com\/site\/wp-json\/wp\/v2\/categories?post=357913"},{"taxonomy":"post_tag","embeddable":true,"href":"https:\/\/www.notibras.com\/site\/wp-json\/wp\/v2\/tags?post=357913"}],"curies":[{"name":"wp","href":"https:\/\/api.w.org\/{rel}","templated":true}]}}