{"id":357953,"date":"2025-07-12T08:04:19","date_gmt":"2025-07-12T11:04:19","guid":{"rendered":"https:\/\/www.notibras.com\/site\/?p=357953"},"modified":"2025-07-12T08:04:19","modified_gmt":"2025-07-12T11:04:19","slug":"luta-pela-igualdade-e-uma-batalha-diaria-da-mulher","status":"publish","type":"post","link":"https:\/\/www.notibras.com\/site\/luta-pela-igualdade-e-uma-batalha-diaria-da-mulher\/","title":{"rendered":"Luta pela igualdade \u00e9 uma batalha di\u00e1ria da mulher"},"content":{"rendered":"<p><!--StartFragment --><\/p>\n<p class=\"pf0\"><span class=\"cf0\">No cora\u00e7\u00e3o do Brasil, o Nordeste pulsa com cultura, resist\u00eancia e beleza. Mas por tr\u00e1s das paisagens e das festas tradicionais, muitas mulheres nordestinas enfrentam diariamente uma dura realidade: a desigualdade de g\u00eanero que insiste em se manter viva, mesmo em tempos de avan\u00e7o social.<\/span><\/p>\n<p class=\"pf0\"><span class=\"cf0\">De acordo com dados recentes do F\u00f3rum Brasileiro de Seguran\u00e7a P\u00fablica, estados nordestinos continuam registrando altos \u00edndices de viol\u00eancia contra a mulher. Muitas delas, principalmente em \u00e1reas rurais ou comunidades perif\u00e9ricas, enfrentam dificuldades para acessar servi\u00e7os b\u00e1sicos como sa\u00fade, justi\u00e7a e prote\u00e7\u00e3o.<\/span><\/p>\n<p class=\"pf0\"><span class=\"cf0\">\u201cA mulher aqui \u00e9 ensinada desde pequena a aguentar tudo calada. Mas isso precisa mudar\u201d, conta Maria das Dores, moradora do interior do Piau\u00ed, sobrevivente de viol\u00eancia dom\u00e9stica e hoje ativista pelos direitos femininos em sua comunidade.<\/span><\/p>\n<p class=\"pf0\"><span class=\"cf0\">A desigualdade tamb\u00e9m \u00e9 evidente no mercado de trabalho. Mulheres nordestinas recebem, em m\u00e9dia, sal\u00e1rios inferiores aos dos homens, mesmo ocupando fun\u00e7\u00f5es semelhantes. Al\u00e9m disso, muitas precisam conciliar jornadas triplas: o trabalho formal ou informal, as tarefas dom\u00e9sticas e os cuidados com os filhos e idosos da fam\u00edlia.<\/span><\/p>\n<p class=\"pf0\"><span class=\"cf0\">Na zona rural, o cen\u00e1rio \u00e9 ainda mais desafiador. Agricultoras familiares, muitas vezes, n\u00e3o t\u00eam acesso \u00e0 terra, cr\u00e9dito ou pol\u00edticas p\u00fablicas de incentivo.<\/span><\/p>\n<p class=\"pf0\"><span class=\"cf0\">Apesar dos obst\u00e1culos, as mulheres nordestinas seguem resistindo. Seja nas associa\u00e7\u00f5es de bairro, nos coletivos culturais, nas feiras, nas escolas ou nos sindicatos, elas levantam a voz por mudan\u00e7as. H\u00e1 uma crescente onda de lideran\u00e7as femininas ocupando espa\u00e7os de decis\u00e3o, promovendo projetos de empreendedorismo, educa\u00e7\u00e3o e defesa dos direitos humanos.<\/span><\/p>\n<p class=\"pf0\"><span class=\"cf0\">\u201cLutar por igualdade aqui n\u00e3o \u00e9 uma op\u00e7\u00e3o. \u00c9 uma necessidade. N\u00f3s fazemos isso todos os dias, com coragem e uni\u00e3o\u201d, afirma L\u00facia Helena, fundadora de um coletivo de mulheres em Salvador, Bahia.<\/span><\/p>\n<p class=\"pf0\"><span class=\"cf0\">A luta pela igualdade de g\u00eanero no Nordeste continua sendo uma batalha di\u00e1ria marcada por resist\u00eancia, solidariedade e esperan\u00e7a. Para que as mulheres nordestinas tenham seus direitos plenamente garantidos, \u00e9 preciso investimento em pol\u00edticas p\u00fablicas, educa\u00e7\u00e3o de base e combate firme \u00e0 cultura do machismo e da viol\u00eancia.<\/span><\/p>\n<p><!--EndFragment --><\/p>\n","protected":false},"excerpt":{"rendered":"<p>No cora\u00e7\u00e3o do Brasil, o Nordeste pulsa com cultura, resist\u00eancia e beleza. Mas por tr\u00e1s das paisagens e das festas tradicionais, muitas mulheres nordestinas enfrentam diariamente uma dura realidade: a desigualdade de g\u00eanero que insiste em se manter viva, mesmo em tempos de avan\u00e7o social. De acordo com dados recentes do F\u00f3rum Brasileiro de Seguran\u00e7a [&hellip;]<\/p>\n","protected":false},"author":2,"featured_media":357954,"comment_status":"closed","ping_status":"closed","sticky":false,"template":"","format":"standard","meta":{"_acf_changed":false,"footnotes":""},"categories":[165],"tags":[],"class_list":["post-357953","post","type-post","status-publish","format-standard","has-post-thumbnail","hentry","category-nordeste"],"acf":[],"_links":{"self":[{"href":"https:\/\/www.notibras.com\/site\/wp-json\/wp\/v2\/posts\/357953","targetHints":{"allow":["GET"]}}],"collection":[{"href":"https:\/\/www.notibras.com\/site\/wp-json\/wp\/v2\/posts"}],"about":[{"href":"https:\/\/www.notibras.com\/site\/wp-json\/wp\/v2\/types\/post"}],"author":[{"embeddable":true,"href":"https:\/\/www.notibras.com\/site\/wp-json\/wp\/v2\/users\/2"}],"replies":[{"embeddable":true,"href":"https:\/\/www.notibras.com\/site\/wp-json\/wp\/v2\/comments?post=357953"}],"version-history":[{"count":1,"href":"https:\/\/www.notibras.com\/site\/wp-json\/wp\/v2\/posts\/357953\/revisions"}],"predecessor-version":[{"id":357955,"href":"https:\/\/www.notibras.com\/site\/wp-json\/wp\/v2\/posts\/357953\/revisions\/357955"}],"wp:featuredmedia":[{"embeddable":true,"href":"https:\/\/www.notibras.com\/site\/wp-json\/wp\/v2\/media\/357954"}],"wp:attachment":[{"href":"https:\/\/www.notibras.com\/site\/wp-json\/wp\/v2\/media?parent=357953"}],"wp:term":[{"taxonomy":"category","embeddable":true,"href":"https:\/\/www.notibras.com\/site\/wp-json\/wp\/v2\/categories?post=357953"},{"taxonomy":"post_tag","embeddable":true,"href":"https:\/\/www.notibras.com\/site\/wp-json\/wp\/v2\/tags?post=357953"}],"curies":[{"name":"wp","href":"https:\/\/api.w.org\/{rel}","templated":true}]}}