{"id":357959,"date":"2025-07-12T00:00:30","date_gmt":"2025-07-12T03:00:30","guid":{"rendered":"https:\/\/www.notibras.com\/site\/?p=357959"},"modified":"2025-07-12T08:19:26","modified_gmt":"2025-07-12T11:19:26","slug":"museu-do-pontal-celebra-as-tradicoes-das-festas-nordestinas","status":"publish","type":"post","link":"https:\/\/www.notibras.com\/site\/museu-do-pontal-celebra-as-tradicoes-das-festas-nordestinas\/","title":{"rendered":"Museu do Pontal celebra as tradi\u00e7\u00f5es das festas nordestinas"},"content":{"rendered":"<p><!--StartFragment --><\/p>\n<p class=\"pf0\"><span class=\"cf0\">O <\/span><span class=\"cf0\">Arrai\u00e1<\/span><span class=\"cf0\"> do Museu do Pontal 2025, no Rio de Janeiro, vai celebrar, neste fim de semana, os artistas e as culturas populares do Nordeste brasileiro. N\u00e3o v\u00e3o faltar atra\u00e7\u00f5es gratuitas para todas as idades. <\/span><\/p>\n<p class=\"pf0\"><span class=\"cf0\">Neste s\u00e1bado (12), com direito \u00e0 comemora\u00e7\u00e3o dos 30 anos de carreira, a banda pernambucana Mestre Ambr\u00f3sio se apresenta a partir das 19h30. O grupo \u00e9 um dos maiores destaques do movimento manguebeat, que juntou elementos da cultura popular nordestina, por exemplo, o maracatu, com o pop internacional, como o rock, a m\u00fasica eletr\u00f4nica e o hip hop.<\/span><\/p>\n<p class=\"pf0\"><span class=\"cf0\">No domingo (13), ser\u00e1 a vez da sanfoneira <\/span><span class=\"cf0\">Cei\u00e7a<\/span><span class=\"cf0\"> Moreno que subir\u00e1 ao palco acompanhada da atriz, cantora e compositora alagoana Vit\u00f3ria Rodrigues. <\/span><\/p>\n<p class=\"pf0\"><span class=\"cf0\">\u201cA expectativa \u00e9 sempre grande, porque parece sempre a primeira vez. Cada lugar \u00e9 diferente e como pernambucana fico muito feliz. Estou muito contente\u201d, disse <\/span><span class=\"cf0\">Cei\u00e7a<\/span><span class=\"cf0\"> Moreno \u00e0 Ag\u00eancia Brasil sobre o que espera da apresenta\u00e7\u00e3o.<\/span><\/p>\n<p class=\"pf0\"><span class=\"cf0\">A sanfona sempre foi uma paix\u00e3o para a <\/span><span class=\"cf0\">Cei\u00e7a<\/span><span class=\"cf0\">, que aos 78 anos de idade, disse que vive um momento de felicidade na vida, por poder se dedicar mais ao instrumento que conheceu ainda crian\u00e7a. <\/span><\/p>\n<p class=\"pf0\"><span class=\"cf0\">Ela elogiou a programa\u00e7\u00e3o do <\/span><span class=\"cf0\">Arrai\u00e1<\/span><span class=\"cf0\"> do Museu do Pontal 2025, que tem atividades para crian\u00e7as.<\/span><\/p>\n<p class=\"pf0\"><span class=\"cf0\">\u201c\u00c9 muito importante para que no futuro n\u00e3o se perca essa cultura. A gente n\u00e3o pode abandonar o passado, n\u00e3o pode esquecer, porque se n\u00e3o vai se perder tudo. \u00c9 bom que cres\u00e7am com esse conhecimento\u201d.<\/span><\/p>\n<p class=\"pf0\"><span class=\"cf0\">Cei\u00e7a<\/span><span class=\"cf0\"> lembra que j\u00e1 atuou em pe\u00e7as teatrais e em participa\u00e7\u00f5es de shows da cantora Elba Ramalho, mas para ela, o que mais a satisfaz, \u00e9 a m\u00fasica. <\/span><\/p>\n<p class=\"pf0\"><span class=\"cf0\">\u201cN\u00e3o sou atriz n\u00e3o, sou mesmo \u00e9 da minha sanfoninha, fazendo meu <\/span><span class=\"cf0\">forrozinho<\/span><span class=\"cf0\">\u201d, confessou a pernambucana que traz a cidade em que nasceu no sobrenome art\u00edstico.<\/span><\/p>\n<p class=\"pf0\"><span class=\"cf0\">A atriz, cantora e compositora alagoana Virg\u00ednia Rodrigues disse que \u00e9 uma imensa alegria poder se apresentar com a <\/span><span class=\"cf0\">Cei\u00e7a<\/span><span class=\"cf0\">, principalmente porque ela representa uma outra gera\u00e7\u00e3o de cantoras que fizeram hist\u00f3ria. <\/span><\/p>\n<p class=\"pf0\"><span class=\"cf0\">\u201c\u00c9 uma honra poder tamb\u00e9m trazer um pouco da nossa cultura popular nordestina para o Museu do Pontal, que preserva tanto essa cultura. \u00c9 uma festa, \u00e9 muita alegria essa cultura viva que \u00e9 o S\u00e3o Jo\u00e3o. Para o nordestino que fica fora do Nordeste esta \u00e9poca ele fica com o cora\u00e7\u00e3o apertado, mas quando a gente vai para uma festa junina, como essa que o Museu do Pontal prepara, enche o nosso cora\u00e7\u00e3o de alegria e d\u00e1 para matar um pouquinho a saudade dos folguedos\u201d, disse. <\/span><\/p>\n<p class=\"pf0\"><span class=\"cf0\">Pela primeira vez, o grupo Coco Ra\u00edzes de Arcoverde far\u00e1 uma oficina e apresenta\u00e7\u00e3o com o Mestre Assis Calixto, considerado patrim\u00f4nio vivo de Pernambuco. Ele \u00e9 um dos respons\u00e1veis por transformar a cidade de Arcoverde na Capital do Samba de Coco, a regi\u00e3o que fica entre o agreste e o sert\u00e3o, celeiro de grandes mestres da cultura pernambucana. A atividade ser\u00e1 no s\u00e1bado, \u00e0s 13h e 15h30.<\/span><\/p>\n<p class=\"pf0\"><span class=\"cf0\">\u201cA gente tamb\u00e9m est\u00e1 trazendo dois representantes da Para\u00edba, que est\u00e3o no Rio de Janeiro, que \u00e9 o [Marcelo] Mimoso, filho de sanfoneiro com uma trajet\u00f3ria dedicada ao forr\u00f3, e Edmilson dos Teclados, que tem trazido o <\/span><span class=\"cf0\">piseiro<\/span><span class=\"cf0\">. Vai ter tamb\u00e9m o repente com Miguel Bezerra em um di\u00e1logo com o Viajante L\u00edrico, que \u00e9 da zona oeste e \u00e9 do rap. Eles v\u00e3o fazer o encontro entre o rap e o repente. Vai ser fant\u00e1stico\u201d, anunciou o diretor executivo do museu, Lucas Van de <\/span><span class=\"cf0\">Beuque<\/span><span class=\"cf0\">, empolgado em ter novidades e experi\u00eancias musicais na programa\u00e7\u00e3o.<\/span><\/p>\n<p class=\"pf0\"><span class=\"cf0\">Ap\u00f3s o ritual da fogueira, que costuma ser um dos mais aguardados da festa, o p\u00fablico vai poder dan\u00e7ar quadrilha nos dois dias da programa\u00e7\u00e3o. No come\u00e7o da noite, um cortejo puxado pelos <\/span><span class=\"cf0\">arte-educadores<\/span><span class=\"cf0\"> do Museu do Pontal vai levar os visitantes para o terreiro onde est\u00e1 uma grande fogueira, com 2 metros de altura, tendo como trilha sonora cl\u00e1ssicos juninos.<\/span><\/p>\n<p class=\"pf0\"><span class=\"cf0\">\u201cA gente pensa esse momento do <\/span><span class=\"cf0\">Arrai\u00e1<\/span><span class=\"cf0\"> muito completo. Desde a exposi\u00e7\u00e3o que a gente sempre inaugura, que no ano passado foi do <\/span><span class=\"cf0\">J.Borges<\/span><span class=\"cf0\">, e este ano \u00e9 a exposi\u00e7\u00e3o do Ratinho, a gente tamb\u00e9m pensa nos shows, nas performances, nas oficinas, todo esse conjunto de uma forma muito integral, pensando nessa import\u00e2ncia da cultura popular brasileira, essa cultura de tradi\u00e7\u00e3o, que atravessa gera\u00e7\u00f5es e se renova a todo tempo. \u00c9 o caso do Mestre Ambr\u00f3sio, que est\u00e1 comemorando 30 anos e o movimento de Pernambuco de valoriza\u00e7\u00e3o dos mestres da cultura popular e de repensar essa produ\u00e7\u00e3o est\u00e9tica, musical e perform\u00e1tica. \u00c9 um conjunto que eles trazem\u201d.<\/span><\/p>\n<p class=\"pf0\"><span class=\"cf0\">O diretor do museu destacou ainda a presen\u00e7a de Cacau Amaral, do Maranh\u00e3o, que vai fazer uma oficina de bumba meu boi. <\/span><\/p>\n<p class=\"pf0\"><span class=\"cf0\">\u201cVai ter uma participa\u00e7\u00e3o grande nordestina na festa, mas ainda tem uma turma do Rio que tamb\u00e9m repercute a cultura nordestina de uma maneira especial. Acho que essa festa \u00e9 um pouco isso, a cultura tradicional que vai estar presente na culin\u00e1ria, nas brincadeiras, na fogueira, na m\u00fasica, mas ao mesmo tempo as renova\u00e7\u00f5es que venham ancoradas nessa tradi\u00e7\u00e3o t\u00e3o importante\u201d, afirmou.<\/span><\/p>\n<p class=\"pf0\"><span class=\"cf0\">Para a diretora do Museu do Pontal, <\/span><span class=\"cf0\">Angela<\/span> <span class=\"cf0\">Mascelani<\/span><span class=\"cf0\">, o <\/span><span class=\"cf0\">Arrai\u00e1<\/span><span class=\"cf0\"> traz as festas juninas que est\u00e3o no cora\u00e7\u00e3o de todos os brasileiros, com a oportunidade de fazer um mergulho na cultura nordestina como um todo. <\/span><\/p>\n<p class=\"pf0\"><span class=\"cf0\">\u201cA gente faz uma programa\u00e7\u00e3o muito completa n\u00e3o s\u00f3 da m\u00fasica, da comida, da performance, mas tamb\u00e9m trazendo os artistas populares, uma vez que no Museu do Pontal o foco s\u00e3o os artistas populares. \u00c9 mais uma maneira da gente poder homenagear e pensar nesses artistas importantes que t\u00eam esse circuito e tamb\u00e9m essas festas na sua base\u201d, disse \u00e0 Ag\u00eancia Brasil.<\/span><\/p>\n<p class=\"pf0\"><span class=\"cf0\">A presen\u00e7a do Ratinho, que o p\u00fablico vai poder admirar o trabalho na exposi\u00e7\u00e3o deste ano, \u00e9 comemorada por <\/span><span class=\"cf0\">Angela<\/span> <span class=\"cf0\">Mascelani<\/span><span class=\"cf0\">, para quem o artista, que desenvolve a sua arte no Alto do Moura, bairro de Caruaru, tem um trabalho especial.<\/span><\/p>\n<p class=\"pf0\"><span class=\"cf0\">\u201cEle faz uma produ\u00e7\u00e3o muito particular, muito formada pela contemporaneidade audiovisual que a gente tem hoje e pela cultura de massa. \u00c9 muito interessante tamb\u00e9m a gente ver como a arte pode acontecer e os artistas se expressam de maneiras diferentes, de acordo com suas \u00e9pocas, rompendo e aprofundando os limites da \u00e9poca. O Ratinho traz os seus monstros, que s\u00e3o muito divertidos, e por outro lado ele abre a perspectiva da gente pensar a arte de Caruaru do Alto do Moura, porque o ateli\u00ea dele \u00e9 no Alto do Moura, como essa possibilidade de cada um expressar o seu mais profundo criativo\u201d, disse.<\/span><\/p>\n<p class=\"pf0\"><span class=\"cf0\">O Museu do Pontal \u00e9 considerado o maior e mais significativo museu de arte popular do pa\u00eds. Seu acervo, resultado de 45 anos de pesquisas e viagens por todo pa\u00eds do designer franc\u00eas Jacques Van de <\/span><span class=\"cf0\">Beuque<\/span><span class=\"cf0\">, \u00e9 composto por mais de 9.000 pe\u00e7as de 300 artistas brasileiros, produzidas a partir do s\u00e9culo XX.<\/span><\/p>\n<p class=\"pf0\"><span class=\"cf0\">Por meio da Lei Federal de Incentivo \u00e0 Cultura, o Museu do Pontal tem como patrocinador master a Shell, como patrocinador estrat\u00e9gico o Instituto Cultural Vale e como patronos Repsol Sinopec Brasil, <\/span><span class=\"cf0\">Ternium<\/span><span class=\"cf0\">, <\/span><span class=\"cf0\">Tenaris<\/span><span class=\"cf0\"> e Ita\u00fa, al\u00e9m da Prefeitura do Rio.<\/span><\/p>\n<p class=\"pf0\"><span class=\"cf0\">Como o estacionamento do museu estar\u00e1 fechado, a recomenda\u00e7\u00e3o \u00e9 para o p\u00fablico usar o transporte oficial da festa. Vans gratuitas sair\u00e3o da esta\u00e7\u00e3o de metr\u00f4 Jardim Oce\u00e2nico (acesso A &#8211; Lagoa) e do estacionamento do terminal de \u00f4nibus Alvorada, com uma parada no New York City Center (ponto dos condom\u00ednios). Para obter informa\u00e7\u00f5es nesses locais, a recomenda\u00e7\u00e3o \u00e9 procurar pelo orientador de p\u00fablico do Museu do Pontal.<\/span><\/p>\n<p><!--EndFragment --><\/p>\n","protected":false},"excerpt":{"rendered":"<p>O Arrai\u00e1 do Museu do Pontal 2025, no Rio de Janeiro, vai celebrar, neste fim de semana, os artistas e as culturas populares do Nordeste brasileiro. N\u00e3o v\u00e3o faltar atra\u00e7\u00f5es gratuitas para todas as idades. Neste s\u00e1bado (12), com direito \u00e0 comemora\u00e7\u00e3o dos 30 anos de carreira, a banda pernambucana Mestre Ambr\u00f3sio se apresenta a [&hellip;]<\/p>\n","protected":false},"author":2,"featured_media":357960,"comment_status":"closed","ping_status":"closed","sticky":false,"template":"","format":"standard","meta":{"_acf_changed":false,"footnotes":""},"categories":[165],"tags":[],"class_list":["post-357959","post","type-post","status-publish","format-standard","has-post-thumbnail","hentry","category-nordeste"],"acf":[],"_links":{"self":[{"href":"https:\/\/www.notibras.com\/site\/wp-json\/wp\/v2\/posts\/357959","targetHints":{"allow":["GET"]}}],"collection":[{"href":"https:\/\/www.notibras.com\/site\/wp-json\/wp\/v2\/posts"}],"about":[{"href":"https:\/\/www.notibras.com\/site\/wp-json\/wp\/v2\/types\/post"}],"author":[{"embeddable":true,"href":"https:\/\/www.notibras.com\/site\/wp-json\/wp\/v2\/users\/2"}],"replies":[{"embeddable":true,"href":"https:\/\/www.notibras.com\/site\/wp-json\/wp\/v2\/comments?post=357959"}],"version-history":[{"count":1,"href":"https:\/\/www.notibras.com\/site\/wp-json\/wp\/v2\/posts\/357959\/revisions"}],"predecessor-version":[{"id":357961,"href":"https:\/\/www.notibras.com\/site\/wp-json\/wp\/v2\/posts\/357959\/revisions\/357961"}],"wp:featuredmedia":[{"embeddable":true,"href":"https:\/\/www.notibras.com\/site\/wp-json\/wp\/v2\/media\/357960"}],"wp:attachment":[{"href":"https:\/\/www.notibras.com\/site\/wp-json\/wp\/v2\/media?parent=357959"}],"wp:term":[{"taxonomy":"category","embeddable":true,"href":"https:\/\/www.notibras.com\/site\/wp-json\/wp\/v2\/categories?post=357959"},{"taxonomy":"post_tag","embeddable":true,"href":"https:\/\/www.notibras.com\/site\/wp-json\/wp\/v2\/tags?post=357959"}],"curies":[{"name":"wp","href":"https:\/\/api.w.org\/{rel}","templated":true}]}}