{"id":357968,"date":"2025-07-12T00:00:33","date_gmt":"2025-07-12T03:00:33","guid":{"rendered":"https:\/\/www.notibras.com\/site\/?p=357968"},"modified":"2025-07-12T11:33:20","modified_gmt":"2025-07-12T14:33:20","slug":"corrida-para-concurso-cnu-2025-tem-500-mil-inscritos-em-uma-semana","status":"publish","type":"post","link":"https:\/\/www.notibras.com\/site\/corrida-para-concurso-cnu-2025-tem-500-mil-inscritos-em-uma-semana\/","title":{"rendered":"Corrida para concurso CNU 2025 tem 500 mil inscritos em uma semana"},"content":{"rendered":"<p><!--StartFragment --><\/p>\n<p class=\"pf0\"><span class=\"cf0\">A segunda edi\u00e7\u00e3o do Concurso P\u00fablico Nacional Unificado (CPNU) teve 500 mil pessoas inscritas na primeira semana. O n\u00famero \u00e9 preliminar porque os interessados t\u00eam at\u00e9 20 de julho para se inscrever. Na primeira edi\u00e7\u00e3o, em 2024, o certame teve 2.144.435 de candidatos.<\/span><\/p>\n<p class=\"pf0\"><span class=\"cf0\">O CNU \u00e9 um modelo de sele\u00e7\u00e3o inovador, criado pelo Minist\u00e9rio da Gest\u00e3o e da Inova\u00e7\u00e3o em Servi\u00e7os P\u00fablicos, que re\u00fane em uma \u00fanica estrutura vagas para diversos \u00f3rg\u00e3os federais. A segunda edi\u00e7\u00e3o do CNU oferta 3.652 vagas para 32 \u00f3rg\u00e3os, com provas aplicadas em dois dias <\/span><span class=\"cf1\">\u2014 a primeira fase em outubro e a segunda, em dezembro \u2014 em centenas de munic<\/span><span class=\"cf0\">\u00edpios de todo o pa\u00eds.<\/span><\/p>\n<p class=\"pf0\"><span class=\"cf0\">Segundo o Minist\u00e9rio da Gest\u00e3o e da Inova\u00e7\u00e3o em Servi\u00e7os P\u00fablicos, 267.790 pessoas pediram isen\u00e7\u00e3o da taxa de inscri\u00e7\u00e3o, e 252.707 tiveram o pedido atendido pela Funda\u00e7\u00e3o <\/span><span class=\"cf0\">Getulio<\/span><span class=\"cf0\"> Vargas (FGV). Foram negadas 15.083 solicita\u00e7\u00f5es (5,6%).<\/span><\/p>\n<p class=\"pf0\"><span class=\"cf0\">As inscri\u00e7\u00f5es s\u00e3o feitas exclusivamente no site da FGV, banca examinadora do certame.<\/span><\/p>\n<p class=\"pf0\"><span class=\"cf0\">Para os candidatos n\u00e3o isentos, a taxa \u00fanica de inscri\u00e7\u00e3o \u00e9 de R$ 70, v\u00e1lida para todos os nove blocos tem\u00e1ticos. A data final para o pagamento \u00e9 dia 21.<\/span><\/p>\n<p class=\"pf0\"><span class=\"cf0\">O passo a passo do processo de inscri\u00e7\u00e3o pode ser acompanhado aqui. <\/span><\/p>\n<p class=\"pf0\"><span class=\"cf0\">Na quinta-feira (10), a FGV divulgou os resultados dos pedidos de isen\u00e7\u00e3o da taxa de inscri\u00e7\u00e3o, que podem ser consultados na P\u00e1gina do Participante do certame, com login \u00fanico da conta do portal Gov.br.<\/span><\/p>\n<p class=\"pf0\"><span class=\"cf0\">O candidato que teve o requerimento de isen\u00e7\u00e3o de pagamento da taxa de inscri\u00e7\u00e3o indeferido poder\u00e1 interpor recurso at\u00e9 as 23h59 de segunda-feira (14). Ap\u00f3s esse per\u00edodo, n\u00e3o ser\u00e3o aceitos recursos.<\/span><\/p>\n<p class=\"pf0\"><span class=\"cf0\">Conforme o edital, no recurso, a pessoa dever\u00e1 enviar novamente a documenta\u00e7\u00e3o que comprove uma das seguintes condi\u00e7\u00f5es:<\/span><\/p>\n<p class=\"pf0\"><span class=\"cf0\">. pessoas inscritas no Cadastro \u00danico para Programas Sociais do governo federal (<\/span><span class=\"cf0\">Cad\u00danico<\/span><span class=\"cf0\">);<\/span><\/p>\n<p class=\"pf0\"><span class=\"cf0\">. doadores e doadoras de medula \u00f3ssea reconhecidos pelo Minist\u00e9rio da Sa\u00fade;<\/span><\/p>\n<p class=\"pf0\"><span class=\"cf0\">. estudantes e ex-estudantes bolsistas do Programa Universidade para Todos (ProUni);<\/span><\/p>\n<p class=\"pf0\"><span class=\"cf0\">. estudantes e ex-estudantes benefici\u00e1rios do Fundo de Financiamento Estudantil (Fies).<\/span><\/p>\n<p class=\"pf0\"><span class=\"cf0\">Ap\u00f3s a contesta\u00e7\u00e3o, o resultado final com a rela\u00e7\u00e3o de candidatos cujo pedido de isen\u00e7\u00e3o da taxa de inscri\u00e7\u00e3o foi aceito ser\u00e1 divulgado na pr\u00f3xima sexta-feira (18).<\/span><\/p>\n<p class=\"pf0\"><span class=\"cf0\">Cronograma oficial<\/span><\/p>\n<p class=\"pf0\"><span class=\"cf0\">Inscri\u00e7\u00f5es: at\u00e9 20\/7\/2025<\/span><\/p>\n<p class=\"pf0\"><span class=\"cf0\">Pagamento da taxa: at\u00e9 21\/7\/2025<\/span><\/p>\n<p class=\"pf0\"><span class=\"cf0\">Prova objetiva: 5\/10\/2025<\/span><\/p>\n<p class=\"pf0\"><span class=\"cf0\">Divulga\u00e7\u00e3o da objetiva e convoca\u00e7\u00e3o para a discursiva: 12\/11\/2025<\/span><\/p>\n<p class=\"pf0\"><span class=\"cf0\">Envio de t\u00edtulos: 13 a 19\/11\/2025<\/span><\/p>\n<p class=\"pf0\"><span class=\"cf0\">Prova discursiva (para aprovados na prova objetiva): 7\/12\/2025<\/span><\/p>\n<p class=\"pf0\"><span class=\"cf0\">Verifica\u00e7\u00e3o de cotas afirmativas: 30\/11 a 8\/12\/2025<\/span><\/p>\n<p class=\"pf0\"><span class=\"cf0\">Resultado final previsto: 30\/1\/2026.<\/span><\/p>\n<p><!--EndFragment --><\/p>\n","protected":false},"excerpt":{"rendered":"<p>A segunda edi\u00e7\u00e3o do Concurso P\u00fablico Nacional Unificado (CPNU) teve 500 mil pessoas inscritas na primeira semana. O n\u00famero \u00e9 preliminar porque os interessados t\u00eam at\u00e9 20 de julho para se inscrever. Na primeira edi\u00e7\u00e3o, em 2024, o certame teve 2.144.435 de candidatos. O CNU \u00e9 um modelo de sele\u00e7\u00e3o inovador, criado pelo Minist\u00e9rio da [&hellip;]<\/p>\n","protected":false},"author":2,"featured_media":357969,"comment_status":"closed","ping_status":"closed","sticky":false,"template":"","format":"standard","meta":{"_acf_changed":false,"footnotes":""},"categories":[161],"tags":[],"class_list":["post-357968","post","type-post","status-publish","format-standard","has-post-thumbnail","hentry","category-quadradinho-em-foco"],"acf":[],"_links":{"self":[{"href":"https:\/\/www.notibras.com\/site\/wp-json\/wp\/v2\/posts\/357968","targetHints":{"allow":["GET"]}}],"collection":[{"href":"https:\/\/www.notibras.com\/site\/wp-json\/wp\/v2\/posts"}],"about":[{"href":"https:\/\/www.notibras.com\/site\/wp-json\/wp\/v2\/types\/post"}],"author":[{"embeddable":true,"href":"https:\/\/www.notibras.com\/site\/wp-json\/wp\/v2\/users\/2"}],"replies":[{"embeddable":true,"href":"https:\/\/www.notibras.com\/site\/wp-json\/wp\/v2\/comments?post=357968"}],"version-history":[{"count":1,"href":"https:\/\/www.notibras.com\/site\/wp-json\/wp\/v2\/posts\/357968\/revisions"}],"predecessor-version":[{"id":357970,"href":"https:\/\/www.notibras.com\/site\/wp-json\/wp\/v2\/posts\/357968\/revisions\/357970"}],"wp:featuredmedia":[{"embeddable":true,"href":"https:\/\/www.notibras.com\/site\/wp-json\/wp\/v2\/media\/357969"}],"wp:attachment":[{"href":"https:\/\/www.notibras.com\/site\/wp-json\/wp\/v2\/media?parent=357968"}],"wp:term":[{"taxonomy":"category","embeddable":true,"href":"https:\/\/www.notibras.com\/site\/wp-json\/wp\/v2\/categories?post=357968"},{"taxonomy":"post_tag","embeddable":true,"href":"https:\/\/www.notibras.com\/site\/wp-json\/wp\/v2\/tags?post=357968"}],"curies":[{"name":"wp","href":"https:\/\/api.w.org\/{rel}","templated":true}]}}