{"id":357971,"date":"2025-07-12T00:00:50","date_gmt":"2025-07-12T03:00:50","guid":{"rendered":"https:\/\/www.notibras.com\/site\/?p=357971"},"modified":"2025-07-12T11:38:55","modified_gmt":"2025-07-12T14:38:55","slug":"onca-preta-aparece-pela-primeira-vez-em-reserva-no-cerrado","status":"publish","type":"post","link":"https:\/\/www.notibras.com\/site\/onca-preta-aparece-pela-primeira-vez-em-reserva-no-cerrado\/","title":{"rendered":"On\u00e7a-preta aparece pela primeira vez em reserva no Cerrado"},"content":{"rendered":"<p><!--StartFragment --><\/p>\n<p class=\"pf0\"><span class=\"cf0\">Uma on\u00e7a-preta foi registrada pela primeira vez na Reserva Natural Serra do Tombador, em Cavalcante, Goi\u00e1s. As imagens in\u00e9ditas foram obtidas em mar\u00e7o, abril e maio deste ano, por meio de armadilhas fotogr\u00e1ficas.<\/span><\/p>\n<p class=\"pf0\"><span class=\"cf0\">Chamada de on\u00e7a-pintada mel\u00e2nica (<\/span><span class=\"cf0\">Panthera<\/span> <span class=\"cf0\">onca<\/span><span class=\"cf0\">), a on\u00e7a-preta tem os pelos mais escuros por causa de uma muta\u00e7\u00e3o gen\u00e9tica que ocorre em apenas 10% da esp\u00e9cie. A descoberta \u00e9 um indicador positivo para a preserva\u00e7\u00e3o do animal, classificado como \u201cvulner\u00e1vel\u201d pela Portaria 148\/2022 do Minist\u00e9rio do Meio Ambiente.<\/span><\/p>\n<p class=\"pf0\"><span class=\"cf0\"> \u201cO melanismo \u00e9 uma muta\u00e7\u00e3o gen\u00e9tica que aumenta a produ\u00e7\u00e3o de melanina <\/span><span class=\"cf1\">\u2014 que faz com que o pelo do animal tenha colora<\/span><span class=\"cf0\">\u00e7\u00e3o escura <\/span><span class=\"cf1\">\u2014, mas sabemos que, para que nas<\/span><span class=\"cf0\">\u00e7a uma on\u00e7a mel\u00e2nica, \u00e9 necess\u00e1rio que pelo menos um dos pais tamb\u00e9m apresente essa caracter\u00edstica\u201d, explica o bi\u00f3logo Roberto Fusco, membro da Rede de Especialistas em Conserva\u00e7\u00e3o da Natureza (RECN).<\/span><\/p>\n<p class=\"pf0\"><span class=\"cf0\">O especialista refor\u00e7a que a presen\u00e7a dessas on\u00e7as \u00e9 ind\u00edcio de conserva\u00e7\u00e3o da \u00e1rea e do entorno.<\/span><\/p>\n<p class=\"pf0\"><span class=\"cf0\">\u201cPor ser uma esp\u00e9cie guarda-chuva, que necessita de grandes territ\u00f3rios para sobreviver na natureza, proteger a on\u00e7a-pintada gera efeitos positivos para muitas outras esp\u00e9cies e, consequentemente, para todo o ecossistema\u201d, diz Fusco.<\/span><\/p>\n<p class=\"pf0\"><span class=\"cf0\">A bi\u00f3loga Mariana Vasquez, gerente da Reserva Natural Serra do Tombador, diz que os registros contribuem para aumentar o engajamento da comunidade local na conserva\u00e7\u00e3o da natureza.<\/span><\/p>\n<p class=\"pf0\"><span class=\"cf0\">\u201cSem d\u00favida, esses registros de animais raros chamam muito a aten\u00e7\u00e3o de quem vive e trabalha no entorno da reserva, refor\u00e7ando a mensagem de que todos devemos nos empenhar para manter as \u00e1reas naturais bem conservadas\u201d, diz Vasquez.<\/span><\/p>\n<p class=\"pf0\"><span class=\"cf0\">A on\u00e7a-pintada \u00e9 considerada o maior felino das Am\u00e9ricas. No Brasil, est\u00e1 em maior concentra\u00e7\u00e3o na Amaz\u00f4nia e no Pantanal. No Pampa, \u00e9 considerada extinta. Nos outros biomas (Cerrado, Caatinga e Mata Atl\u00e2ntica), as popula\u00e7\u00f5es s\u00e3o menores e fragmentadas.<\/span><\/p>\n<p class=\"pf0\"><span class=\"cf0\">\u201cA on\u00e7a-pintada sofre com a perda de habitat causada sobretudo pelo desmatamento, mas tamb\u00e9m com a ca\u00e7a retaliat\u00f3ria, motivada por eventuais ataques a animais dom\u00e9sticos e de cria\u00e7\u00e3o, e tamb\u00e9m com os impactos das mudan\u00e7as clim\u00e1ticas\u201d, diz Fusco.<\/span><\/p>\n<p class=\"pf0\"><span class=\"cf0\">\u201cOs atropelamentos tamb\u00e9m se tornaram uma amea\u00e7a crescente, especialmente no Cerrado. \u00c9 um desafio que afeta n\u00e3o apenas as on\u00e7as, mas diversos outros animais silvestres que vivem no bioma\u201d, acrescenta Mariana.<\/span><\/p>\n<p class=\"pf0\"><span class=\"cf0\">Segundo os especialistas, as on\u00e7as percorrem longas dist\u00e2ncias a procura de alimento, abrigo, prote\u00e7\u00e3o e locais para reprodu\u00e7\u00e3o.<\/span><\/p>\n<p class=\"pf0\"><span class=\"cf0\">\u201cS\u00e3o animais solit\u00e1rios, que permanecem com a m\u00e3e apenas at\u00e9 os dois anos de idade, e podem se deslocar por uma \u00e1rea que pode ultrapassar 50 mil hectares\u201d, diz Fusco. \u201cPor isso, \u00e9 t\u00e3o importante que as unidades de conserva\u00e7\u00e3o sejam fortalecidas e que existam corredores ecol\u00f3gicos, garantindo a conserva\u00e7\u00e3o n\u00e3o s\u00f3 das on\u00e7as, mas de diversas outras esp\u00e9cies da fauna\u201d.<\/span><\/p>\n<p class=\"pf0\"><span class=\"cf0\">A Reserva Natural Serra do Tombador \u00e9 uma \u00e1rea de conserva\u00e7\u00e3o com 8.730 hectares. \u00c9 uma Reserva Particular do Patrim\u00f4nio Natural (RPPN), criada e mantida h\u00e1 20 anos pela Funda\u00e7\u00e3o Grupo Botic\u00e1rio de Prote\u00e7\u00e3o \u00e0 Natureza.<\/span><\/p>\n<p class=\"pf0\"><span class=\"cf0\">A unidade n\u00e3o \u00e9 aberta \u00e0 visita\u00e7\u00e3o p\u00fablica. Recebe apenas pesquisadores que estudam a conserva\u00e7\u00e3o da biodiversidade, da ecologia do fogo e do Manejo Integrado do Fogo (MIF). J\u00e1 foram registradas 437 esp\u00e9cies de plantas e 531 esp\u00e9cies de animais na reserva.<\/span><\/p>\n<p class=\"pf0\"><span class=\"cf0\">A reserva \u00e9 considerada uma Solu\u00e7\u00e3o Baseada na Natureza (SBN), por contribuir para prote\u00e7\u00e3o de recursos h\u00eddricos, regula\u00e7\u00e3o do clima e fixa\u00e7\u00e3o de carbono no solo. Tamb\u00e9m tem papel complementar na prote\u00e7\u00e3o da fauna da regi\u00e3o da Chapada dos Veadeiros.<\/span><\/p>\n<p><!--EndFragment --><\/p>\n","protected":false},"excerpt":{"rendered":"<p>Uma on\u00e7a-preta foi registrada pela primeira vez na Reserva Natural Serra do Tombador, em Cavalcante, Goi\u00e1s. As imagens in\u00e9ditas foram obtidas em mar\u00e7o, abril e maio deste ano, por meio de armadilhas fotogr\u00e1ficas. Chamada de on\u00e7a-pintada mel\u00e2nica (Panthera onca), a on\u00e7a-preta tem os pelos mais escuros por causa de uma muta\u00e7\u00e3o gen\u00e9tica que ocorre em [&hellip;]<\/p>\n","protected":false},"author":2,"featured_media":357972,"comment_status":"closed","ping_status":"closed","sticky":false,"template":"","format":"standard","meta":{"_acf_changed":false,"footnotes":""},"categories":[161],"tags":[],"class_list":["post-357971","post","type-post","status-publish","format-standard","has-post-thumbnail","hentry","category-quadradinho-em-foco"],"acf":[],"_links":{"self":[{"href":"https:\/\/www.notibras.com\/site\/wp-json\/wp\/v2\/posts\/357971","targetHints":{"allow":["GET"]}}],"collection":[{"href":"https:\/\/www.notibras.com\/site\/wp-json\/wp\/v2\/posts"}],"about":[{"href":"https:\/\/www.notibras.com\/site\/wp-json\/wp\/v2\/types\/post"}],"author":[{"embeddable":true,"href":"https:\/\/www.notibras.com\/site\/wp-json\/wp\/v2\/users\/2"}],"replies":[{"embeddable":true,"href":"https:\/\/www.notibras.com\/site\/wp-json\/wp\/v2\/comments?post=357971"}],"version-history":[{"count":1,"href":"https:\/\/www.notibras.com\/site\/wp-json\/wp\/v2\/posts\/357971\/revisions"}],"predecessor-version":[{"id":357973,"href":"https:\/\/www.notibras.com\/site\/wp-json\/wp\/v2\/posts\/357971\/revisions\/357973"}],"wp:featuredmedia":[{"embeddable":true,"href":"https:\/\/www.notibras.com\/site\/wp-json\/wp\/v2\/media\/357972"}],"wp:attachment":[{"href":"https:\/\/www.notibras.com\/site\/wp-json\/wp\/v2\/media?parent=357971"}],"wp:term":[{"taxonomy":"category","embeddable":true,"href":"https:\/\/www.notibras.com\/site\/wp-json\/wp\/v2\/categories?post=357971"},{"taxonomy":"post_tag","embeddable":true,"href":"https:\/\/www.notibras.com\/site\/wp-json\/wp\/v2\/tags?post=357971"}],"curies":[{"name":"wp","href":"https:\/\/api.w.org\/{rel}","templated":true}]}}