{"id":357996,"date":"2025-07-12T18:19:35","date_gmt":"2025-07-12T21:19:35","guid":{"rendered":"https:\/\/www.notibras.com\/site\/?p=357996"},"modified":"2025-07-12T18:19:35","modified_gmt":"2025-07-12T21:19:35","slug":"procissao-da-penha-pode-virar-patrimonio-da-humanidade","status":"publish","type":"post","link":"https:\/\/www.notibras.com\/site\/procissao-da-penha-pode-virar-patrimonio-da-humanidade\/","title":{"rendered":"Prociss\u00e3o da Penha pode virar Patrim\u00f4nio da Humanidade"},"content":{"rendered":"<p><!--StartFragment --><\/p>\n<p class=\"pf0\"><span class=\"cf0\">A Prociss\u00e3o de Nossa Senhora da Penha poder\u00e1 receber o t\u00edtulo de <\/span><span class=\"cf0\">Patrimonio<\/span><span class=\"cf0\"> Imaterial da Humanidade. O pedido foi formulado pelos vereadores de Jo\u00e3o Pessoa, Dinho <\/span><span class=\"cf0\">Dowsley<\/span><span class=\"cf0\"> (presidente da C\u00e2mara) e Marcos Vin\u00edcius, durante visita \u00e0 diretora da Organiza\u00e7\u00e3o das Na\u00e7\u00f5es Unidas para a Educa\u00e7\u00e3o, a Ci\u00eancia e a Cultura (Unesco) no Brasil, <\/span><span class=\"cf0\">Marlova<\/span> <span class=\"cf0\">Jovchelovitch<\/span><span class=\"cf0\">. Atualmente, o C\u00edrio de Nazar\u00e9, de Bel\u00e9m do Par\u00e1, \u00e9 o \u00fanico evento do g\u00eanero que possui esta defer\u00eancia, reconhecida pela entidade internacional. No encontro, os parlamentares apresentaram um of\u00edcio com a defesa do pleito.<\/span><\/p>\n<p class=\"pf0\"><span class=\"cf0\">O Santu\u00e1rio da Penha faz parte do roteiro hist\u00f3rico e tur\u00edstico do litoral paraibano. Ele foi tombado pelo Instituto Hist\u00f3rico e Art\u00edstico do Estado da Para\u00edba (<\/span><span class=\"cf0\">Iphaep<\/span><span class=\"cf0\">) em 26 de agosto de 1980. O local \u00e9 procurado durante todo o ano por romeiros devido aos milagres atribu\u00eddos \u00e0 Virgem Maria. A Romaria da Penha \u00e9 uma das mais tradicionais da Para\u00edba e, com certeza, a mais popular. Ela atrai uma m\u00e9dia anual de 650 mil peregrinos no trajeto do Centro da capital at\u00e9 o Santu\u00e1rio.<\/span><\/p>\n<p class=\"pf0\"><span class=\"cf0\">No of\u00edcio, os vereadores ressaltam &#8220;a magnitude, as peculiaridades, a diversidade, o conte\u00fado religioso e cultural do evento s\u00e3o riquezas \u00fanicas cultivadas h\u00e1 mais de dois s\u00e9culos pelos paraibanos. Por sua beleza e grandiosidade, \u00e9 tamb\u00e9m o mais importante evento tur\u00edstico religioso da Para\u00edba&#8221;.<\/span><\/p>\n<p class=\"pf0\"><span class=\"cf0\">A Festa de Nossa Senhora da Penha acontece neste ano entre os dias 16 a 24 de novembro, quando ser\u00e1 realizada a 268\u00aa edi\u00e7\u00e3o da tradicional Romaria da Penha, que re\u00fane milhares de pessoas e passa pelas principais avenidas da capital paraibana. A reuni\u00e3o que formalizou o pedido feito pelos vereadores de Jo\u00e3o Pessoa ocorreu na semana passada. O passo seguinte, agora, ser\u00e1 um pedido ao Itamaraty, para que o \u00f3rg\u00e3o do governo federal participe do processo.<\/span><\/p>\n<p class=\"pf0\"><span class=\"cf0\">A devo\u00e7\u00e3o a Nossa Senhora da Penha teve origem com o portugu\u00eas S\u00edlvio Siqueira, que em 1763, comandava uma embarca\u00e7\u00e3o em dire\u00e7\u00e3o \u00e0 Europa. No litoral paraibano, ele enfrentou uma grande tormenta. Em um momento de afli\u00e7\u00e3o, reuniu a tripula\u00e7\u00e3o e pediu prote\u00e7\u00e3o a Nossa Senhora da Penha, prometendo erguer uma ermida em sua honra no local em que aportasse em seguran\u00e7a. Minutos depois, todos conseguiram desembarcar com tranquilidade na ent\u00e3o Praia de <\/span><span class=\"cf0\">Arat\u00fa<\/span> <span class=\"cf1\">\u2013 hoje Praia da Penha. Como prometido, a constru<\/span><span class=\"cf0\">\u00e7\u00e3o foi feita. E essa foi \u00e0 terceira capela constru\u00edda no Brasil para Nossa Senhora da Penha.<\/span><\/p>\n<p><!--EndFragment --><\/p>\n","protected":false},"excerpt":{"rendered":"<p>A Prociss\u00e3o de Nossa Senhora da Penha poder\u00e1 receber o t\u00edtulo de Patrimonio Imaterial da Humanidade. O pedido foi formulado pelos vereadores de Jo\u00e3o Pessoa, Dinho Dowsley (presidente da C\u00e2mara) e Marcos Vin\u00edcius, durante visita \u00e0 diretora da Organiza\u00e7\u00e3o das Na\u00e7\u00f5es Unidas para a Educa\u00e7\u00e3o, a Ci\u00eancia e a Cultura (Unesco) no Brasil, Marlova Jovchelovitch. [&hellip;]<\/p>\n","protected":false},"author":2,"featured_media":357997,"comment_status":"closed","ping_status":"closed","sticky":false,"template":"","format":"standard","meta":{"_acf_changed":false,"footnotes":""},"categories":[165],"tags":[],"class_list":["post-357996","post","type-post","status-publish","format-standard","has-post-thumbnail","hentry","category-nordeste"],"acf":[],"_links":{"self":[{"href":"https:\/\/www.notibras.com\/site\/wp-json\/wp\/v2\/posts\/357996","targetHints":{"allow":["GET"]}}],"collection":[{"href":"https:\/\/www.notibras.com\/site\/wp-json\/wp\/v2\/posts"}],"about":[{"href":"https:\/\/www.notibras.com\/site\/wp-json\/wp\/v2\/types\/post"}],"author":[{"embeddable":true,"href":"https:\/\/www.notibras.com\/site\/wp-json\/wp\/v2\/users\/2"}],"replies":[{"embeddable":true,"href":"https:\/\/www.notibras.com\/site\/wp-json\/wp\/v2\/comments?post=357996"}],"version-history":[{"count":1,"href":"https:\/\/www.notibras.com\/site\/wp-json\/wp\/v2\/posts\/357996\/revisions"}],"predecessor-version":[{"id":357998,"href":"https:\/\/www.notibras.com\/site\/wp-json\/wp\/v2\/posts\/357996\/revisions\/357998"}],"wp:featuredmedia":[{"embeddable":true,"href":"https:\/\/www.notibras.com\/site\/wp-json\/wp\/v2\/media\/357997"}],"wp:attachment":[{"href":"https:\/\/www.notibras.com\/site\/wp-json\/wp\/v2\/media?parent=357996"}],"wp:term":[{"taxonomy":"category","embeddable":true,"href":"https:\/\/www.notibras.com\/site\/wp-json\/wp\/v2\/categories?post=357996"},{"taxonomy":"post_tag","embeddable":true,"href":"https:\/\/www.notibras.com\/site\/wp-json\/wp\/v2\/tags?post=357996"}],"curies":[{"name":"wp","href":"https:\/\/api.w.org\/{rel}","templated":true}]}}