{"id":35800,"date":"2015-02-02T22:09:26","date_gmt":"2015-02-03T01:09:26","guid":{"rendered":"http:\/\/www.notibras.com\/site\/?p=35800"},"modified":"2015-02-03T14:45:55","modified_gmt":"2015-02-03T17:45:55","slug":"saude-sente-as-dores-do-planalto-e-fura-camisinha-da-globo-e-veja","status":"publish","type":"post","link":"https:\/\/www.notibras.com\/site\/saude-sente-as-dores-do-planalto-e-fura-camisinha-da-globo-e-veja\/","title":{"rendered":"Sa\u00fade sente as dores do Planalto e fura Globo e Veja com campanha da camisinha"},"content":{"rendered":"<p>Pela primeira vez na hist\u00f3ria das campanhas publicit\u00e1rias para o uso de preservativos no Carnaval, os dois maiores ve\u00edculos de comunica\u00e7\u00e3o do Pa\u00eds em seus segmentos (a Globo, televis\u00e3o, e a Veja, revista impressa) n\u00e3o v\u00e3o ganhar uma fatia do bolo publicit\u00e1rio. A decis\u00e3o foi tomada por Bruno Botafogo, assessor de Publicidade do Minist\u00e9rio da Sa\u00fade.<\/p>\n<p>A Calia, ag\u00eancia encarregada da cria\u00e7\u00e3o, produ\u00e7\u00e3o e veicula\u00e7\u00e3o da campanha, chegou a ponderar os riscos de fracasso do projeto, que tem um custo de 14 milh\u00f5es de reais, como consequ\u00eancia do alijamento daqueles dois ve\u00edculos.<\/p>\n<blockquote><p>A decis\u00e3o de BB, como \u00e9 conhecido no meio publicit\u00e1rio o assessor do ministro Arthur Chioro, causou estranheza no pr\u00f3prio Pal\u00e1cio do Planalto.As ger\u00eancias comerciais da Globo e de Veja, procuradas, n\u00e3o retornaram as liga\u00e7\u00f5es.<\/p><\/blockquote>\n<p>\u201cSe a V\u00eanus Platinada (Globo) e a publica\u00e7\u00e3o da arvorezinha (Veja) fizeram campanha contra a reelei\u00e7\u00e3o da presidente Dilma, isso \u00e9 coisa do passado. N\u00e3o somos de guardar m\u00e1goas e o Botafogo deve rever sua posi\u00e7\u00e3o\u201d, confidenciou a <strong>Notibras<\/strong> um interlocutor palaciano, evitando nominar os dois ve\u00edculos desafetos do PT na \u00faltima campanha presidencial.<\/p>\n<p>Informa\u00e7\u00f5es oficiais indicam que a Globo e a Veja foram exclu\u00eddas da campanha por conta de um impasse no custo da veicula\u00e7\u00e3o das pe\u00e7as publicit\u00e1rias. Extraoficialmente, por\u00e9m, comenta-se que Bruno Botafogo, rec\u00e9m chegado ao Minist\u00e9rio da Sa\u00fade, decidiu sentir as dores do PT, que tem uma ala favor\u00e1vel ao rompimento do governo com emissoras e publica\u00e7\u00f5es que criticam a administra\u00e7\u00e3o petista.<\/p>\n<p><strong>Karla Maranh\u00e3o<\/strong><\/p>\n","protected":false},"excerpt":{"rendered":"<p>Pela primeira vez na hist\u00f3ria das campanhas publicit\u00e1rias para o uso de preservativos no Carnaval, os dois maiores ve\u00edculos de comunica\u00e7\u00e3o do Pa\u00eds em seus segmentos (a Globo, televis\u00e3o, e a Veja, revista impressa) n\u00e3o v\u00e3o ganhar uma fatia do bolo publicit\u00e1rio. A decis\u00e3o foi tomada por Bruno Botafogo, assessor de Publicidade do Minist\u00e9rio da [&hellip;]<\/p>\n","protected":false},"author":2,"featured_media":35801,"comment_status":"open","ping_status":"closed","sticky":false,"template":"","format":"standard","meta":{"_acf_changed":false,"footnotes":""},"categories":[16],"tags":[],"class_list":["post-35800","post","type-post","status-publish","format-standard","has-post-thumbnail","hentry","category-brasil"],"acf":[],"yoast_head":"<!-- This site is optimized with the Yoast SEO plugin v27.2 - https:\/\/yoast.com\/product\/yoast-seo-wordpress\/ -->\n<title>Sa\u00fade sente as dores do Planalto e fura Globo e Veja com campanha da camisinha - Notibras<\/title>\n<meta name=\"robots\" content=\"index, follow, max-snippet:-1, max-image-preview:large, max-video-preview:-1\" \/>\n<link rel=\"canonical\" href=\"https:\/\/www.notibras.com\/site\/saude-sente-as-dores-do-planalto-e-fura-camisinha-da-globo-e-veja\/\" \/>\n<meta property=\"og:locale\" content=\"pt_BR\" \/>\n<meta property=\"og:type\" content=\"article\" \/>\n<meta property=\"og:title\" content=\"Sa\u00fade sente as dores do Planalto e fura Globo e Veja com campanha da camisinha - Notibras\" \/>\n<meta property=\"og:description\" content=\"Pela primeira vez na hist\u00f3ria das campanhas publicit\u00e1rias para o uso de preservativos no Carnaval, os dois maiores ve\u00edculos de comunica\u00e7\u00e3o do Pa\u00eds em seus segmentos (a Globo, televis\u00e3o, e a Veja, revista impressa) n\u00e3o v\u00e3o ganhar uma fatia do bolo publicit\u00e1rio. A decis\u00e3o foi tomada por Bruno Botafogo, assessor de Publicidade do Minist\u00e9rio da [&hellip;]\" \/>\n<meta property=\"og:url\" content=\"https:\/\/www.notibras.com\/site\/saude-sente-as-dores-do-planalto-e-fura-camisinha-da-globo-e-veja\/\" \/>\n<meta property=\"og:site_name\" content=\"Notibras\" \/>\n<meta property=\"article:publisher\" content=\"https:\/\/www.facebook.com\/notibras\/\" \/>\n<meta property=\"article:published_time\" content=\"2015-02-03T01:09:26+00:00\" \/>\n<meta property=\"article:modified_time\" content=\"2015-02-03T17:45:55+00:00\" \/>\n<meta property=\"og:image\" content=\"https:\/\/www.notibras.com\/site\/wp-content\/uploads\/2015\/02\/camisinha.jpg\" \/>\n\t<meta property=\"og:image:width\" content=\"405\" \/>\n\t<meta property=\"og:image:height\" content=\"270\" \/>\n\t<meta property=\"og:image:type\" content=\"image\/jpeg\" \/>\n<meta name=\"author\" content=\"Reda\u00e7\u00e3o\" \/>\n<meta name=\"twitter:card\" content=\"summary_large_image\" \/>\n<meta name=\"twitter:creator\" content=\"@Notibras\" \/>\n<meta name=\"twitter:site\" content=\"@Notibras\" \/>\n<meta name=\"twitter:label1\" content=\"Escrito por\" \/>\n\t<meta name=\"twitter:data1\" content=\"Reda\u00e7\u00e3o\" \/>\n\t<meta name=\"twitter:label2\" content=\"Est. tempo de leitura\" \/>\n\t<meta name=\"twitter:data2\" content=\"1 minuto\" \/>\n<script type=\"application\/ld+json\" class=\"yoast-schema-graph\">{\"@context\":\"https:\/\/schema.org\",\"@graph\":[{\"@type\":\"Article\",\"@id\":\"https:\/\/www.notibras.com\/site\/saude-sente-as-dores-do-planalto-e-fura-camisinha-da-globo-e-veja\/#article\",\"isPartOf\":{\"@id\":\"https:\/\/www.notibras.com\/site\/saude-sente-as-dores-do-planalto-e-fura-camisinha-da-globo-e-veja\/\"},\"author\":{\"name\":\"Reda\u00e7\u00e3o\",\"@id\":\"https:\/\/www.notibras.com\/site\/#\/schema\/person\/36ab0979449956132d3e5b517ea76ac8\"},\"headline\":\"Sa\u00fade sente as dores do Planalto e fura Globo e Veja com campanha da camisinha\",\"datePublished\":\"2015-02-03T01:09:26+00:00\",\"dateModified\":\"2015-02-03T17:45:55+00:00\",\"mainEntityOfPage\":{\"@id\":\"https:\/\/www.notibras.com\/site\/saude-sente-as-dores-do-planalto-e-fura-camisinha-da-globo-e-veja\/\"},\"wordCount\":304,\"commentCount\":0,\"publisher\":{\"@id\":\"https:\/\/www.notibras.com\/site\/#organization\"},\"image\":{\"@id\":\"https:\/\/www.notibras.com\/site\/saude-sente-as-dores-do-planalto-e-fura-camisinha-da-globo-e-veja\/#primaryimage\"},\"thumbnailUrl\":\"https:\/\/www.notibras.com\/site\/wp-content\/uploads\/2015\/02\/camisinha.jpg\",\"articleSection\":[\"Brasil\"],\"inLanguage\":\"pt-BR\",\"potentialAction\":[{\"@type\":\"CommentAction\",\"name\":\"Comment\",\"target\":[\"https:\/\/www.notibras.com\/site\/saude-sente-as-dores-do-planalto-e-fura-camisinha-da-globo-e-veja\/#respond\"]}]},{\"@type\":\"WebPage\",\"@id\":\"https:\/\/www.notibras.com\/site\/saude-sente-as-dores-do-planalto-e-fura-camisinha-da-globo-e-veja\/\",\"url\":\"https:\/\/www.notibras.com\/site\/saude-sente-as-dores-do-planalto-e-fura-camisinha-da-globo-e-veja\/\",\"name\":\"Sa\u00fade sente as dores do Planalto e fura Globo e Veja com campanha da camisinha - Notibras\",\"isPartOf\":{\"@id\":\"https:\/\/www.notibras.com\/site\/#website\"},\"primaryImageOfPage\":{\"@id\":\"https:\/\/www.notibras.com\/site\/saude-sente-as-dores-do-planalto-e-fura-camisinha-da-globo-e-veja\/#primaryimage\"},\"image\":{\"@id\":\"https:\/\/www.notibras.com\/site\/saude-sente-as-dores-do-planalto-e-fura-camisinha-da-globo-e-veja\/#primaryimage\"},\"thumbnailUrl\":\"https:\/\/www.notibras.com\/site\/wp-content\/uploads\/2015\/02\/camisinha.jpg\",\"datePublished\":\"2015-02-03T01:09:26+00:00\",\"dateModified\":\"2015-02-03T17:45:55+00:00\",\"breadcrumb\":{\"@id\":\"https:\/\/www.notibras.com\/site\/saude-sente-as-dores-do-planalto-e-fura-camisinha-da-globo-e-veja\/#breadcrumb\"},\"inLanguage\":\"pt-BR\",\"potentialAction\":[{\"@type\":\"ReadAction\",\"target\":[\"https:\/\/www.notibras.com\/site\/saude-sente-as-dores-do-planalto-e-fura-camisinha-da-globo-e-veja\/\"]}]},{\"@type\":\"ImageObject\",\"inLanguage\":\"pt-BR\",\"@id\":\"https:\/\/www.notibras.com\/site\/saude-sente-as-dores-do-planalto-e-fura-camisinha-da-globo-e-veja\/#primaryimage\",\"url\":\"https:\/\/www.notibras.com\/site\/wp-content\/uploads\/2015\/02\/camisinha.jpg\",\"contentUrl\":\"https:\/\/www.notibras.com\/site\/wp-content\/uploads\/2015\/02\/camisinha.jpg\",\"width\":405,\"height\":270},{\"@type\":\"BreadcrumbList\",\"@id\":\"https:\/\/www.notibras.com\/site\/saude-sente-as-dores-do-planalto-e-fura-camisinha-da-globo-e-veja\/#breadcrumb\",\"itemListElement\":[{\"@type\":\"ListItem\",\"position\":1,\"name\":\"In\u00edcio\",\"item\":\"https:\/\/www.notibras.com\/site\/\"},{\"@type\":\"ListItem\",\"position\":2,\"name\":\"Sa\u00fade sente as dores do Planalto e fura Globo e Veja com campanha da camisinha\"}]},{\"@type\":\"WebSite\",\"@id\":\"https:\/\/www.notibras.com\/site\/#website\",\"url\":\"https:\/\/www.notibras.com\/site\/\",\"name\":\"Notibras\",\"description\":\"Not\u00edcias de Bras\u00edlia, do Brasil e do Mundo\",\"publisher\":{\"@id\":\"https:\/\/www.notibras.com\/site\/#organization\"},\"potentialAction\":[{\"@type\":\"SearchAction\",\"target\":{\"@type\":\"EntryPoint\",\"urlTemplate\":\"https:\/\/www.notibras.com\/site\/?s={search_term_string}\"},\"query-input\":{\"@type\":\"PropertyValueSpecification\",\"valueRequired\":true,\"valueName\":\"search_term_string\"}}],\"inLanguage\":\"pt-BR\"},{\"@type\":\"Organization\",\"@id\":\"https:\/\/www.notibras.com\/site\/#organization\",\"name\":\"Grupo Notibras de Comunica\u00e7\u00e3o\",\"url\":\"https:\/\/www.notibras.com\/site\/\",\"logo\":{\"@type\":\"ImageObject\",\"inLanguage\":\"pt-BR\",\"@id\":\"https:\/\/www.notibras.com\/site\/#\/schema\/logo\/image\/\",\"url\":\"https:\/\/www.notibras.com\/site\/wp-content\/uploads\/2023\/01\/notibras23.png\",\"contentUrl\":\"https:\/\/www.notibras.com\/site\/wp-content\/uploads\/2023\/01\/notibras23.png\",\"width\":350,\"height\":87,\"caption\":\"Grupo Notibras de Comunica\u00e7\u00e3o\"},\"image\":{\"@id\":\"https:\/\/www.notibras.com\/site\/#\/schema\/logo\/image\/\"},\"sameAs\":[\"https:\/\/www.facebook.com\/notibras\/\",\"https:\/\/x.com\/Notibras\",\"https:\/\/www.instagram.com\/notibras\/\"]},{\"@type\":\"Person\",\"@id\":\"https:\/\/www.notibras.com\/site\/#\/schema\/person\/36ab0979449956132d3e5b517ea76ac8\",\"name\":\"Reda\u00e7\u00e3o\",\"image\":{\"@type\":\"ImageObject\",\"inLanguage\":\"pt-BR\",\"@id\":\"https:\/\/secure.gravatar.com\/avatar\/e0a867bdedb85fd243eadf09663511f96fc81e0720a4a42581f334ad4303aa6b?s=96&d=mm&r=g\",\"url\":\"https:\/\/secure.gravatar.com\/avatar\/e0a867bdedb85fd243eadf09663511f96fc81e0720a4a42581f334ad4303aa6b?s=96&d=mm&r=g\",\"contentUrl\":\"https:\/\/secure.gravatar.com\/avatar\/e0a867bdedb85fd243eadf09663511f96fc81e0720a4a42581f334ad4303aa6b?s=96&d=mm&r=g\",\"caption\":\"Reda\u00e7\u00e3o\"}}]}<\/script>\n<!-- \/ Yoast SEO plugin. -->","yoast_head_json":{"title":"Sa\u00fade sente as dores do Planalto e fura Globo e Veja com campanha da camisinha - Notibras","robots":{"index":"index","follow":"follow","max-snippet":"max-snippet:-1","max-image-preview":"max-image-preview:large","max-video-preview":"max-video-preview:-1"},"canonical":"https:\/\/www.notibras.com\/site\/saude-sente-as-dores-do-planalto-e-fura-camisinha-da-globo-e-veja\/","og_locale":"pt_BR","og_type":"article","og_title":"Sa\u00fade sente as dores do Planalto e fura Globo e Veja com campanha da camisinha - Notibras","og_description":"Pela primeira vez na hist\u00f3ria das campanhas publicit\u00e1rias para o uso de preservativos no Carnaval, os dois maiores ve\u00edculos de comunica\u00e7\u00e3o do Pa\u00eds em seus segmentos (a Globo, televis\u00e3o, e a Veja, revista impressa) n\u00e3o v\u00e3o ganhar uma fatia do bolo publicit\u00e1rio. A decis\u00e3o foi tomada por Bruno Botafogo, assessor de Publicidade do Minist\u00e9rio da [&hellip;]","og_url":"https:\/\/www.notibras.com\/site\/saude-sente-as-dores-do-planalto-e-fura-camisinha-da-globo-e-veja\/","og_site_name":"Notibras","article_publisher":"https:\/\/www.facebook.com\/notibras\/","article_published_time":"2015-02-03T01:09:26+00:00","article_modified_time":"2015-02-03T17:45:55+00:00","og_image":[{"width":405,"height":270,"url":"https:\/\/www.notibras.com\/site\/wp-content\/uploads\/2015\/02\/camisinha.jpg","type":"image\/jpeg"}],"author":"Reda\u00e7\u00e3o","twitter_card":"summary_large_image","twitter_creator":"@Notibras","twitter_site":"@Notibras","twitter_misc":{"Escrito por":"Reda\u00e7\u00e3o","Est. tempo de leitura":"1 minuto"},"schema":{"@context":"https:\/\/schema.org","@graph":[{"@type":"Article","@id":"https:\/\/www.notibras.com\/site\/saude-sente-as-dores-do-planalto-e-fura-camisinha-da-globo-e-veja\/#article","isPartOf":{"@id":"https:\/\/www.notibras.com\/site\/saude-sente-as-dores-do-planalto-e-fura-camisinha-da-globo-e-veja\/"},"author":{"name":"Reda\u00e7\u00e3o","@id":"https:\/\/www.notibras.com\/site\/#\/schema\/person\/36ab0979449956132d3e5b517ea76ac8"},"headline":"Sa\u00fade sente as dores do Planalto e fura Globo e Veja com campanha da camisinha","datePublished":"2015-02-03T01:09:26+00:00","dateModified":"2015-02-03T17:45:55+00:00","mainEntityOfPage":{"@id":"https:\/\/www.notibras.com\/site\/saude-sente-as-dores-do-planalto-e-fura-camisinha-da-globo-e-veja\/"},"wordCount":304,"commentCount":0,"publisher":{"@id":"https:\/\/www.notibras.com\/site\/#organization"},"image":{"@id":"https:\/\/www.notibras.com\/site\/saude-sente-as-dores-do-planalto-e-fura-camisinha-da-globo-e-veja\/#primaryimage"},"thumbnailUrl":"https:\/\/www.notibras.com\/site\/wp-content\/uploads\/2015\/02\/camisinha.jpg","articleSection":["Brasil"],"inLanguage":"pt-BR","potentialAction":[{"@type":"CommentAction","name":"Comment","target":["https:\/\/www.notibras.com\/site\/saude-sente-as-dores-do-planalto-e-fura-camisinha-da-globo-e-veja\/#respond"]}]},{"@type":"WebPage","@id":"https:\/\/www.notibras.com\/site\/saude-sente-as-dores-do-planalto-e-fura-camisinha-da-globo-e-veja\/","url":"https:\/\/www.notibras.com\/site\/saude-sente-as-dores-do-planalto-e-fura-camisinha-da-globo-e-veja\/","name":"Sa\u00fade sente as dores do Planalto e fura Globo e Veja com campanha da camisinha - Notibras","isPartOf":{"@id":"https:\/\/www.notibras.com\/site\/#website"},"primaryImageOfPage":{"@id":"https:\/\/www.notibras.com\/site\/saude-sente-as-dores-do-planalto-e-fura-camisinha-da-globo-e-veja\/#primaryimage"},"image":{"@id":"https:\/\/www.notibras.com\/site\/saude-sente-as-dores-do-planalto-e-fura-camisinha-da-globo-e-veja\/#primaryimage"},"thumbnailUrl":"https:\/\/www.notibras.com\/site\/wp-content\/uploads\/2015\/02\/camisinha.jpg","datePublished":"2015-02-03T01:09:26+00:00","dateModified":"2015-02-03T17:45:55+00:00","breadcrumb":{"@id":"https:\/\/www.notibras.com\/site\/saude-sente-as-dores-do-planalto-e-fura-camisinha-da-globo-e-veja\/#breadcrumb"},"inLanguage":"pt-BR","potentialAction":[{"@type":"ReadAction","target":["https:\/\/www.notibras.com\/site\/saude-sente-as-dores-do-planalto-e-fura-camisinha-da-globo-e-veja\/"]}]},{"@type":"ImageObject","inLanguage":"pt-BR","@id":"https:\/\/www.notibras.com\/site\/saude-sente-as-dores-do-planalto-e-fura-camisinha-da-globo-e-veja\/#primaryimage","url":"https:\/\/www.notibras.com\/site\/wp-content\/uploads\/2015\/02\/camisinha.jpg","contentUrl":"https:\/\/www.notibras.com\/site\/wp-content\/uploads\/2015\/02\/camisinha.jpg","width":405,"height":270},{"@type":"BreadcrumbList","@id":"https:\/\/www.notibras.com\/site\/saude-sente-as-dores-do-planalto-e-fura-camisinha-da-globo-e-veja\/#breadcrumb","itemListElement":[{"@type":"ListItem","position":1,"name":"In\u00edcio","item":"https:\/\/www.notibras.com\/site\/"},{"@type":"ListItem","position":2,"name":"Sa\u00fade sente as dores do Planalto e fura Globo e Veja com campanha da camisinha"}]},{"@type":"WebSite","@id":"https:\/\/www.notibras.com\/site\/#website","url":"https:\/\/www.notibras.com\/site\/","name":"Notibras","description":"Not\u00edcias de Bras\u00edlia, do Brasil e do Mundo","publisher":{"@id":"https:\/\/www.notibras.com\/site\/#organization"},"potentialAction":[{"@type":"SearchAction","target":{"@type":"EntryPoint","urlTemplate":"https:\/\/www.notibras.com\/site\/?s={search_term_string}"},"query-input":{"@type":"PropertyValueSpecification","valueRequired":true,"valueName":"search_term_string"}}],"inLanguage":"pt-BR"},{"@type":"Organization","@id":"https:\/\/www.notibras.com\/site\/#organization","name":"Grupo Notibras de Comunica\u00e7\u00e3o","url":"https:\/\/www.notibras.com\/site\/","logo":{"@type":"ImageObject","inLanguage":"pt-BR","@id":"https:\/\/www.notibras.com\/site\/#\/schema\/logo\/image\/","url":"https:\/\/www.notibras.com\/site\/wp-content\/uploads\/2023\/01\/notibras23.png","contentUrl":"https:\/\/www.notibras.com\/site\/wp-content\/uploads\/2023\/01\/notibras23.png","width":350,"height":87,"caption":"Grupo Notibras de Comunica\u00e7\u00e3o"},"image":{"@id":"https:\/\/www.notibras.com\/site\/#\/schema\/logo\/image\/"},"sameAs":["https:\/\/www.facebook.com\/notibras\/","https:\/\/x.com\/Notibras","https:\/\/www.instagram.com\/notibras\/"]},{"@type":"Person","@id":"https:\/\/www.notibras.com\/site\/#\/schema\/person\/36ab0979449956132d3e5b517ea76ac8","name":"Reda\u00e7\u00e3o","image":{"@type":"ImageObject","inLanguage":"pt-BR","@id":"https:\/\/secure.gravatar.com\/avatar\/e0a867bdedb85fd243eadf09663511f96fc81e0720a4a42581f334ad4303aa6b?s=96&d=mm&r=g","url":"https:\/\/secure.gravatar.com\/avatar\/e0a867bdedb85fd243eadf09663511f96fc81e0720a4a42581f334ad4303aa6b?s=96&d=mm&r=g","contentUrl":"https:\/\/secure.gravatar.com\/avatar\/e0a867bdedb85fd243eadf09663511f96fc81e0720a4a42581f334ad4303aa6b?s=96&d=mm&r=g","caption":"Reda\u00e7\u00e3o"}}]}},"amp_enabled":true,"_links":{"self":[{"href":"https:\/\/www.notibras.com\/site\/wp-json\/wp\/v2\/posts\/35800","targetHints":{"allow":["GET"]}}],"collection":[{"href":"https:\/\/www.notibras.com\/site\/wp-json\/wp\/v2\/posts"}],"about":[{"href":"https:\/\/www.notibras.com\/site\/wp-json\/wp\/v2\/types\/post"}],"author":[{"embeddable":true,"href":"https:\/\/www.notibras.com\/site\/wp-json\/wp\/v2\/users\/2"}],"replies":[{"embeddable":true,"href":"https:\/\/www.notibras.com\/site\/wp-json\/wp\/v2\/comments?post=35800"}],"version-history":[{"count":0,"href":"https:\/\/www.notibras.com\/site\/wp-json\/wp\/v2\/posts\/35800\/revisions"}],"wp:featuredmedia":[{"embeddable":true,"href":"https:\/\/www.notibras.com\/site\/wp-json\/wp\/v2\/media\/35801"}],"wp:attachment":[{"href":"https:\/\/www.notibras.com\/site\/wp-json\/wp\/v2\/media?parent=35800"}],"wp:term":[{"taxonomy":"category","embeddable":true,"href":"https:\/\/www.notibras.com\/site\/wp-json\/wp\/v2\/categories?post=35800"},{"taxonomy":"post_tag","embeddable":true,"href":"https:\/\/www.notibras.com\/site\/wp-json\/wp\/v2\/tags?post=35800"}],"curies":[{"name":"wp","href":"https:\/\/api.w.org\/{rel}","templated":true}]}}