{"id":35805,"date":"2015-02-02T22:59:32","date_gmt":"2015-02-03T01:59:32","guid":{"rendered":"http:\/\/www.notibras.com\/site\/?p=35805"},"modified":"2015-02-03T14:56:34","modified_gmt":"2015-02-03T17:56:34","slug":"se-nao-chover-estamos-perdidos-vamos-ter-apagao-no-meio-do-ano","status":"publish","type":"post","link":"https:\/\/www.notibras.com\/site\/se-nao-chover-estamos-perdidos-vamos-ter-apagao-no-meio-do-ano\/","title":{"rendered":"Sem chuva, onda de apag\u00f5es come\u00e7a a rondar as cidades"},"content":{"rendered":"<div class=\"content\">\n<p>O diretor do Instituto Luiz Alberto Coimbra de P\u00f3s-Gradua\u00e7\u00e3o e Pesquisa em Engenharia (Coppe), Luiz Pinguelli Rosa, avaliou que se n\u00e3o chover em quantidade satisfat\u00f3ria, algumas hidrel\u00e9tricas que geram energia para as regi\u00f5es Sudeste e Centro-Oeste s\u00f3 ter\u00e3o condi\u00e7\u00f5es de operar por mais um m\u00eas. O alerta foi feito em carta que o diretor encaminhou ao ministro de Minas e Energia, Eduardo Braga, e que inclui dados do estudo do diretor do Instituto de Desenvolvimento do Setor Energ\u00e9tico (Ilumina), Roberto D&#8217;Araujo.<\/p>\n<p>\u201cSe n\u00e3o chover, estamos perdidos. Se chover 50% da m\u00e9dia [tradicional], vamos ter racionamento no meio do ano, porque o per\u00edodo de seca come\u00e7a em abril. \u00c9 mais do que urgente come\u00e7ar alguma coisa. Todas as medidas que est\u00e3o sendo tomadas est\u00e3o corretas, mas com um grande atraso\u201d, revelou. No trabalho da Ilumina, D&#8217;Araujo indica que a situa\u00e7\u00e3o h\u00eddrica do pa\u00eds \u00e9 bastante severa, mas n\u00e3o \u00e9 in\u00e9dita. Aponta ainda que o caso mais grave \u00e9 o do Rio S\u00e3o Francisco, que registra \u00edndices declinantes h\u00e1 mais de dez anos.<\/p>\n<p>A an\u00e1lise foi apresentada no semin\u00e1rio A Crise H\u00eddrica e a Gera\u00e7\u00e3o de Energia El\u00e9trica\u201d, coordenado pela Coppe com especialistas do setor, no <em>campus<\/em> da Universidade Federal do Rio de Janeiro, no Fund\u00e3o, zona norte do Rio de Janeiro. Os dois especialistas defenderam a ado\u00e7\u00e3o, pelo governo, de uma campanha de esclarecimento da popula\u00e7\u00e3o sobre o uso racional de energia e \u00e1gua. \u201c\u00c9 igual campanha de vacina\u00e7\u00e3o de sa\u00fade p\u00fablica contra a dengue. Tem que ter uma campanha para economizar energia e \u00e1gua. O governo tem que educar e estabelecer regras. No momento \u00e9 a solu\u00e7\u00e3o. S\u00e3o Pedro n\u00e3o tem nada a ver com isso\u201d, disse D&#8217;Araujo.<\/p>\n<blockquote><p>Na avalia\u00e7\u00e3o do diretor do Ilumina, o setor el\u00e9trico precisa passar tamb\u00e9m por uma reformula\u00e7\u00e3o. \u201cO crit\u00e9rio de opera\u00e7\u00e3o tem que mudar. Precisamos rever os certificados de garantia dados a cada usina. No passado t\u00ednhamos reservat\u00f3rios que eram capazes de guardar \u00e1gua equivalente ao consumo de dois anos. N\u00f3s n\u00e3o temos mais, e a carga foi subindo. A maneira de operar os reservat\u00f3rios tem que ser alterada, e os certificados definidos no passado t\u00eam que ser mudados, porque o crit\u00e9rio mudou. O problema \u00e9 que a gente botou valores fixos para cada usina, dependente de um crit\u00e9rio de opera\u00e7\u00e3o, e ele mudou\u201d, disse ele.<\/p><\/blockquote>\n<p>Segundo D&#8217;Araujo, o governo deveria tamb\u00e9m incentivar o uso de l\u00e2mpadas de <em>led<\/em>, que al\u00e9m de gastarem menos energia, esquentam menos o ambiente, e reduzir os impostos para a instala\u00e7\u00e3o e aquisi\u00e7\u00e3o de placas de energia, incluindo os tributos sobre a utiliza\u00e7\u00e3o de\u00a0 energia solar. \u201cEsse incentivo transforma o consumidor em uma esp\u00e9cie de investidor do setor el\u00e9trico. Telhados com placas solares, o pre\u00e7o no Brasil \u00e9 proibitivo, porque as placas pagam imposto, e ao se produzir a energia e n\u00e3o usar, fica com o saldo na Light, mas se consumir de volta, paga ICMS. \u00c9 um neg\u00f3cio inacredit\u00e1vel. \u00c9 como se voc\u00ea produzisse tomate no seu jardim e na hora de consumir tivesse que pagar ICMS\u201d, completou, informando que a\u00e7\u00f5es como estas favoreceriam um sistema mais eficaz. \u201cEst\u00e1 tudo atrasado\u201d, salientou.<\/p>\n<\/div>\n","protected":false},"excerpt":{"rendered":"<p>O diretor do Instituto Luiz Alberto Coimbra de P\u00f3s-Gradua\u00e7\u00e3o e Pesquisa em Engenharia (Coppe), Luiz Pinguelli Rosa, avaliou que se n\u00e3o chover em quantidade satisfat\u00f3ria, algumas hidrel\u00e9tricas que geram energia para as regi\u00f5es Sudeste e Centro-Oeste s\u00f3 ter\u00e3o condi\u00e7\u00f5es de operar por mais um m\u00eas. O alerta foi feito em carta que o diretor encaminhou [&hellip;]<\/p>\n","protected":false},"author":2,"featured_media":35806,"comment_status":"open","ping_status":"closed","sticky":false,"template":"","format":"standard","meta":{"_acf_changed":false,"footnotes":""},"categories":[16],"tags":[],"class_list":["post-35805","post","type-post","status-publish","format-standard","has-post-thumbnail","hentry","category-brasil"],"acf":[],"yoast_head":"<!-- This site is optimized with the Yoast SEO plugin v27.2 - https:\/\/yoast.com\/product\/yoast-seo-wordpress\/ -->\n<title>Sem chuva, onda de apag\u00f5es come\u00e7a a rondar as cidades - Notibras<\/title>\n<meta name=\"robots\" content=\"index, follow, max-snippet:-1, max-image-preview:large, max-video-preview:-1\" \/>\n<link rel=\"canonical\" href=\"https:\/\/www.notibras.com\/site\/se-nao-chover-estamos-perdidos-vamos-ter-apagao-no-meio-do-ano\/\" \/>\n<meta property=\"og:locale\" content=\"pt_BR\" \/>\n<meta property=\"og:type\" content=\"article\" \/>\n<meta property=\"og:title\" content=\"Sem chuva, onda de apag\u00f5es come\u00e7a a rondar as cidades - Notibras\" \/>\n<meta property=\"og:description\" content=\"O diretor do Instituto Luiz Alberto Coimbra de P\u00f3s-Gradua\u00e7\u00e3o e Pesquisa em Engenharia (Coppe), Luiz Pinguelli Rosa, avaliou que se n\u00e3o chover em quantidade satisfat\u00f3ria, algumas hidrel\u00e9tricas que geram energia para as regi\u00f5es Sudeste e Centro-Oeste s\u00f3 ter\u00e3o condi\u00e7\u00f5es de operar por mais um m\u00eas. O alerta foi feito em carta que o diretor encaminhou [&hellip;]\" \/>\n<meta property=\"og:url\" content=\"https:\/\/www.notibras.com\/site\/se-nao-chover-estamos-perdidos-vamos-ter-apagao-no-meio-do-ano\/\" \/>\n<meta property=\"og:site_name\" content=\"Notibras\" \/>\n<meta property=\"article:publisher\" content=\"https:\/\/www.facebook.com\/notibras\/\" \/>\n<meta property=\"article:published_time\" content=\"2015-02-03T01:59:32+00:00\" \/>\n<meta property=\"article:modified_time\" content=\"2015-02-03T17:56:34+00:00\" \/>\n<meta property=\"og:image\" content=\"https:\/\/www.notibras.com\/site\/wp-content\/uploads\/2015\/02\/03292658300.jpg\" \/>\n\t<meta property=\"og:image:width\" content=\"595\" \/>\n\t<meta property=\"og:image:height\" content=\"424\" \/>\n\t<meta property=\"og:image:type\" content=\"image\/jpeg\" \/>\n<meta name=\"author\" content=\"Reda\u00e7\u00e3o\" \/>\n<meta name=\"twitter:card\" content=\"summary_large_image\" \/>\n<meta name=\"twitter:creator\" content=\"@Notibras\" \/>\n<meta name=\"twitter:site\" content=\"@Notibras\" \/>\n<meta name=\"twitter:label1\" content=\"Escrito por\" \/>\n\t<meta name=\"twitter:data1\" content=\"Reda\u00e7\u00e3o\" \/>\n\t<meta name=\"twitter:label2\" content=\"Est. tempo de leitura\" \/>\n\t<meta name=\"twitter:data2\" content=\"3 minutos\" \/>\n<script type=\"application\/ld+json\" class=\"yoast-schema-graph\">{\"@context\":\"https:\/\/schema.org\",\"@graph\":[{\"@type\":\"Article\",\"@id\":\"https:\/\/www.notibras.com\/site\/se-nao-chover-estamos-perdidos-vamos-ter-apagao-no-meio-do-ano\/#article\",\"isPartOf\":{\"@id\":\"https:\/\/www.notibras.com\/site\/se-nao-chover-estamos-perdidos-vamos-ter-apagao-no-meio-do-ano\/\"},\"author\":{\"name\":\"Reda\u00e7\u00e3o\",\"@id\":\"https:\/\/www.notibras.com\/site\/#\/schema\/person\/36ab0979449956132d3e5b517ea76ac8\"},\"headline\":\"Sem chuva, onda de apag\u00f5es come\u00e7a a rondar as cidades\",\"datePublished\":\"2015-02-03T01:59:32+00:00\",\"dateModified\":\"2015-02-03T17:56:34+00:00\",\"mainEntityOfPage\":{\"@id\":\"https:\/\/www.notibras.com\/site\/se-nao-chover-estamos-perdidos-vamos-ter-apagao-no-meio-do-ano\/\"},\"wordCount\":580,\"commentCount\":0,\"publisher\":{\"@id\":\"https:\/\/www.notibras.com\/site\/#organization\"},\"image\":{\"@id\":\"https:\/\/www.notibras.com\/site\/se-nao-chover-estamos-perdidos-vamos-ter-apagao-no-meio-do-ano\/#primaryimage\"},\"thumbnailUrl\":\"https:\/\/www.notibras.com\/site\/wp-content\/uploads\/2015\/02\/03292658300.jpg\",\"articleSection\":[\"Brasil\"],\"inLanguage\":\"pt-BR\",\"potentialAction\":[{\"@type\":\"CommentAction\",\"name\":\"Comment\",\"target\":[\"https:\/\/www.notibras.com\/site\/se-nao-chover-estamos-perdidos-vamos-ter-apagao-no-meio-do-ano\/#respond\"]}]},{\"@type\":\"WebPage\",\"@id\":\"https:\/\/www.notibras.com\/site\/se-nao-chover-estamos-perdidos-vamos-ter-apagao-no-meio-do-ano\/\",\"url\":\"https:\/\/www.notibras.com\/site\/se-nao-chover-estamos-perdidos-vamos-ter-apagao-no-meio-do-ano\/\",\"name\":\"Sem chuva, onda de apag\u00f5es come\u00e7a a rondar as cidades - Notibras\",\"isPartOf\":{\"@id\":\"https:\/\/www.notibras.com\/site\/#website\"},\"primaryImageOfPage\":{\"@id\":\"https:\/\/www.notibras.com\/site\/se-nao-chover-estamos-perdidos-vamos-ter-apagao-no-meio-do-ano\/#primaryimage\"},\"image\":{\"@id\":\"https:\/\/www.notibras.com\/site\/se-nao-chover-estamos-perdidos-vamos-ter-apagao-no-meio-do-ano\/#primaryimage\"},\"thumbnailUrl\":\"https:\/\/www.notibras.com\/site\/wp-content\/uploads\/2015\/02\/03292658300.jpg\",\"datePublished\":\"2015-02-03T01:59:32+00:00\",\"dateModified\":\"2015-02-03T17:56:34+00:00\",\"breadcrumb\":{\"@id\":\"https:\/\/www.notibras.com\/site\/se-nao-chover-estamos-perdidos-vamos-ter-apagao-no-meio-do-ano\/#breadcrumb\"},\"inLanguage\":\"pt-BR\",\"potentialAction\":[{\"@type\":\"ReadAction\",\"target\":[\"https:\/\/www.notibras.com\/site\/se-nao-chover-estamos-perdidos-vamos-ter-apagao-no-meio-do-ano\/\"]}]},{\"@type\":\"ImageObject\",\"inLanguage\":\"pt-BR\",\"@id\":\"https:\/\/www.notibras.com\/site\/se-nao-chover-estamos-perdidos-vamos-ter-apagao-no-meio-do-ano\/#primaryimage\",\"url\":\"https:\/\/www.notibras.com\/site\/wp-content\/uploads\/2015\/02\/03292658300.jpg\",\"contentUrl\":\"https:\/\/www.notibras.com\/site\/wp-content\/uploads\/2015\/02\/03292658300.jpg\",\"width\":595,\"height\":424},{\"@type\":\"BreadcrumbList\",\"@id\":\"https:\/\/www.notibras.com\/site\/se-nao-chover-estamos-perdidos-vamos-ter-apagao-no-meio-do-ano\/#breadcrumb\",\"itemListElement\":[{\"@type\":\"ListItem\",\"position\":1,\"name\":\"In\u00edcio\",\"item\":\"https:\/\/www.notibras.com\/site\/\"},{\"@type\":\"ListItem\",\"position\":2,\"name\":\"Sem chuva, onda de apag\u00f5es come\u00e7a a rondar as cidades\"}]},{\"@type\":\"WebSite\",\"@id\":\"https:\/\/www.notibras.com\/site\/#website\",\"url\":\"https:\/\/www.notibras.com\/site\/\",\"name\":\"Notibras\",\"description\":\"Not\u00edcias de Bras\u00edlia, do Brasil e do Mundo\",\"publisher\":{\"@id\":\"https:\/\/www.notibras.com\/site\/#organization\"},\"potentialAction\":[{\"@type\":\"SearchAction\",\"target\":{\"@type\":\"EntryPoint\",\"urlTemplate\":\"https:\/\/www.notibras.com\/site\/?s={search_term_string}\"},\"query-input\":{\"@type\":\"PropertyValueSpecification\",\"valueRequired\":true,\"valueName\":\"search_term_string\"}}],\"inLanguage\":\"pt-BR\"},{\"@type\":\"Organization\",\"@id\":\"https:\/\/www.notibras.com\/site\/#organization\",\"name\":\"Grupo Notibras de Comunica\u00e7\u00e3o\",\"url\":\"https:\/\/www.notibras.com\/site\/\",\"logo\":{\"@type\":\"ImageObject\",\"inLanguage\":\"pt-BR\",\"@id\":\"https:\/\/www.notibras.com\/site\/#\/schema\/logo\/image\/\",\"url\":\"https:\/\/www.notibras.com\/site\/wp-content\/uploads\/2023\/01\/notibras23.png\",\"contentUrl\":\"https:\/\/www.notibras.com\/site\/wp-content\/uploads\/2023\/01\/notibras23.png\",\"width\":350,\"height\":87,\"caption\":\"Grupo Notibras de Comunica\u00e7\u00e3o\"},\"image\":{\"@id\":\"https:\/\/www.notibras.com\/site\/#\/schema\/logo\/image\/\"},\"sameAs\":[\"https:\/\/www.facebook.com\/notibras\/\",\"https:\/\/x.com\/Notibras\",\"https:\/\/www.instagram.com\/notibras\/\"]},{\"@type\":\"Person\",\"@id\":\"https:\/\/www.notibras.com\/site\/#\/schema\/person\/36ab0979449956132d3e5b517ea76ac8\",\"name\":\"Reda\u00e7\u00e3o\",\"image\":{\"@type\":\"ImageObject\",\"inLanguage\":\"pt-BR\",\"@id\":\"https:\/\/secure.gravatar.com\/avatar\/e0a867bdedb85fd243eadf09663511f96fc81e0720a4a42581f334ad4303aa6b?s=96&d=mm&r=g\",\"url\":\"https:\/\/secure.gravatar.com\/avatar\/e0a867bdedb85fd243eadf09663511f96fc81e0720a4a42581f334ad4303aa6b?s=96&d=mm&r=g\",\"contentUrl\":\"https:\/\/secure.gravatar.com\/avatar\/e0a867bdedb85fd243eadf09663511f96fc81e0720a4a42581f334ad4303aa6b?s=96&d=mm&r=g\",\"caption\":\"Reda\u00e7\u00e3o\"}}]}<\/script>\n<!-- \/ Yoast SEO plugin. -->","yoast_head_json":{"title":"Sem chuva, onda de apag\u00f5es come\u00e7a a rondar as cidades - Notibras","robots":{"index":"index","follow":"follow","max-snippet":"max-snippet:-1","max-image-preview":"max-image-preview:large","max-video-preview":"max-video-preview:-1"},"canonical":"https:\/\/www.notibras.com\/site\/se-nao-chover-estamos-perdidos-vamos-ter-apagao-no-meio-do-ano\/","og_locale":"pt_BR","og_type":"article","og_title":"Sem chuva, onda de apag\u00f5es come\u00e7a a rondar as cidades - Notibras","og_description":"O diretor do Instituto Luiz Alberto Coimbra de P\u00f3s-Gradua\u00e7\u00e3o e Pesquisa em Engenharia (Coppe), Luiz Pinguelli Rosa, avaliou que se n\u00e3o chover em quantidade satisfat\u00f3ria, algumas hidrel\u00e9tricas que geram energia para as regi\u00f5es Sudeste e Centro-Oeste s\u00f3 ter\u00e3o condi\u00e7\u00f5es de operar por mais um m\u00eas. O alerta foi feito em carta que o diretor encaminhou [&hellip;]","og_url":"https:\/\/www.notibras.com\/site\/se-nao-chover-estamos-perdidos-vamos-ter-apagao-no-meio-do-ano\/","og_site_name":"Notibras","article_publisher":"https:\/\/www.facebook.com\/notibras\/","article_published_time":"2015-02-03T01:59:32+00:00","article_modified_time":"2015-02-03T17:56:34+00:00","og_image":[{"width":595,"height":424,"url":"https:\/\/www.notibras.com\/site\/wp-content\/uploads\/2015\/02\/03292658300.jpg","type":"image\/jpeg"}],"author":"Reda\u00e7\u00e3o","twitter_card":"summary_large_image","twitter_creator":"@Notibras","twitter_site":"@Notibras","twitter_misc":{"Escrito por":"Reda\u00e7\u00e3o","Est. tempo de leitura":"3 minutos"},"schema":{"@context":"https:\/\/schema.org","@graph":[{"@type":"Article","@id":"https:\/\/www.notibras.com\/site\/se-nao-chover-estamos-perdidos-vamos-ter-apagao-no-meio-do-ano\/#article","isPartOf":{"@id":"https:\/\/www.notibras.com\/site\/se-nao-chover-estamos-perdidos-vamos-ter-apagao-no-meio-do-ano\/"},"author":{"name":"Reda\u00e7\u00e3o","@id":"https:\/\/www.notibras.com\/site\/#\/schema\/person\/36ab0979449956132d3e5b517ea76ac8"},"headline":"Sem chuva, onda de apag\u00f5es come\u00e7a a rondar as cidades","datePublished":"2015-02-03T01:59:32+00:00","dateModified":"2015-02-03T17:56:34+00:00","mainEntityOfPage":{"@id":"https:\/\/www.notibras.com\/site\/se-nao-chover-estamos-perdidos-vamos-ter-apagao-no-meio-do-ano\/"},"wordCount":580,"commentCount":0,"publisher":{"@id":"https:\/\/www.notibras.com\/site\/#organization"},"image":{"@id":"https:\/\/www.notibras.com\/site\/se-nao-chover-estamos-perdidos-vamos-ter-apagao-no-meio-do-ano\/#primaryimage"},"thumbnailUrl":"https:\/\/www.notibras.com\/site\/wp-content\/uploads\/2015\/02\/03292658300.jpg","articleSection":["Brasil"],"inLanguage":"pt-BR","potentialAction":[{"@type":"CommentAction","name":"Comment","target":["https:\/\/www.notibras.com\/site\/se-nao-chover-estamos-perdidos-vamos-ter-apagao-no-meio-do-ano\/#respond"]}]},{"@type":"WebPage","@id":"https:\/\/www.notibras.com\/site\/se-nao-chover-estamos-perdidos-vamos-ter-apagao-no-meio-do-ano\/","url":"https:\/\/www.notibras.com\/site\/se-nao-chover-estamos-perdidos-vamos-ter-apagao-no-meio-do-ano\/","name":"Sem chuva, onda de apag\u00f5es come\u00e7a a rondar as cidades - Notibras","isPartOf":{"@id":"https:\/\/www.notibras.com\/site\/#website"},"primaryImageOfPage":{"@id":"https:\/\/www.notibras.com\/site\/se-nao-chover-estamos-perdidos-vamos-ter-apagao-no-meio-do-ano\/#primaryimage"},"image":{"@id":"https:\/\/www.notibras.com\/site\/se-nao-chover-estamos-perdidos-vamos-ter-apagao-no-meio-do-ano\/#primaryimage"},"thumbnailUrl":"https:\/\/www.notibras.com\/site\/wp-content\/uploads\/2015\/02\/03292658300.jpg","datePublished":"2015-02-03T01:59:32+00:00","dateModified":"2015-02-03T17:56:34+00:00","breadcrumb":{"@id":"https:\/\/www.notibras.com\/site\/se-nao-chover-estamos-perdidos-vamos-ter-apagao-no-meio-do-ano\/#breadcrumb"},"inLanguage":"pt-BR","potentialAction":[{"@type":"ReadAction","target":["https:\/\/www.notibras.com\/site\/se-nao-chover-estamos-perdidos-vamos-ter-apagao-no-meio-do-ano\/"]}]},{"@type":"ImageObject","inLanguage":"pt-BR","@id":"https:\/\/www.notibras.com\/site\/se-nao-chover-estamos-perdidos-vamos-ter-apagao-no-meio-do-ano\/#primaryimage","url":"https:\/\/www.notibras.com\/site\/wp-content\/uploads\/2015\/02\/03292658300.jpg","contentUrl":"https:\/\/www.notibras.com\/site\/wp-content\/uploads\/2015\/02\/03292658300.jpg","width":595,"height":424},{"@type":"BreadcrumbList","@id":"https:\/\/www.notibras.com\/site\/se-nao-chover-estamos-perdidos-vamos-ter-apagao-no-meio-do-ano\/#breadcrumb","itemListElement":[{"@type":"ListItem","position":1,"name":"In\u00edcio","item":"https:\/\/www.notibras.com\/site\/"},{"@type":"ListItem","position":2,"name":"Sem chuva, onda de apag\u00f5es come\u00e7a a rondar as cidades"}]},{"@type":"WebSite","@id":"https:\/\/www.notibras.com\/site\/#website","url":"https:\/\/www.notibras.com\/site\/","name":"Notibras","description":"Not\u00edcias de Bras\u00edlia, do Brasil e do Mundo","publisher":{"@id":"https:\/\/www.notibras.com\/site\/#organization"},"potentialAction":[{"@type":"SearchAction","target":{"@type":"EntryPoint","urlTemplate":"https:\/\/www.notibras.com\/site\/?s={search_term_string}"},"query-input":{"@type":"PropertyValueSpecification","valueRequired":true,"valueName":"search_term_string"}}],"inLanguage":"pt-BR"},{"@type":"Organization","@id":"https:\/\/www.notibras.com\/site\/#organization","name":"Grupo Notibras de Comunica\u00e7\u00e3o","url":"https:\/\/www.notibras.com\/site\/","logo":{"@type":"ImageObject","inLanguage":"pt-BR","@id":"https:\/\/www.notibras.com\/site\/#\/schema\/logo\/image\/","url":"https:\/\/www.notibras.com\/site\/wp-content\/uploads\/2023\/01\/notibras23.png","contentUrl":"https:\/\/www.notibras.com\/site\/wp-content\/uploads\/2023\/01\/notibras23.png","width":350,"height":87,"caption":"Grupo Notibras de Comunica\u00e7\u00e3o"},"image":{"@id":"https:\/\/www.notibras.com\/site\/#\/schema\/logo\/image\/"},"sameAs":["https:\/\/www.facebook.com\/notibras\/","https:\/\/x.com\/Notibras","https:\/\/www.instagram.com\/notibras\/"]},{"@type":"Person","@id":"https:\/\/www.notibras.com\/site\/#\/schema\/person\/36ab0979449956132d3e5b517ea76ac8","name":"Reda\u00e7\u00e3o","image":{"@type":"ImageObject","inLanguage":"pt-BR","@id":"https:\/\/secure.gravatar.com\/avatar\/e0a867bdedb85fd243eadf09663511f96fc81e0720a4a42581f334ad4303aa6b?s=96&d=mm&r=g","url":"https:\/\/secure.gravatar.com\/avatar\/e0a867bdedb85fd243eadf09663511f96fc81e0720a4a42581f334ad4303aa6b?s=96&d=mm&r=g","contentUrl":"https:\/\/secure.gravatar.com\/avatar\/e0a867bdedb85fd243eadf09663511f96fc81e0720a4a42581f334ad4303aa6b?s=96&d=mm&r=g","caption":"Reda\u00e7\u00e3o"}}]}},"amp_enabled":true,"_links":{"self":[{"href":"https:\/\/www.notibras.com\/site\/wp-json\/wp\/v2\/posts\/35805","targetHints":{"allow":["GET"]}}],"collection":[{"href":"https:\/\/www.notibras.com\/site\/wp-json\/wp\/v2\/posts"}],"about":[{"href":"https:\/\/www.notibras.com\/site\/wp-json\/wp\/v2\/types\/post"}],"author":[{"embeddable":true,"href":"https:\/\/www.notibras.com\/site\/wp-json\/wp\/v2\/users\/2"}],"replies":[{"embeddable":true,"href":"https:\/\/www.notibras.com\/site\/wp-json\/wp\/v2\/comments?post=35805"}],"version-history":[{"count":0,"href":"https:\/\/www.notibras.com\/site\/wp-json\/wp\/v2\/posts\/35805\/revisions"}],"wp:featuredmedia":[{"embeddable":true,"href":"https:\/\/www.notibras.com\/site\/wp-json\/wp\/v2\/media\/35806"}],"wp:attachment":[{"href":"https:\/\/www.notibras.com\/site\/wp-json\/wp\/v2\/media?parent=35805"}],"wp:term":[{"taxonomy":"category","embeddable":true,"href":"https:\/\/www.notibras.com\/site\/wp-json\/wp\/v2\/categories?post=35805"},{"taxonomy":"post_tag","embeddable":true,"href":"https:\/\/www.notibras.com\/site\/wp-json\/wp\/v2\/tags?post=35805"}],"curies":[{"name":"wp","href":"https:\/\/api.w.org\/{rel}","templated":true}]}}