{"id":358057,"date":"2025-07-13T09:17:16","date_gmt":"2025-07-13T12:17:16","guid":{"rendered":"https:\/\/www.notibras.com\/site\/?p=358057"},"modified":"2025-07-13T10:19:59","modified_gmt":"2025-07-13T13:19:59","slug":"monstros-coloridos-de-barro-de-pernambuco-invadem-a-barra-da-tijuca","status":"publish","type":"post","link":"https:\/\/www.notibras.com\/site\/monstros-coloridos-de-barro-de-pernambuco-invadem-a-barra-da-tijuca\/","title":{"rendered":"Monstros coloridos de barro de Pernambuco invadem a Barra da Tijuca"},"content":{"rendered":"<p><!--StartFragment --><\/p>\n<p class=\"pf0\"><span class=\"cf0\">O Museu do Pontal, na Barra da Tijuca, no Rio de Janeiro, inaugurou neste s\u00e1bado (12) a exposi\u00e7\u00e3o Ratinho e seus monstros de barro. O artista pernambucano Rafael Costa Pereira, conhecido como Ratinho, apresenta um conjunto de esculturas coloridas e, porque n\u00e3o, divertidamente assustadoras.<\/span><\/p>\n<p class=\"pf0\"><span class=\"cf0\">Natural de Caruaru, Ratinho (foto em destaque) fixou resid\u00eancia no bairro Alto do Moura da cidade pernambucana e re\u00fane inspira\u00e7\u00f5es de grandes mestres da arte da regi\u00e3o, como Mestre Vitalino, Galdino e Z\u00e9 Caboclo.<\/span><\/p>\n<p class=\"pf0\"><span class=\"cf0\">A galeria principal do museu vai expor 17 esculturas de Ratinho at\u00e9 7 de setembro deste ano. A classifica\u00e7\u00e3o da exposi\u00e7\u00e3o \u00e9 livre e a entrada \u00e9 gratuita.<\/span><\/p>\n<p class=\"pf0\"><span class=\"cf0\">\u201cIsso \u00e9 o que me deixa vivo: a minha fam\u00edlia e a minha arte. Enquanto eu estiver na Terra, \u00e9 o que vou fazer. Trabalho no barro todos os dias\u201d, diz Ratinho.<\/span><\/p>\n<p class=\"pf0\"><span class=\"cf0\">Apesar de j\u00e1 ter exposto esculturas em outras partes do Brasil e do exterior, \u00e9 a primeira mostra individual do pernambucano em um museu de arte. Ele participou de um bate-papo com o p\u00fablico e os curadores e diretores da institui\u00e7\u00e3o, <\/span><span class=\"cf0\">Angela<\/span> <span class=\"cf0\">Mascelani<\/span><span class=\"cf0\"> e Lucas Van de <\/span><span class=\"cf0\">Beuque<\/span><span class=\"cf0\">.<\/span><\/p>\n<p class=\"pf0\"><span class=\"cf0\">\u201cAs obras de Ratinho v\u00e3o dialogar com o acervo de Mestre Galdino que est\u00e3o na sala ao lado, na mostra Po\u00e9ticas da Cria\u00e7\u00e3o. Embora as produ\u00e7\u00f5es e os artistas tenham perspectivas muito diferentes, essa proximidade permitir\u00e1 ao p\u00fablico entender essas influ\u00eancias. Ratinho se inspira na produ\u00e7\u00e3o escult\u00f3rica do Alto do Moura, buscando seu pr\u00f3prio caminho, usando refer\u00eancias do cinema, da cultura de massa, cores vibrantes e incluindo materiais como ossos bovinos e dentes caprinos\u201d, detalhou <\/span><span class=\"cf0\">Angela<\/span> <span class=\"cf0\">Mascelani<\/span><span class=\"cf0\">.<\/span><\/p>\n<p class=\"pf0\"><span class=\"cf0\">\u201c\u00c9 uma oportunidade de o p\u00fablico acompanhar a atual cena art\u00edstica brasileira num territ\u00f3rio muito potente para as artes que \u00e9 Caruaru. O Alto do Moura revelou grandes artistas como Mestre Vitalino, Galdino e Luiz Ant\u00f4nio. Esse \u00faltimo segue produzindo aos 90 anos. O trabalho de Ratinho \u00e9 um exemplo dos caminhos trilhados pelas novas gera\u00e7\u00f5es de artistas na regi\u00e3o\u201d, contextualizou Lucas Van de <\/span><span class=\"cf0\">Beuque<\/span><span class=\"cf0\">.<\/span><\/p>\n<p><span class=\"cf0\">A exposi\u00e7\u00e3o \u00e9 resultado do Programa de Pesquisas desenvolvido pelo Museu do Pontal. H\u00e1 mais de 20 anos, a dire\u00e7\u00e3o da institui\u00e7\u00e3o faz pesquisas em regi\u00f5es que v\u00eam se destacando na produ\u00e7\u00e3o art\u00edstica popular. \u00c9 uma tradi\u00e7\u00e3o que come\u00e7ou em 1970 com Jacques Van de <\/span><span class=\"cf0\">Beuque<\/span><span class=\"cf0\">, cuja cole\u00e7\u00e3o deu origem ao Museu do Pontal. Em 2010, quando Mestre Vitalino completaria 100 anos, foi feita uma pesquisa mais aprofundada com os artistas locais. <\/span><\/p>\n<p><!--EndFragment --><\/p>\n","protected":false},"excerpt":{"rendered":"<p>O Museu do Pontal, na Barra da Tijuca, no Rio de Janeiro, inaugurou neste s\u00e1bado (12) a exposi\u00e7\u00e3o Ratinho e seus monstros de barro. O artista pernambucano Rafael Costa Pereira, conhecido como Ratinho, apresenta um conjunto de esculturas coloridas e, porque n\u00e3o, divertidamente assustadoras. Natural de Caruaru, Ratinho (foto em destaque) fixou resid\u00eancia no bairro [&hellip;]<\/p>\n","protected":false},"author":2,"featured_media":358060,"comment_status":"closed","ping_status":"closed","sticky":false,"template":"","format":"standard","meta":{"_acf_changed":false,"footnotes":""},"categories":[165],"tags":[],"class_list":["post-358057","post","type-post","status-publish","format-standard","has-post-thumbnail","hentry","category-nordeste"],"acf":[],"_links":{"self":[{"href":"https:\/\/www.notibras.com\/site\/wp-json\/wp\/v2\/posts\/358057","targetHints":{"allow":["GET"]}}],"collection":[{"href":"https:\/\/www.notibras.com\/site\/wp-json\/wp\/v2\/posts"}],"about":[{"href":"https:\/\/www.notibras.com\/site\/wp-json\/wp\/v2\/types\/post"}],"author":[{"embeddable":true,"href":"https:\/\/www.notibras.com\/site\/wp-json\/wp\/v2\/users\/2"}],"replies":[{"embeddable":true,"href":"https:\/\/www.notibras.com\/site\/wp-json\/wp\/v2\/comments?post=358057"}],"version-history":[{"count":1,"href":"https:\/\/www.notibras.com\/site\/wp-json\/wp\/v2\/posts\/358057\/revisions"}],"predecessor-version":[{"id":358059,"href":"https:\/\/www.notibras.com\/site\/wp-json\/wp\/v2\/posts\/358057\/revisions\/358059"}],"wp:featuredmedia":[{"embeddable":true,"href":"https:\/\/www.notibras.com\/site\/wp-json\/wp\/v2\/media\/358060"}],"wp:attachment":[{"href":"https:\/\/www.notibras.com\/site\/wp-json\/wp\/v2\/media?parent=358057"}],"wp:term":[{"taxonomy":"category","embeddable":true,"href":"https:\/\/www.notibras.com\/site\/wp-json\/wp\/v2\/categories?post=358057"},{"taxonomy":"post_tag","embeddable":true,"href":"https:\/\/www.notibras.com\/site\/wp-json\/wp\/v2\/tags?post=358057"}],"curies":[{"name":"wp","href":"https:\/\/api.w.org\/{rel}","templated":true}]}}