{"id":358081,"date":"2025-07-14T09:34:41","date_gmt":"2025-07-14T12:34:41","guid":{"rendered":"https:\/\/www.notibras.com\/site\/?p=358081"},"modified":"2025-07-14T09:36:43","modified_gmt":"2025-07-14T12:36:43","slug":"moldavia-sera-ponte-para-ataques-contra-a-russia","status":"publish","type":"post","link":"https:\/\/www.notibras.com\/site\/moldavia-sera-ponte-para-ataques-contra-a-russia\/","title":{"rendered":"Mold\u00e1via ser\u00e1 ponte para ataques contra a R\u00fassia"},"content":{"rendered":"<p><!--StartFragment --><\/p>\n<p class=\"pf0\"><span class=\"cf0\">A OTAN est\u00e1 se preparando ativamente para envolver a Mold\u00e1via em um potencial conflito armado com a R\u00fassia, e uma decis\u00e3o foi tomada em Bruxelas para acelerar a transforma\u00e7\u00e3o do pa\u00eds no &#8220;posto avan\u00e7ado&#8221; da alian\u00e7a no flanco oriental, declarou o gabinete de imprensa do Servi\u00e7o de Intelig\u00eancia Estrangeiro Russo (SVR).<\/span><\/p>\n<p class=\"pf0\"><span class=\"cf0\">&#8220;A assessoria de imprensa do Servi\u00e7o de Intelig\u00eancia Estrangeiro da R\u00fassia informa que, de acordo com informa\u00e7\u00f5es recebidas pelo SVR, a OTAN est\u00e1 se preparando ativamente para envolver a Mold\u00e1via em um prov\u00e1vel conflito armado com a R\u00fassia. Bruxelas decidiu acelerar a transforma\u00e7\u00e3o do pa\u00eds em &#8216;posto avan\u00e7ado da alian\u00e7a no flanco oriental, levando em considera\u00e7\u00e3o o avan\u00e7o das for\u00e7as russas na Ucr\u00e2nia'&#8221;, diz o comunicado.<\/span><\/p>\n<p class=\"pf0\"><span class=\"cf0\">A OTAN est\u00e1 trabalhando para tornar o territ\u00f3rio da Mold\u00e1via adequado para o r\u00e1pido envio de tropas da alian\u00e7a para as fronteiras russas, informou o Servi\u00e7o de Intelig\u00eancia Estrangeiro Russo.<\/span><\/p>\n<p class=\"pf0\"><span class=\"cf0\">As for\u00e7as da OTAN est\u00e3o transformando intensivamente o que antes era uma pac\u00edfica rep\u00fablica agr\u00edcola em um campo de testes militares. O territ\u00f3rio da Mold\u00e1via est\u00e1 sendo adaptado para o reposicionamento operacional de tropas da OTAN para as fronteiras da R\u00fassia. Projetos est\u00e3o em andamento para adaptar-se aos padr\u00f5es ferrovi\u00e1rios europeus e aumentar a capacidade das pontes. Centros log\u00edsticos, grandes armaz\u00e9ns e \u00e1reas para concentra\u00e7\u00e3o de equipamentos militares est\u00e3o sendo constru\u00eddos. Os aer\u00f3dromos de <\/span><span class=\"cf0\">Marculesti<\/span><span class=\"cf0\"> e <\/span><span class=\"cf0\">Balti<\/span><span class=\"cf0\">, localizados perto da Ucr\u00e2nia, est\u00e3o sendo modernizados com foco na recep\u00e7\u00e3o de um n\u00famero significativo de aeronaves de combate e transporte militar&#8221;, afirma o comunicado.<\/span><\/p>\n<p class=\"pf0\"><span class=\"cf0\">O bloco militar ocidental espera que os moldavos se tornem &#8220;bucha de canh\u00e3o&#8221; no caso de a\u00e7\u00f5es armadas contra a R\u00fassia, disse o Servi\u00e7o de Intelig\u00eancia Estrangeiro Russo. A Mold\u00e1via est\u00e1 contando fortemente com o apoio da OTAN para o partido <\/span><span class=\"cf0\">pr\u00f3-presidencial<\/span><span class=\"cf0\"> &#8220;A\u00e7\u00e3o e Solidariedade&#8221; nas pr\u00f3ximas elei\u00e7\u00f5es parlamentares, informou a assessoria de imprensa.<\/span><\/p>\n<p><!--EndFragment --><\/p>\n","protected":false},"excerpt":{"rendered":"<p>A OTAN est\u00e1 se preparando ativamente para envolver a Mold\u00e1via em um potencial conflito armado com a R\u00fassia, e uma decis\u00e3o foi tomada em Bruxelas para acelerar a transforma\u00e7\u00e3o do pa\u00eds no &#8220;posto avan\u00e7ado&#8221; da alian\u00e7a no flanco oriental, declarou o gabinete de imprensa do Servi\u00e7o de Intelig\u00eancia Estrangeiro Russo (SVR). &#8220;A assessoria de imprensa [&hellip;]<\/p>\n","protected":false},"author":2,"featured_media":358083,"comment_status":"closed","ping_status":"closed","sticky":false,"template":"","format":"standard","meta":{"_acf_changed":false,"footnotes":""},"categories":[159],"tags":[],"class_list":["post-358081","post","type-post","status-publish","format-standard","has-post-thumbnail","hentry","category-apocalipse"],"acf":[],"yoast_head":"<!-- This site is optimized with the Yoast SEO plugin v27.2 - https:\/\/yoast.com\/product\/yoast-seo-wordpress\/ -->\n<title>Mold\u00e1via ser\u00e1 ponte para ataques contra a R\u00fassia - Notibras<\/title>\n<meta name=\"robots\" content=\"index, follow, max-snippet:-1, max-image-preview:large, max-video-preview:-1\" \/>\n<link rel=\"canonical\" href=\"https:\/\/www.notibras.com\/site\/moldavia-sera-ponte-para-ataques-contra-a-russia\/\" \/>\n<meta property=\"og:locale\" content=\"pt_BR\" \/>\n<meta property=\"og:type\" content=\"article\" \/>\n<meta property=\"og:title\" content=\"Mold\u00e1via ser\u00e1 ponte para ataques contra a R\u00fassia - Notibras\" \/>\n<meta property=\"og:description\" content=\"A OTAN est\u00e1 se preparando ativamente para envolver a Mold\u00e1via em um potencial conflito armado com a R\u00fassia, e uma decis\u00e3o foi tomada em Bruxelas para acelerar a transforma\u00e7\u00e3o do pa\u00eds no &#8220;posto avan\u00e7ado&#8221; da alian\u00e7a no flanco oriental, declarou o gabinete de imprensa do Servi\u00e7o de Intelig\u00eancia Estrangeiro Russo (SVR). &#8220;A assessoria de imprensa [&hellip;]\" \/>\n<meta property=\"og:url\" content=\"https:\/\/www.notibras.com\/site\/moldavia-sera-ponte-para-ataques-contra-a-russia\/\" \/>\n<meta property=\"og:site_name\" content=\"Notibras\" \/>\n<meta property=\"article:publisher\" content=\"https:\/\/www.facebook.com\/notibras\/\" \/>\n<meta property=\"article:published_time\" content=\"2025-07-14T12:34:41+00:00\" \/>\n<meta property=\"article:modified_time\" content=\"2025-07-14T12:36:43+00:00\" \/>\n<meta property=\"og:image\" content=\"https:\/\/www.notibras.com\/site\/wp-content\/uploads\/2025\/07\/1101438360_0_170_3037_1878_1920x0_80_0_0_75a89cdc1f16f344a6799ff2cb18fef5.jpg-1.webp\" \/>\n\t<meta property=\"og:image:width\" content=\"1920\" \/>\n\t<meta property=\"og:image:height\" content=\"1079\" \/>\n\t<meta property=\"og:image:type\" content=\"image\/webp\" \/>\n<meta name=\"author\" content=\"Reda\u00e7\u00e3o\" \/>\n<meta name=\"twitter:card\" content=\"summary_large_image\" \/>\n<meta name=\"twitter:creator\" content=\"@Notibras\" \/>\n<meta name=\"twitter:site\" content=\"@Notibras\" \/>\n<meta name=\"twitter:label1\" content=\"Escrito por\" \/>\n\t<meta name=\"twitter:data1\" content=\"Reda\u00e7\u00e3o\" \/>\n\t<meta name=\"twitter:label2\" content=\"Est. tempo de leitura\" \/>\n\t<meta name=\"twitter:data2\" content=\"2 minutos\" \/>\n<script type=\"application\/ld+json\" class=\"yoast-schema-graph\">{\"@context\":\"https:\/\/schema.org\",\"@graph\":[{\"@type\":\"Article\",\"@id\":\"https:\/\/www.notibras.com\/site\/moldavia-sera-ponte-para-ataques-contra-a-russia\/#article\",\"isPartOf\":{\"@id\":\"https:\/\/www.notibras.com\/site\/moldavia-sera-ponte-para-ataques-contra-a-russia\/\"},\"author\":{\"name\":\"Reda\u00e7\u00e3o\",\"@id\":\"https:\/\/www.notibras.com\/site\/#\/schema\/person\/36ab0979449956132d3e5b517ea76ac8\"},\"headline\":\"Mold\u00e1via ser\u00e1 ponte para ataques contra a R\u00fassia\",\"datePublished\":\"2025-07-14T12:34:41+00:00\",\"dateModified\":\"2025-07-14T12:36:43+00:00\",\"mainEntityOfPage\":{\"@id\":\"https:\/\/www.notibras.com\/site\/moldavia-sera-ponte-para-ataques-contra-a-russia\/\"},\"wordCount\":374,\"publisher\":{\"@id\":\"https:\/\/www.notibras.com\/site\/#organization\"},\"image\":{\"@id\":\"https:\/\/www.notibras.com\/site\/moldavia-sera-ponte-para-ataques-contra-a-russia\/#primaryimage\"},\"thumbnailUrl\":\"https:\/\/www.notibras.com\/site\/wp-content\/uploads\/2025\/07\/1101438360_0_170_3037_1878_1920x0_80_0_0_75a89cdc1f16f344a6799ff2cb18fef5.jpg-1.webp\",\"articleSection\":[\"Apocalipse\"],\"inLanguage\":\"pt-BR\"},{\"@type\":\"WebPage\",\"@id\":\"https:\/\/www.notibras.com\/site\/moldavia-sera-ponte-para-ataques-contra-a-russia\/\",\"url\":\"https:\/\/www.notibras.com\/site\/moldavia-sera-ponte-para-ataques-contra-a-russia\/\",\"name\":\"Mold\u00e1via ser\u00e1 ponte para ataques contra a R\u00fassia - Notibras\",\"isPartOf\":{\"@id\":\"https:\/\/www.notibras.com\/site\/#website\"},\"primaryImageOfPage\":{\"@id\":\"https:\/\/www.notibras.com\/site\/moldavia-sera-ponte-para-ataques-contra-a-russia\/#primaryimage\"},\"image\":{\"@id\":\"https:\/\/www.notibras.com\/site\/moldavia-sera-ponte-para-ataques-contra-a-russia\/#primaryimage\"},\"thumbnailUrl\":\"https:\/\/www.notibras.com\/site\/wp-content\/uploads\/2025\/07\/1101438360_0_170_3037_1878_1920x0_80_0_0_75a89cdc1f16f344a6799ff2cb18fef5.jpg-1.webp\",\"datePublished\":\"2025-07-14T12:34:41+00:00\",\"dateModified\":\"2025-07-14T12:36:43+00:00\",\"breadcrumb\":{\"@id\":\"https:\/\/www.notibras.com\/site\/moldavia-sera-ponte-para-ataques-contra-a-russia\/#breadcrumb\"},\"inLanguage\":\"pt-BR\",\"potentialAction\":[{\"@type\":\"ReadAction\",\"target\":[\"https:\/\/www.notibras.com\/site\/moldavia-sera-ponte-para-ataques-contra-a-russia\/\"]}]},{\"@type\":\"ImageObject\",\"inLanguage\":\"pt-BR\",\"@id\":\"https:\/\/www.notibras.com\/site\/moldavia-sera-ponte-para-ataques-contra-a-russia\/#primaryimage\",\"url\":\"https:\/\/www.notibras.com\/site\/wp-content\/uploads\/2025\/07\/1101438360_0_170_3037_1878_1920x0_80_0_0_75a89cdc1f16f344a6799ff2cb18fef5.jpg-1.webp\",\"contentUrl\":\"https:\/\/www.notibras.com\/site\/wp-content\/uploads\/2025\/07\/1101438360_0_170_3037_1878_1920x0_80_0_0_75a89cdc1f16f344a6799ff2cb18fef5.jpg-1.webp\",\"width\":1920,\"height\":1079},{\"@type\":\"BreadcrumbList\",\"@id\":\"https:\/\/www.notibras.com\/site\/moldavia-sera-ponte-para-ataques-contra-a-russia\/#breadcrumb\",\"itemListElement\":[{\"@type\":\"ListItem\",\"position\":1,\"name\":\"In\u00edcio\",\"item\":\"https:\/\/www.notibras.com\/site\/\"},{\"@type\":\"ListItem\",\"position\":2,\"name\":\"Mold\u00e1via ser\u00e1 ponte para ataques contra a R\u00fassia\"}]},{\"@type\":\"WebSite\",\"@id\":\"https:\/\/www.notibras.com\/site\/#website\",\"url\":\"https:\/\/www.notibras.com\/site\/\",\"name\":\"Notibras\",\"description\":\"Not\u00edcias de Bras\u00edlia, do Brasil e do Mundo\",\"publisher\":{\"@id\":\"https:\/\/www.notibras.com\/site\/#organization\"},\"potentialAction\":[{\"@type\":\"SearchAction\",\"target\":{\"@type\":\"EntryPoint\",\"urlTemplate\":\"https:\/\/www.notibras.com\/site\/?s={search_term_string}\"},\"query-input\":{\"@type\":\"PropertyValueSpecification\",\"valueRequired\":true,\"valueName\":\"search_term_string\"}}],\"inLanguage\":\"pt-BR\"},{\"@type\":\"Organization\",\"@id\":\"https:\/\/www.notibras.com\/site\/#organization\",\"name\":\"Grupo Notibras de Comunica\u00e7\u00e3o\",\"url\":\"https:\/\/www.notibras.com\/site\/\",\"logo\":{\"@type\":\"ImageObject\",\"inLanguage\":\"pt-BR\",\"@id\":\"https:\/\/www.notibras.com\/site\/#\/schema\/logo\/image\/\",\"url\":\"https:\/\/www.notibras.com\/site\/wp-content\/uploads\/2023\/01\/notibras23.png\",\"contentUrl\":\"https:\/\/www.notibras.com\/site\/wp-content\/uploads\/2023\/01\/notibras23.png\",\"width\":350,\"height\":87,\"caption\":\"Grupo Notibras de Comunica\u00e7\u00e3o\"},\"image\":{\"@id\":\"https:\/\/www.notibras.com\/site\/#\/schema\/logo\/image\/\"},\"sameAs\":[\"https:\/\/www.facebook.com\/notibras\/\",\"https:\/\/x.com\/Notibras\",\"https:\/\/www.instagram.com\/notibras\/\"]},{\"@type\":\"Person\",\"@id\":\"https:\/\/www.notibras.com\/site\/#\/schema\/person\/36ab0979449956132d3e5b517ea76ac8\",\"name\":\"Reda\u00e7\u00e3o\",\"image\":{\"@type\":\"ImageObject\",\"inLanguage\":\"pt-BR\",\"@id\":\"https:\/\/secure.gravatar.com\/avatar\/e0a867bdedb85fd243eadf09663511f96fc81e0720a4a42581f334ad4303aa6b?s=96&d=mm&r=g\",\"url\":\"https:\/\/secure.gravatar.com\/avatar\/e0a867bdedb85fd243eadf09663511f96fc81e0720a4a42581f334ad4303aa6b?s=96&d=mm&r=g\",\"contentUrl\":\"https:\/\/secure.gravatar.com\/avatar\/e0a867bdedb85fd243eadf09663511f96fc81e0720a4a42581f334ad4303aa6b?s=96&d=mm&r=g\",\"caption\":\"Reda\u00e7\u00e3o\"}}]}<\/script>\n<!-- \/ Yoast SEO plugin. -->","yoast_head_json":{"title":"Mold\u00e1via ser\u00e1 ponte para ataques contra a R\u00fassia - Notibras","robots":{"index":"index","follow":"follow","max-snippet":"max-snippet:-1","max-image-preview":"max-image-preview:large","max-video-preview":"max-video-preview:-1"},"canonical":"https:\/\/www.notibras.com\/site\/moldavia-sera-ponte-para-ataques-contra-a-russia\/","og_locale":"pt_BR","og_type":"article","og_title":"Mold\u00e1via ser\u00e1 ponte para ataques contra a R\u00fassia - Notibras","og_description":"A OTAN est\u00e1 se preparando ativamente para envolver a Mold\u00e1via em um potencial conflito armado com a R\u00fassia, e uma decis\u00e3o foi tomada em Bruxelas para acelerar a transforma\u00e7\u00e3o do pa\u00eds no &#8220;posto avan\u00e7ado&#8221; da alian\u00e7a no flanco oriental, declarou o gabinete de imprensa do Servi\u00e7o de Intelig\u00eancia Estrangeiro Russo (SVR). &#8220;A assessoria de imprensa [&hellip;]","og_url":"https:\/\/www.notibras.com\/site\/moldavia-sera-ponte-para-ataques-contra-a-russia\/","og_site_name":"Notibras","article_publisher":"https:\/\/www.facebook.com\/notibras\/","article_published_time":"2025-07-14T12:34:41+00:00","article_modified_time":"2025-07-14T12:36:43+00:00","og_image":[{"width":1920,"height":1079,"url":"https:\/\/www.notibras.com\/site\/wp-content\/uploads\/2025\/07\/1101438360_0_170_3037_1878_1920x0_80_0_0_75a89cdc1f16f344a6799ff2cb18fef5.jpg-1.webp","type":"image\/webp"}],"author":"Reda\u00e7\u00e3o","twitter_card":"summary_large_image","twitter_creator":"@Notibras","twitter_site":"@Notibras","twitter_misc":{"Escrito por":"Reda\u00e7\u00e3o","Est. tempo de leitura":"2 minutos"},"schema":{"@context":"https:\/\/schema.org","@graph":[{"@type":"Article","@id":"https:\/\/www.notibras.com\/site\/moldavia-sera-ponte-para-ataques-contra-a-russia\/#article","isPartOf":{"@id":"https:\/\/www.notibras.com\/site\/moldavia-sera-ponte-para-ataques-contra-a-russia\/"},"author":{"name":"Reda\u00e7\u00e3o","@id":"https:\/\/www.notibras.com\/site\/#\/schema\/person\/36ab0979449956132d3e5b517ea76ac8"},"headline":"Mold\u00e1via ser\u00e1 ponte para ataques contra a R\u00fassia","datePublished":"2025-07-14T12:34:41+00:00","dateModified":"2025-07-14T12:36:43+00:00","mainEntityOfPage":{"@id":"https:\/\/www.notibras.com\/site\/moldavia-sera-ponte-para-ataques-contra-a-russia\/"},"wordCount":374,"publisher":{"@id":"https:\/\/www.notibras.com\/site\/#organization"},"image":{"@id":"https:\/\/www.notibras.com\/site\/moldavia-sera-ponte-para-ataques-contra-a-russia\/#primaryimage"},"thumbnailUrl":"https:\/\/www.notibras.com\/site\/wp-content\/uploads\/2025\/07\/1101438360_0_170_3037_1878_1920x0_80_0_0_75a89cdc1f16f344a6799ff2cb18fef5.jpg-1.webp","articleSection":["Apocalipse"],"inLanguage":"pt-BR"},{"@type":"WebPage","@id":"https:\/\/www.notibras.com\/site\/moldavia-sera-ponte-para-ataques-contra-a-russia\/","url":"https:\/\/www.notibras.com\/site\/moldavia-sera-ponte-para-ataques-contra-a-russia\/","name":"Mold\u00e1via ser\u00e1 ponte para ataques contra a R\u00fassia - Notibras","isPartOf":{"@id":"https:\/\/www.notibras.com\/site\/#website"},"primaryImageOfPage":{"@id":"https:\/\/www.notibras.com\/site\/moldavia-sera-ponte-para-ataques-contra-a-russia\/#primaryimage"},"image":{"@id":"https:\/\/www.notibras.com\/site\/moldavia-sera-ponte-para-ataques-contra-a-russia\/#primaryimage"},"thumbnailUrl":"https:\/\/www.notibras.com\/site\/wp-content\/uploads\/2025\/07\/1101438360_0_170_3037_1878_1920x0_80_0_0_75a89cdc1f16f344a6799ff2cb18fef5.jpg-1.webp","datePublished":"2025-07-14T12:34:41+00:00","dateModified":"2025-07-14T12:36:43+00:00","breadcrumb":{"@id":"https:\/\/www.notibras.com\/site\/moldavia-sera-ponte-para-ataques-contra-a-russia\/#breadcrumb"},"inLanguage":"pt-BR","potentialAction":[{"@type":"ReadAction","target":["https:\/\/www.notibras.com\/site\/moldavia-sera-ponte-para-ataques-contra-a-russia\/"]}]},{"@type":"ImageObject","inLanguage":"pt-BR","@id":"https:\/\/www.notibras.com\/site\/moldavia-sera-ponte-para-ataques-contra-a-russia\/#primaryimage","url":"https:\/\/www.notibras.com\/site\/wp-content\/uploads\/2025\/07\/1101438360_0_170_3037_1878_1920x0_80_0_0_75a89cdc1f16f344a6799ff2cb18fef5.jpg-1.webp","contentUrl":"https:\/\/www.notibras.com\/site\/wp-content\/uploads\/2025\/07\/1101438360_0_170_3037_1878_1920x0_80_0_0_75a89cdc1f16f344a6799ff2cb18fef5.jpg-1.webp","width":1920,"height":1079},{"@type":"BreadcrumbList","@id":"https:\/\/www.notibras.com\/site\/moldavia-sera-ponte-para-ataques-contra-a-russia\/#breadcrumb","itemListElement":[{"@type":"ListItem","position":1,"name":"In\u00edcio","item":"https:\/\/www.notibras.com\/site\/"},{"@type":"ListItem","position":2,"name":"Mold\u00e1via ser\u00e1 ponte para ataques contra a R\u00fassia"}]},{"@type":"WebSite","@id":"https:\/\/www.notibras.com\/site\/#website","url":"https:\/\/www.notibras.com\/site\/","name":"Notibras","description":"Not\u00edcias de Bras\u00edlia, do Brasil e do Mundo","publisher":{"@id":"https:\/\/www.notibras.com\/site\/#organization"},"potentialAction":[{"@type":"SearchAction","target":{"@type":"EntryPoint","urlTemplate":"https:\/\/www.notibras.com\/site\/?s={search_term_string}"},"query-input":{"@type":"PropertyValueSpecification","valueRequired":true,"valueName":"search_term_string"}}],"inLanguage":"pt-BR"},{"@type":"Organization","@id":"https:\/\/www.notibras.com\/site\/#organization","name":"Grupo Notibras de Comunica\u00e7\u00e3o","url":"https:\/\/www.notibras.com\/site\/","logo":{"@type":"ImageObject","inLanguage":"pt-BR","@id":"https:\/\/www.notibras.com\/site\/#\/schema\/logo\/image\/","url":"https:\/\/www.notibras.com\/site\/wp-content\/uploads\/2023\/01\/notibras23.png","contentUrl":"https:\/\/www.notibras.com\/site\/wp-content\/uploads\/2023\/01\/notibras23.png","width":350,"height":87,"caption":"Grupo Notibras de Comunica\u00e7\u00e3o"},"image":{"@id":"https:\/\/www.notibras.com\/site\/#\/schema\/logo\/image\/"},"sameAs":["https:\/\/www.facebook.com\/notibras\/","https:\/\/x.com\/Notibras","https:\/\/www.instagram.com\/notibras\/"]},{"@type":"Person","@id":"https:\/\/www.notibras.com\/site\/#\/schema\/person\/36ab0979449956132d3e5b517ea76ac8","name":"Reda\u00e7\u00e3o","image":{"@type":"ImageObject","inLanguage":"pt-BR","@id":"https:\/\/secure.gravatar.com\/avatar\/e0a867bdedb85fd243eadf09663511f96fc81e0720a4a42581f334ad4303aa6b?s=96&d=mm&r=g","url":"https:\/\/secure.gravatar.com\/avatar\/e0a867bdedb85fd243eadf09663511f96fc81e0720a4a42581f334ad4303aa6b?s=96&d=mm&r=g","contentUrl":"https:\/\/secure.gravatar.com\/avatar\/e0a867bdedb85fd243eadf09663511f96fc81e0720a4a42581f334ad4303aa6b?s=96&d=mm&r=g","caption":"Reda\u00e7\u00e3o"}}]}},"amp_enabled":true,"_links":{"self":[{"href":"https:\/\/www.notibras.com\/site\/wp-json\/wp\/v2\/posts\/358081","targetHints":{"allow":["GET"]}}],"collection":[{"href":"https:\/\/www.notibras.com\/site\/wp-json\/wp\/v2\/posts"}],"about":[{"href":"https:\/\/www.notibras.com\/site\/wp-json\/wp\/v2\/types\/post"}],"author":[{"embeddable":true,"href":"https:\/\/www.notibras.com\/site\/wp-json\/wp\/v2\/users\/2"}],"replies":[{"embeddable":true,"href":"https:\/\/www.notibras.com\/site\/wp-json\/wp\/v2\/comments?post=358081"}],"version-history":[{"count":1,"href":"https:\/\/www.notibras.com\/site\/wp-json\/wp\/v2\/posts\/358081\/revisions"}],"predecessor-version":[{"id":358082,"href":"https:\/\/www.notibras.com\/site\/wp-json\/wp\/v2\/posts\/358081\/revisions\/358082"}],"wp:featuredmedia":[{"embeddable":true,"href":"https:\/\/www.notibras.com\/site\/wp-json\/wp\/v2\/media\/358083"}],"wp:attachment":[{"href":"https:\/\/www.notibras.com\/site\/wp-json\/wp\/v2\/media?parent=358081"}],"wp:term":[{"taxonomy":"category","embeddable":true,"href":"https:\/\/www.notibras.com\/site\/wp-json\/wp\/v2\/categories?post=358081"},{"taxonomy":"post_tag","embeddable":true,"href":"https:\/\/www.notibras.com\/site\/wp-json\/wp\/v2\/tags?post=358081"}],"curies":[{"name":"wp","href":"https:\/\/api.w.org\/{rel}","templated":true}]}}