{"id":358148,"date":"2025-07-15T02:00:35","date_gmt":"2025-07-15T05:00:35","guid":{"rendered":"https:\/\/www.notibras.com\/site\/?p=358148"},"modified":"2025-07-14T21:10:59","modified_gmt":"2025-07-15T00:10:59","slug":"larissa-a-menina-que-gostava-de-ler-foi-o-fruto-que-caiu-longe-da-arvore","status":"publish","type":"post","link":"https:\/\/www.notibras.com\/site\/larissa-a-menina-que-gostava-de-ler-foi-o-fruto-que-caiu-longe-da-arvore\/","title":{"rendered":"Larissa, a menina que gostava de ler, foi o fruto que caiu longe da \u00e1rvore"},"content":{"rendered":"<p data-original-attrs=\"{&quot;style&quot;:&quot;&quot;}\"><span style=\"color: #000000;\" data-keep-original-tag=\"false\" data-original-attrs=\"{&quot;style&quot;:&quot;&quot;}\">Larissa, apesar de n\u00e3o negar que teria vindo do ventre de sua m\u00e3e, n\u00e3o se sentia parte daquele lugar. N\u00e3o pela pobreza, que nem era alarmante, mas por conjecturas que, at\u00e9 determinado momento, ela n\u00e3o conseguia compreender. Como se fosse uma gata criada por c\u00e3es. Chegaria uma hora, a garota sentia que precisaria escalar uma \u00e1rvore.\u00a0<\/span><\/p>\n<p data-original-attrs=\"{&quot;style&quot;:&quot;-webkit-text-stroke-width: 0px;&quot;}\"><span style=\"color: #000000;\" data-keep-original-tag=\"false\" data-original-attrs=\"{&quot;style&quot;:&quot;&quot;}\">Fam\u00edlia r\u00edgida em rela\u00e7\u00e3o aos costumes, enquanto os filhos eram criados para a vida, as filhas precisavam ser moldadas para serem donas de casa. E qualquer coisa fora desse pensamento era rispidamente tolido. Onde j\u00e1 se viu menino brincar de boneca? Menina, larga esse carrinho e v\u00e1 ajudar a sua m\u00e3e a lavar a lou\u00e7a. Ora, pois! Onde j\u00e1 se viu uma coisa dessas! Ai, ai, ai, ai, ai! Hum!<\/span><\/p>\n<p data-original-attrs=\"{&quot;style&quot;:&quot;-webkit-text-stroke-width: 0px;&quot;}\"><span style=\"color: #000000;\" data-keep-original-tag=\"false\" data-original-attrs=\"{&quot;style&quot;:&quot;&quot;}\">A menina, para n\u00e3o entrar em atrito com os pais, fazia o que lhe era mandado. Entretanto, encontrou ref\u00fagio em local inusitado para algu\u00e9m sem expectativas al\u00e9m daquelas j\u00e1 delineadas. Uma biblioteca. Pois \u00e9, uma biblioteca, aquele local cheio de livros e hist\u00f3rias das mais diversas.\u00a0<\/span><\/p>\n<p data-original-attrs=\"{&quot;style&quot;:&quot;-webkit-text-stroke-width: 0px;&quot;}\"><span style=\"color: #000000;\" data-keep-original-tag=\"false\" data-original-attrs=\"{&quot;style&quot;:&quot;&quot;}\">Larissa logo aprendeu que saber assinar o pr\u00f3prio nome era algo mais do que suficiente para os que se encontravam ao seu redor trancafiados em um cub\u00edculo com cadeados na \u00fanica porta poss\u00edvel. Todavia, os livros, justamente aqueles objetos depositados em estantes, se faziam de janelas para o universo l\u00e1 fora. E a mo\u00e7a come\u00e7ou a ler, e ler, e ler, e ler. E como lia!<\/span><\/p>\n<p data-original-attrs=\"{&quot;style&quot;:&quot;-webkit-text-stroke-width: 0px;&quot;}\"><span style=\"color: #000000;\" data-keep-original-tag=\"false\" data-original-attrs=\"{&quot;style&quot;:&quot;&quot;}\">Os pais e irm\u00e3os de Larissa, com medo da parenta se perder, tentaram de tudo para que ela largasse aquela ideia de ler, ler e ler. Os esfor\u00e7os foram in\u00fateis. T\u00e3o in\u00fateis que, quando se deram por conta, j\u00e1 era tarde. Larissa, sorriso nos olhos, havia, finalmente, se encontrado.<\/span><\/p>\n<p>\u2026\u2026\u2026\u2026\u2026\u2026\u2026\u2026\u2026\u2026\u2026\u2026<\/p>\n<p><strong>Eduardo Mart\u00ednez \u00e9 autor do livro 57 Contos e Cr\u00f4nicas por um Autor Muito Velho\u2019<\/strong><\/p>\n<p>Compre aqui\u00a0<span class=\"x19la9d6 x1fc57z9 x6ikm8r x10wlt62 x19co3pv x1g5zs5t xfibh0p xiy17q3 x1xsqp64 x1lkfr7t xexx8yu x4uap5 x18d9i69 xkhd6sd\"><span class=\"xrtxmta x1bhl96m\"><img decoding=\"async\" class=\"emoji\" role=\"img\" draggable=\"false\" src=\"https:\/\/s.w.org\/images\/core\/emoji\/15.0.3\/svg\/1f447-1f3ff.svg\" alt=\"&#x1f447;&#x1f3ff;\" \/><\/span><\/span><\/p>\n<p><a href=\"https:\/\/www.joanineditora.com.br\/57-contos-e-cronicas-por-um-autor-muito-velho\">https:\/\/www.joanineditora.com.br\/57-contos-e-cronicas-por-um-autor-muito-velho<\/a><\/p>\n","protected":false},"excerpt":{"rendered":"<p>Larissa, apesar de n\u00e3o negar que teria vindo do ventre de sua m\u00e3e, n\u00e3o se sentia parte daquele lugar. N\u00e3o pela pobreza, que nem era alarmante, mas por conjecturas que, at\u00e9 determinado momento, ela n\u00e3o conseguia compreender. Como se fosse uma gata criada por c\u00e3es. Chegaria uma hora, a garota sentia que precisaria escalar uma [&hellip;]<\/p>\n","protected":false},"author":21,"featured_media":358149,"comment_status":"closed","ping_status":"closed","sticky":false,"template":"","format":"standard","meta":{"_acf_changed":false,"footnotes":""},"categories":[161],"tags":[],"class_list":["post-358148","post","type-post","status-publish","format-standard","has-post-thumbnail","hentry","category-quadradinho-em-foco"],"acf":[],"_links":{"self":[{"href":"https:\/\/www.notibras.com\/site\/wp-json\/wp\/v2\/posts\/358148","targetHints":{"allow":["GET"]}}],"collection":[{"href":"https:\/\/www.notibras.com\/site\/wp-json\/wp\/v2\/posts"}],"about":[{"href":"https:\/\/www.notibras.com\/site\/wp-json\/wp\/v2\/types\/post"}],"author":[{"embeddable":true,"href":"https:\/\/www.notibras.com\/site\/wp-json\/wp\/v2\/users\/21"}],"replies":[{"embeddable":true,"href":"https:\/\/www.notibras.com\/site\/wp-json\/wp\/v2\/comments?post=358148"}],"version-history":[{"count":1,"href":"https:\/\/www.notibras.com\/site\/wp-json\/wp\/v2\/posts\/358148\/revisions"}],"predecessor-version":[{"id":358150,"href":"https:\/\/www.notibras.com\/site\/wp-json\/wp\/v2\/posts\/358148\/revisions\/358150"}],"wp:featuredmedia":[{"embeddable":true,"href":"https:\/\/www.notibras.com\/site\/wp-json\/wp\/v2\/media\/358149"}],"wp:attachment":[{"href":"https:\/\/www.notibras.com\/site\/wp-json\/wp\/v2\/media?parent=358148"}],"wp:term":[{"taxonomy":"category","embeddable":true,"href":"https:\/\/www.notibras.com\/site\/wp-json\/wp\/v2\/categories?post=358148"},{"taxonomy":"post_tag","embeddable":true,"href":"https:\/\/www.notibras.com\/site\/wp-json\/wp\/v2\/tags?post=358148"}],"curies":[{"name":"wp","href":"https:\/\/api.w.org\/{rel}","templated":true}]}}