{"id":358169,"date":"2025-07-15T00:00:33","date_gmt":"2025-07-15T03:00:33","guid":{"rendered":"https:\/\/www.notibras.com\/site\/?p=358169"},"modified":"2025-07-14T22:56:53","modified_gmt":"2025-07-15T01:56:53","slug":"tecnologia-saude-e-a-colonialidade-a-um-so-tempo","status":"publish","type":"post","link":"https:\/\/www.notibras.com\/site\/tecnologia-saude-e-a-colonialidade-a-um-so-tempo\/","title":{"rendered":"Tecnologia, sa\u00fade e a colonialidade a um s\u00f3 tempo"},"content":{"rendered":"<p><!--StartFragment --><\/p>\n<p class=\"pf0\"><span class=\"cf0\">A 15\u00aa C\u00fapula Global de Parcerias em Sa\u00fade Digital, realizada em Salvador, marca um momento estrat\u00e9gico. Em tempos de acelera\u00e7\u00e3o informacional, o corpo torna-se dado, e a sa\u00fade p\u00fablica, um campo cada vez mais atravessado por algoritmos e plataformas globais.<\/span><\/p>\n<p class=\"pf0\"><span class=\"cf0\">Como pontua Bruno <\/span><span class=\"cf0\">Latour<\/span><span class=\"cf0\">, as tecnologias n\u00e3o s\u00e3o neutras: s\u00e3o artefatos sociais carregados de intencionalidade e poder. Quando ministros e gestores p\u00fablicos se re\u00fanem para debater a digitaliza\u00e7\u00e3o da sa\u00fade, discutem tamb\u00e9m quem ter\u00e1 acesso \u00e0 vida digna, quem ser\u00e1 monitorado e quem ser\u00e1 esquecido.<\/span><\/p>\n<p class=\"pf0\"><span class=\"cf0\">A Antropologia da Sa\u00fade, com autores como Byron <\/span><span class=\"cf0\">Good<\/span><span class=\"cf0\"> e Didier <\/span><span class=\"cf0\">Fassin<\/span><span class=\"cf0\">, alerta que as pol\u00edticas de sa\u00fade precisam incorporar as experi\u00eancias locais. Em Salvador, cidade negra e historicamente vulnerabilizada, discutir sa\u00fade digital sem <\/span><span class=\"cf0\">racializar<\/span><span class=\"cf0\"> e descolonizar os debates \u00e9 perpetuar a exclus\u00e3o com novas interfaces.<\/span><\/p>\n<p><!--EndFragment --><\/p>\n","protected":false},"excerpt":{"rendered":"<p>A 15\u00aa C\u00fapula Global de Parcerias em Sa\u00fade Digital, realizada em Salvador, marca um momento estrat\u00e9gico. Em tempos de acelera\u00e7\u00e3o informacional, o corpo torna-se dado, e a sa\u00fade p\u00fablica, um campo cada vez mais atravessado por algoritmos e plataformas globais. Como pontua Bruno Latour, as tecnologias n\u00e3o s\u00e3o neutras: s\u00e3o artefatos sociais carregados de intencionalidade [&hellip;]<\/p>\n","protected":false},"author":2,"featured_media":358170,"comment_status":"closed","ping_status":"closed","sticky":false,"template":"","format":"standard","meta":{"_acf_changed":false,"footnotes":""},"categories":[165],"tags":[],"class_list":["post-358169","post","type-post","status-publish","format-standard","has-post-thumbnail","hentry","category-nordeste"],"acf":[],"_links":{"self":[{"href":"https:\/\/www.notibras.com\/site\/wp-json\/wp\/v2\/posts\/358169","targetHints":{"allow":["GET"]}}],"collection":[{"href":"https:\/\/www.notibras.com\/site\/wp-json\/wp\/v2\/posts"}],"about":[{"href":"https:\/\/www.notibras.com\/site\/wp-json\/wp\/v2\/types\/post"}],"author":[{"embeddable":true,"href":"https:\/\/www.notibras.com\/site\/wp-json\/wp\/v2\/users\/2"}],"replies":[{"embeddable":true,"href":"https:\/\/www.notibras.com\/site\/wp-json\/wp\/v2\/comments?post=358169"}],"version-history":[{"count":1,"href":"https:\/\/www.notibras.com\/site\/wp-json\/wp\/v2\/posts\/358169\/revisions"}],"predecessor-version":[{"id":358171,"href":"https:\/\/www.notibras.com\/site\/wp-json\/wp\/v2\/posts\/358169\/revisions\/358171"}],"wp:featuredmedia":[{"embeddable":true,"href":"https:\/\/www.notibras.com\/site\/wp-json\/wp\/v2\/media\/358170"}],"wp:attachment":[{"href":"https:\/\/www.notibras.com\/site\/wp-json\/wp\/v2\/media?parent=358169"}],"wp:term":[{"taxonomy":"category","embeddable":true,"href":"https:\/\/www.notibras.com\/site\/wp-json\/wp\/v2\/categories?post=358169"},{"taxonomy":"post_tag","embeddable":true,"href":"https:\/\/www.notibras.com\/site\/wp-json\/wp\/v2\/tags?post=358169"}],"curies":[{"name":"wp","href":"https:\/\/api.w.org\/{rel}","templated":true}]}}