{"id":358193,"date":"2025-07-15T00:19:36","date_gmt":"2025-07-15T03:19:36","guid":{"rendered":"https:\/\/www.notibras.com\/site\/?p=358193"},"modified":"2025-07-15T02:21:12","modified_gmt":"2025-07-15T05:21:12","slug":"trump-faz-ameaca-a-putin-se-guerra-com-a-ucrania-nao-acabar-em-50-dias","status":"publish","type":"post","link":"https:\/\/www.notibras.com\/site\/trump-faz-ameaca-a-putin-se-guerra-com-a-ucrania-nao-acabar-em-50-dias\/","title":{"rendered":"Trump faz amea\u00e7a a Putin se guerra com a Ucr\u00e2nia n\u00e3o acabar em 50 dias"},"content":{"rendered":"<p><!--StartFragment --><\/p>\n<p class=\"pf0\"><span class=\"cf0\">O presidente dos EUA, Donald Trump, anunciou na segunda-feira, 14, que os Estados Unidos impor\u00e3o tarifas secund\u00e1rias de 100% \u00e0 R\u00fassia se nenhuma resolu\u00e7\u00e3o for alcan\u00e7ada no conflito na Ucr\u00e2nia nos pr\u00f3ximos 50 dias.<\/span><\/p>\n<p class=\"pf0\"><span class=\"cf0\">&#8220;Estamos muito, muito insatisfeitos com [a R\u00fassia] e vamos aplicar tarifas muito severas se n\u00e3o chegarmos a um acordo em 50 dias. Tarifas em torno de 100%. Poder\u00edamos cham\u00e1-las de tarifas secund\u00e1rias&#8221;, disse Trump durante seu encontro com o Secret\u00e1rio-Geral da OTAN, Mark <\/span><span class=\"cf0\">Rutte<\/span><span class=\"cf0\">, no Sal\u00e3o Oval.<\/span><\/p>\n<p class=\"pf0\"><span class=\"cf0\">&#8220;Fabricamos os melhores equipamentos, os melhores m\u00edsseis, o melhor de tudo. As na\u00e7\u00f5es europeias sabem disso, e fechamos um acordo hoje&#8230; em que enviaremos armas [\u00e0 Europa], e eles pagar\u00e3o por elas. N\u00f3s, os Estados Unidos, n\u00e3o receberemos nenhum pagamento&#8221;, disse Trump a rep\u00f3rteres ap\u00f3s seu encontro com o Secret\u00e1rio-Geral da OTAN, Mark <\/span><span class=\"cf0\">Rutte<\/span><span class=\"cf0\">.<\/span><\/p>\n<p class=\"pf0\"><span class=\"cf0\">Trump chamou isso de &#8220;um grande neg\u00f3cio&#8221;, observando que &#8220;bilh\u00f5es de d\u00f3lares em equipamentos militares&#8221; ser\u00e3o comprados dos Estados Unidos.<\/span><\/p>\n<p class=\"pf0\"><span class=\"cf0\">&#8220;O que faremos \u00e9 trabalhar com os sistemas da OTAN para garantir que saibamos o que os ucranianos precisam&#8230; \u00c9 claro que os EUA manter\u00e3o seus estoques necess\u00e1rios para defender o pa\u00eds. Isso \u00e9 absolutamente claro. Mas isso significa que a Ucr\u00e2nia poder\u00e1 obter quantidades realmente enormes de equipamentos militares, tanto para defesa a\u00e9rea quanto para m\u00edsseis e muni\u00e7\u00f5es&#8221;, disse <\/span><span class=\"cf0\">Rutte<\/span><span class=\"cf0\">.<\/span><\/p>\n<p class=\"pf0\"><span class=\"cf0\">Al\u00e9m disso, 17 sistemas de m\u00edsseis <\/span><span class=\"cf0\">Patriot<\/span><span class=\"cf0\"> est\u00e3o sendo preparados para envio \u00e0 Europa, com um n\u00famero significativo previsto para ser implantado no campo de batalha na Ucr\u00e2nia.<\/span><\/p>\n<p class=\"pf0\"><span class=\"cf0\">A R\u00fassia alertou anteriormente que armas ocidentais de longo alcance est\u00e3o sendo usadas para atingir civis e atrapalhar os esfor\u00e7os de paz, com o presidente Putin enfatizando a poss\u00edvel mudan\u00e7a no conflito se a OTAN se envolver diretamente.<\/span><\/p>\n<p><!--EndFragment --><\/p>\n","protected":false},"excerpt":{"rendered":"<p>O presidente dos EUA, Donald Trump, anunciou na segunda-feira, 14, que os Estados Unidos impor\u00e3o tarifas secund\u00e1rias de 100% \u00e0 R\u00fassia se nenhuma resolu\u00e7\u00e3o for alcan\u00e7ada no conflito na Ucr\u00e2nia nos pr\u00f3ximos 50 dias. &#8220;Estamos muito, muito insatisfeitos com [a R\u00fassia] e vamos aplicar tarifas muito severas se n\u00e3o chegarmos a um acordo em 50 [&hellip;]<\/p>\n","protected":false},"author":2,"featured_media":358194,"comment_status":"closed","ping_status":"closed","sticky":false,"template":"","format":"standard","meta":{"_acf_changed":false,"footnotes":""},"categories":[159],"tags":[],"class_list":["post-358193","post","type-post","status-publish","format-standard","has-post-thumbnail","hentry","category-apocalipse"],"acf":[],"yoast_head":"<!-- This site is optimized with the Yoast SEO plugin v27.2 - https:\/\/yoast.com\/product\/yoast-seo-wordpress\/ -->\n<title>Trump faz amea\u00e7a a Putin se guerra com a Ucr\u00e2nia n\u00e3o acabar em 50 dias - Notibras<\/title>\n<meta name=\"robots\" content=\"index, follow, max-snippet:-1, max-image-preview:large, max-video-preview:-1\" \/>\n<link rel=\"canonical\" href=\"https:\/\/www.notibras.com\/site\/trump-faz-ameaca-a-putin-se-guerra-com-a-ucrania-nao-acabar-em-50-dias\/\" \/>\n<meta property=\"og:locale\" content=\"pt_BR\" \/>\n<meta property=\"og:type\" content=\"article\" \/>\n<meta property=\"og:title\" content=\"Trump faz amea\u00e7a a Putin se guerra com a Ucr\u00e2nia n\u00e3o acabar em 50 dias - Notibras\" \/>\n<meta property=\"og:description\" content=\"O presidente dos EUA, Donald Trump, anunciou na segunda-feira, 14, que os Estados Unidos impor\u00e3o tarifas secund\u00e1rias de 100% \u00e0 R\u00fassia se nenhuma resolu\u00e7\u00e3o for alcan\u00e7ada no conflito na Ucr\u00e2nia nos pr\u00f3ximos 50 dias. &#8220;Estamos muito, muito insatisfeitos com [a R\u00fassia] e vamos aplicar tarifas muito severas se n\u00e3o chegarmos a um acordo em 50 [&hellip;]\" \/>\n<meta property=\"og:url\" content=\"https:\/\/www.notibras.com\/site\/trump-faz-ameaca-a-putin-se-guerra-com-a-ucrania-nao-acabar-em-50-dias\/\" \/>\n<meta property=\"og:site_name\" content=\"Notibras\" \/>\n<meta property=\"article:publisher\" content=\"https:\/\/www.facebook.com\/notibras\/\" \/>\n<meta property=\"article:published_time\" content=\"2025-07-15T03:19:36+00:00\" \/>\n<meta property=\"article:modified_time\" content=\"2025-07-15T05:21:12+00:00\" \/>\n<meta property=\"og:image\" content=\"https:\/\/www.notibras.com\/site\/wp-content\/uploads\/2025\/07\/1122028685_0_0_3071_1728_1920x0_80_0_0_1bb831063ec256a1772624c017720869.jpg.webp\" \/>\n\t<meta property=\"og:image:width\" content=\"1920\" \/>\n\t<meta property=\"og:image:height\" content=\"1080\" \/>\n\t<meta property=\"og:image:type\" content=\"image\/webp\" \/>\n<meta name=\"author\" content=\"Reda\u00e7\u00e3o\" \/>\n<meta name=\"twitter:card\" content=\"summary_large_image\" \/>\n<meta name=\"twitter:creator\" content=\"@Notibras\" \/>\n<meta name=\"twitter:site\" content=\"@Notibras\" \/>\n<meta name=\"twitter:label1\" content=\"Escrito por\" \/>\n\t<meta name=\"twitter:data1\" content=\"Reda\u00e7\u00e3o\" \/>\n\t<meta name=\"twitter:label2\" content=\"Est. tempo de leitura\" \/>\n\t<meta name=\"twitter:data2\" content=\"2 minutos\" \/>\n<script type=\"application\/ld+json\" class=\"yoast-schema-graph\">{\"@context\":\"https:\/\/schema.org\",\"@graph\":[{\"@type\":\"Article\",\"@id\":\"https:\/\/www.notibras.com\/site\/trump-faz-ameaca-a-putin-se-guerra-com-a-ucrania-nao-acabar-em-50-dias\/#article\",\"isPartOf\":{\"@id\":\"https:\/\/www.notibras.com\/site\/trump-faz-ameaca-a-putin-se-guerra-com-a-ucrania-nao-acabar-em-50-dias\/\"},\"author\":{\"name\":\"Reda\u00e7\u00e3o\",\"@id\":\"https:\/\/www.notibras.com\/site\/#\/schema\/person\/36ab0979449956132d3e5b517ea76ac8\"},\"headline\":\"Trump faz amea\u00e7a a Putin se guerra com a Ucr\u00e2nia n\u00e3o acabar em 50 dias\",\"datePublished\":\"2025-07-15T03:19:36+00:00\",\"dateModified\":\"2025-07-15T05:21:12+00:00\",\"mainEntityOfPage\":{\"@id\":\"https:\/\/www.notibras.com\/site\/trump-faz-ameaca-a-putin-se-guerra-com-a-ucrania-nao-acabar-em-50-dias\/\"},\"wordCount\":330,\"publisher\":{\"@id\":\"https:\/\/www.notibras.com\/site\/#organization\"},\"image\":{\"@id\":\"https:\/\/www.notibras.com\/site\/trump-faz-ameaca-a-putin-se-guerra-com-a-ucrania-nao-acabar-em-50-dias\/#primaryimage\"},\"thumbnailUrl\":\"https:\/\/www.notibras.com\/site\/wp-content\/uploads\/2025\/07\/1122028685_0_0_3071_1728_1920x0_80_0_0_1bb831063ec256a1772624c017720869.jpg.webp\",\"articleSection\":[\"Apocalipse\"],\"inLanguage\":\"pt-BR\"},{\"@type\":\"WebPage\",\"@id\":\"https:\/\/www.notibras.com\/site\/trump-faz-ameaca-a-putin-se-guerra-com-a-ucrania-nao-acabar-em-50-dias\/\",\"url\":\"https:\/\/www.notibras.com\/site\/trump-faz-ameaca-a-putin-se-guerra-com-a-ucrania-nao-acabar-em-50-dias\/\",\"name\":\"Trump faz amea\u00e7a a Putin se guerra com a Ucr\u00e2nia n\u00e3o acabar em 50 dias - Notibras\",\"isPartOf\":{\"@id\":\"https:\/\/www.notibras.com\/site\/#website\"},\"primaryImageOfPage\":{\"@id\":\"https:\/\/www.notibras.com\/site\/trump-faz-ameaca-a-putin-se-guerra-com-a-ucrania-nao-acabar-em-50-dias\/#primaryimage\"},\"image\":{\"@id\":\"https:\/\/www.notibras.com\/site\/trump-faz-ameaca-a-putin-se-guerra-com-a-ucrania-nao-acabar-em-50-dias\/#primaryimage\"},\"thumbnailUrl\":\"https:\/\/www.notibras.com\/site\/wp-content\/uploads\/2025\/07\/1122028685_0_0_3071_1728_1920x0_80_0_0_1bb831063ec256a1772624c017720869.jpg.webp\",\"datePublished\":\"2025-07-15T03:19:36+00:00\",\"dateModified\":\"2025-07-15T05:21:12+00:00\",\"breadcrumb\":{\"@id\":\"https:\/\/www.notibras.com\/site\/trump-faz-ameaca-a-putin-se-guerra-com-a-ucrania-nao-acabar-em-50-dias\/#breadcrumb\"},\"inLanguage\":\"pt-BR\",\"potentialAction\":[{\"@type\":\"ReadAction\",\"target\":[\"https:\/\/www.notibras.com\/site\/trump-faz-ameaca-a-putin-se-guerra-com-a-ucrania-nao-acabar-em-50-dias\/\"]}]},{\"@type\":\"ImageObject\",\"inLanguage\":\"pt-BR\",\"@id\":\"https:\/\/www.notibras.com\/site\/trump-faz-ameaca-a-putin-se-guerra-com-a-ucrania-nao-acabar-em-50-dias\/#primaryimage\",\"url\":\"https:\/\/www.notibras.com\/site\/wp-content\/uploads\/2025\/07\/1122028685_0_0_3071_1728_1920x0_80_0_0_1bb831063ec256a1772624c017720869.jpg.webp\",\"contentUrl\":\"https:\/\/www.notibras.com\/site\/wp-content\/uploads\/2025\/07\/1122028685_0_0_3071_1728_1920x0_80_0_0_1bb831063ec256a1772624c017720869.jpg.webp\",\"width\":1920,\"height\":1080},{\"@type\":\"BreadcrumbList\",\"@id\":\"https:\/\/www.notibras.com\/site\/trump-faz-ameaca-a-putin-se-guerra-com-a-ucrania-nao-acabar-em-50-dias\/#breadcrumb\",\"itemListElement\":[{\"@type\":\"ListItem\",\"position\":1,\"name\":\"In\u00edcio\",\"item\":\"https:\/\/www.notibras.com\/site\/\"},{\"@type\":\"ListItem\",\"position\":2,\"name\":\"Trump faz amea\u00e7a a Putin se guerra com a Ucr\u00e2nia n\u00e3o acabar em 50 dias\"}]},{\"@type\":\"WebSite\",\"@id\":\"https:\/\/www.notibras.com\/site\/#website\",\"url\":\"https:\/\/www.notibras.com\/site\/\",\"name\":\"Notibras\",\"description\":\"Not\u00edcias de Bras\u00edlia, do Brasil e do Mundo\",\"publisher\":{\"@id\":\"https:\/\/www.notibras.com\/site\/#organization\"},\"potentialAction\":[{\"@type\":\"SearchAction\",\"target\":{\"@type\":\"EntryPoint\",\"urlTemplate\":\"https:\/\/www.notibras.com\/site\/?s={search_term_string}\"},\"query-input\":{\"@type\":\"PropertyValueSpecification\",\"valueRequired\":true,\"valueName\":\"search_term_string\"}}],\"inLanguage\":\"pt-BR\"},{\"@type\":\"Organization\",\"@id\":\"https:\/\/www.notibras.com\/site\/#organization\",\"name\":\"Grupo Notibras de Comunica\u00e7\u00e3o\",\"url\":\"https:\/\/www.notibras.com\/site\/\",\"logo\":{\"@type\":\"ImageObject\",\"inLanguage\":\"pt-BR\",\"@id\":\"https:\/\/www.notibras.com\/site\/#\/schema\/logo\/image\/\",\"url\":\"https:\/\/www.notibras.com\/site\/wp-content\/uploads\/2023\/01\/notibras23.png\",\"contentUrl\":\"https:\/\/www.notibras.com\/site\/wp-content\/uploads\/2023\/01\/notibras23.png\",\"width\":350,\"height\":87,\"caption\":\"Grupo Notibras de Comunica\u00e7\u00e3o\"},\"image\":{\"@id\":\"https:\/\/www.notibras.com\/site\/#\/schema\/logo\/image\/\"},\"sameAs\":[\"https:\/\/www.facebook.com\/notibras\/\",\"https:\/\/x.com\/Notibras\",\"https:\/\/www.instagram.com\/notibras\/\"]},{\"@type\":\"Person\",\"@id\":\"https:\/\/www.notibras.com\/site\/#\/schema\/person\/36ab0979449956132d3e5b517ea76ac8\",\"name\":\"Reda\u00e7\u00e3o\",\"image\":{\"@type\":\"ImageObject\",\"inLanguage\":\"pt-BR\",\"@id\":\"https:\/\/secure.gravatar.com\/avatar\/e0a867bdedb85fd243eadf09663511f96fc81e0720a4a42581f334ad4303aa6b?s=96&d=mm&r=g\",\"url\":\"https:\/\/secure.gravatar.com\/avatar\/e0a867bdedb85fd243eadf09663511f96fc81e0720a4a42581f334ad4303aa6b?s=96&d=mm&r=g\",\"contentUrl\":\"https:\/\/secure.gravatar.com\/avatar\/e0a867bdedb85fd243eadf09663511f96fc81e0720a4a42581f334ad4303aa6b?s=96&d=mm&r=g\",\"caption\":\"Reda\u00e7\u00e3o\"}}]}<\/script>\n<!-- \/ Yoast SEO plugin. -->","yoast_head_json":{"title":"Trump faz amea\u00e7a a Putin se guerra com a Ucr\u00e2nia n\u00e3o acabar em 50 dias - Notibras","robots":{"index":"index","follow":"follow","max-snippet":"max-snippet:-1","max-image-preview":"max-image-preview:large","max-video-preview":"max-video-preview:-1"},"canonical":"https:\/\/www.notibras.com\/site\/trump-faz-ameaca-a-putin-se-guerra-com-a-ucrania-nao-acabar-em-50-dias\/","og_locale":"pt_BR","og_type":"article","og_title":"Trump faz amea\u00e7a a Putin se guerra com a Ucr\u00e2nia n\u00e3o acabar em 50 dias - Notibras","og_description":"O presidente dos EUA, Donald Trump, anunciou na segunda-feira, 14, que os Estados Unidos impor\u00e3o tarifas secund\u00e1rias de 100% \u00e0 R\u00fassia se nenhuma resolu\u00e7\u00e3o for alcan\u00e7ada no conflito na Ucr\u00e2nia nos pr\u00f3ximos 50 dias. &#8220;Estamos muito, muito insatisfeitos com [a R\u00fassia] e vamos aplicar tarifas muito severas se n\u00e3o chegarmos a um acordo em 50 [&hellip;]","og_url":"https:\/\/www.notibras.com\/site\/trump-faz-ameaca-a-putin-se-guerra-com-a-ucrania-nao-acabar-em-50-dias\/","og_site_name":"Notibras","article_publisher":"https:\/\/www.facebook.com\/notibras\/","article_published_time":"2025-07-15T03:19:36+00:00","article_modified_time":"2025-07-15T05:21:12+00:00","og_image":[{"width":1920,"height":1080,"url":"https:\/\/www.notibras.com\/site\/wp-content\/uploads\/2025\/07\/1122028685_0_0_3071_1728_1920x0_80_0_0_1bb831063ec256a1772624c017720869.jpg.webp","type":"image\/webp"}],"author":"Reda\u00e7\u00e3o","twitter_card":"summary_large_image","twitter_creator":"@Notibras","twitter_site":"@Notibras","twitter_misc":{"Escrito por":"Reda\u00e7\u00e3o","Est. tempo de leitura":"2 minutos"},"schema":{"@context":"https:\/\/schema.org","@graph":[{"@type":"Article","@id":"https:\/\/www.notibras.com\/site\/trump-faz-ameaca-a-putin-se-guerra-com-a-ucrania-nao-acabar-em-50-dias\/#article","isPartOf":{"@id":"https:\/\/www.notibras.com\/site\/trump-faz-ameaca-a-putin-se-guerra-com-a-ucrania-nao-acabar-em-50-dias\/"},"author":{"name":"Reda\u00e7\u00e3o","@id":"https:\/\/www.notibras.com\/site\/#\/schema\/person\/36ab0979449956132d3e5b517ea76ac8"},"headline":"Trump faz amea\u00e7a a Putin se guerra com a Ucr\u00e2nia n\u00e3o acabar em 50 dias","datePublished":"2025-07-15T03:19:36+00:00","dateModified":"2025-07-15T05:21:12+00:00","mainEntityOfPage":{"@id":"https:\/\/www.notibras.com\/site\/trump-faz-ameaca-a-putin-se-guerra-com-a-ucrania-nao-acabar-em-50-dias\/"},"wordCount":330,"publisher":{"@id":"https:\/\/www.notibras.com\/site\/#organization"},"image":{"@id":"https:\/\/www.notibras.com\/site\/trump-faz-ameaca-a-putin-se-guerra-com-a-ucrania-nao-acabar-em-50-dias\/#primaryimage"},"thumbnailUrl":"https:\/\/www.notibras.com\/site\/wp-content\/uploads\/2025\/07\/1122028685_0_0_3071_1728_1920x0_80_0_0_1bb831063ec256a1772624c017720869.jpg.webp","articleSection":["Apocalipse"],"inLanguage":"pt-BR"},{"@type":"WebPage","@id":"https:\/\/www.notibras.com\/site\/trump-faz-ameaca-a-putin-se-guerra-com-a-ucrania-nao-acabar-em-50-dias\/","url":"https:\/\/www.notibras.com\/site\/trump-faz-ameaca-a-putin-se-guerra-com-a-ucrania-nao-acabar-em-50-dias\/","name":"Trump faz amea\u00e7a a Putin se guerra com a Ucr\u00e2nia n\u00e3o acabar em 50 dias - Notibras","isPartOf":{"@id":"https:\/\/www.notibras.com\/site\/#website"},"primaryImageOfPage":{"@id":"https:\/\/www.notibras.com\/site\/trump-faz-ameaca-a-putin-se-guerra-com-a-ucrania-nao-acabar-em-50-dias\/#primaryimage"},"image":{"@id":"https:\/\/www.notibras.com\/site\/trump-faz-ameaca-a-putin-se-guerra-com-a-ucrania-nao-acabar-em-50-dias\/#primaryimage"},"thumbnailUrl":"https:\/\/www.notibras.com\/site\/wp-content\/uploads\/2025\/07\/1122028685_0_0_3071_1728_1920x0_80_0_0_1bb831063ec256a1772624c017720869.jpg.webp","datePublished":"2025-07-15T03:19:36+00:00","dateModified":"2025-07-15T05:21:12+00:00","breadcrumb":{"@id":"https:\/\/www.notibras.com\/site\/trump-faz-ameaca-a-putin-se-guerra-com-a-ucrania-nao-acabar-em-50-dias\/#breadcrumb"},"inLanguage":"pt-BR","potentialAction":[{"@type":"ReadAction","target":["https:\/\/www.notibras.com\/site\/trump-faz-ameaca-a-putin-se-guerra-com-a-ucrania-nao-acabar-em-50-dias\/"]}]},{"@type":"ImageObject","inLanguage":"pt-BR","@id":"https:\/\/www.notibras.com\/site\/trump-faz-ameaca-a-putin-se-guerra-com-a-ucrania-nao-acabar-em-50-dias\/#primaryimage","url":"https:\/\/www.notibras.com\/site\/wp-content\/uploads\/2025\/07\/1122028685_0_0_3071_1728_1920x0_80_0_0_1bb831063ec256a1772624c017720869.jpg.webp","contentUrl":"https:\/\/www.notibras.com\/site\/wp-content\/uploads\/2025\/07\/1122028685_0_0_3071_1728_1920x0_80_0_0_1bb831063ec256a1772624c017720869.jpg.webp","width":1920,"height":1080},{"@type":"BreadcrumbList","@id":"https:\/\/www.notibras.com\/site\/trump-faz-ameaca-a-putin-se-guerra-com-a-ucrania-nao-acabar-em-50-dias\/#breadcrumb","itemListElement":[{"@type":"ListItem","position":1,"name":"In\u00edcio","item":"https:\/\/www.notibras.com\/site\/"},{"@type":"ListItem","position":2,"name":"Trump faz amea\u00e7a a Putin se guerra com a Ucr\u00e2nia n\u00e3o acabar em 50 dias"}]},{"@type":"WebSite","@id":"https:\/\/www.notibras.com\/site\/#website","url":"https:\/\/www.notibras.com\/site\/","name":"Notibras","description":"Not\u00edcias de Bras\u00edlia, do Brasil e do Mundo","publisher":{"@id":"https:\/\/www.notibras.com\/site\/#organization"},"potentialAction":[{"@type":"SearchAction","target":{"@type":"EntryPoint","urlTemplate":"https:\/\/www.notibras.com\/site\/?s={search_term_string}"},"query-input":{"@type":"PropertyValueSpecification","valueRequired":true,"valueName":"search_term_string"}}],"inLanguage":"pt-BR"},{"@type":"Organization","@id":"https:\/\/www.notibras.com\/site\/#organization","name":"Grupo Notibras de Comunica\u00e7\u00e3o","url":"https:\/\/www.notibras.com\/site\/","logo":{"@type":"ImageObject","inLanguage":"pt-BR","@id":"https:\/\/www.notibras.com\/site\/#\/schema\/logo\/image\/","url":"https:\/\/www.notibras.com\/site\/wp-content\/uploads\/2023\/01\/notibras23.png","contentUrl":"https:\/\/www.notibras.com\/site\/wp-content\/uploads\/2023\/01\/notibras23.png","width":350,"height":87,"caption":"Grupo Notibras de Comunica\u00e7\u00e3o"},"image":{"@id":"https:\/\/www.notibras.com\/site\/#\/schema\/logo\/image\/"},"sameAs":["https:\/\/www.facebook.com\/notibras\/","https:\/\/x.com\/Notibras","https:\/\/www.instagram.com\/notibras\/"]},{"@type":"Person","@id":"https:\/\/www.notibras.com\/site\/#\/schema\/person\/36ab0979449956132d3e5b517ea76ac8","name":"Reda\u00e7\u00e3o","image":{"@type":"ImageObject","inLanguage":"pt-BR","@id":"https:\/\/secure.gravatar.com\/avatar\/e0a867bdedb85fd243eadf09663511f96fc81e0720a4a42581f334ad4303aa6b?s=96&d=mm&r=g","url":"https:\/\/secure.gravatar.com\/avatar\/e0a867bdedb85fd243eadf09663511f96fc81e0720a4a42581f334ad4303aa6b?s=96&d=mm&r=g","contentUrl":"https:\/\/secure.gravatar.com\/avatar\/e0a867bdedb85fd243eadf09663511f96fc81e0720a4a42581f334ad4303aa6b?s=96&d=mm&r=g","caption":"Reda\u00e7\u00e3o"}}]}},"amp_enabled":true,"_links":{"self":[{"href":"https:\/\/www.notibras.com\/site\/wp-json\/wp\/v2\/posts\/358193","targetHints":{"allow":["GET"]}}],"collection":[{"href":"https:\/\/www.notibras.com\/site\/wp-json\/wp\/v2\/posts"}],"about":[{"href":"https:\/\/www.notibras.com\/site\/wp-json\/wp\/v2\/types\/post"}],"author":[{"embeddable":true,"href":"https:\/\/www.notibras.com\/site\/wp-json\/wp\/v2\/users\/2"}],"replies":[{"embeddable":true,"href":"https:\/\/www.notibras.com\/site\/wp-json\/wp\/v2\/comments?post=358193"}],"version-history":[{"count":1,"href":"https:\/\/www.notibras.com\/site\/wp-json\/wp\/v2\/posts\/358193\/revisions"}],"predecessor-version":[{"id":358195,"href":"https:\/\/www.notibras.com\/site\/wp-json\/wp\/v2\/posts\/358193\/revisions\/358195"}],"wp:featuredmedia":[{"embeddable":true,"href":"https:\/\/www.notibras.com\/site\/wp-json\/wp\/v2\/media\/358194"}],"wp:attachment":[{"href":"https:\/\/www.notibras.com\/site\/wp-json\/wp\/v2\/media?parent=358193"}],"wp:term":[{"taxonomy":"category","embeddable":true,"href":"https:\/\/www.notibras.com\/site\/wp-json\/wp\/v2\/categories?post=358193"},{"taxonomy":"post_tag","embeddable":true,"href":"https:\/\/www.notibras.com\/site\/wp-json\/wp\/v2\/tags?post=358193"}],"curies":[{"name":"wp","href":"https:\/\/api.w.org\/{rel}","templated":true}]}}