{"id":358219,"date":"2025-07-16T02:00:06","date_gmt":"2025-07-16T05:00:06","guid":{"rendered":"https:\/\/www.notibras.com\/site\/?p=358219"},"modified":"2025-07-16T23:41:18","modified_gmt":"2025-07-17T02:41:18","slug":"jovem-se-apaixona-por-homem-mais-velho-e-nao-da-ouvido-a-mae","status":"publish","type":"post","link":"https:\/\/www.notibras.com\/site\/jovem-se-apaixona-por-homem-mais-velho-e-nao-da-ouvido-a-mae\/","title":{"rendered":"Jovem se apaixona por homem mais velho e n\u00e3o d\u00e1 ouvido \u00e0 m\u00e3e"},"content":{"rendered":"<p>Sempre foi impetuosa, audaciosa e, pior, teimosa. A m\u00e3e, sabedora desses predicativos, tentava, em v\u00e3o, dissuadir Lorena de certas decis\u00f5es. Entretanto, ju\u00edzo era algo que, caso a garota tivesse conhecimento, certamente daria de ombros, como se j\u00e1 tivesse nascido com toda a sabedoria do mundo.<\/p>\n<p>Aos 18, Lorena se engra\u00e7ou para o lado de Ot\u00e1vio, homem j\u00e1 passado dos 30. O problema, segundo a genitora da mo\u00e7oila, n\u00e3o era a diferen\u00e7a de idade, mesmo porque ela e o marido sustentavam quase 20 anos de abismo et\u00e1rio. No entanto, a mulher, que at\u00e9 acreditava no amor entre a filha e o genro, tinha l\u00e1 outras desconfian\u00e7as.<\/p>\n<p>\u2014 Lorena, podemos falar sobre esse seu namorado?<\/p>\n<p>\u2014 Ah, mam\u00e3e, l\u00e1 vem a senhora querendo se intrometer na minha vida.<\/p>\n<p>\u2014 N\u00e3o \u00e9 isso, minha filha.<\/p>\n<p>\u2014 Ent\u00e3o, o que \u00e9?<\/p>\n<p>\u2014 \u00c9 que reparei algo no Ot\u00e1vio e n\u00e3o gostei.<\/p>\n<p>\u2014 Do qu\u00ea? Ele \u00e9 um gato!<\/p>\n<p>\u2014 Isso \u00e9 verdade e n\u00e3o sou maluca de discordar.<\/p>\n<p>\u2014 Ent\u00e3o, qual \u00e9 o problema com o amor da minha vida?<\/p>\n<p>\u2014 O bigode.<\/p>\n<p>\u2014 O qu\u00ea?<\/p>\n<p>\u2014 O bigode.<\/p>\n<p>\u2014 Hum! Ah, mam\u00e3e, s\u00f3 a senhora pra me fazer rir.<\/p>\n<p>Dito isso, Lorena n\u00e3o quis mais conversa e, seis meses ap\u00f3s, j\u00e1 estava em lua de mel com Ot\u00e1vio. Ali\u00e1s, n\u00e3o uma lua de mel qualquer, mas em Buenos Aires, com direito \u00e0 hospedagem no bairro mais afamado da capital argentina: Recoleta.<\/p>\n<p>O retorno para Bras\u00edlia aconteceu uma semana ap\u00f3s, onde os rec\u00e9m-casados se instalaram em um apartamento no Sudoeste. Tudo parecia perfeito, at\u00e9 que, j\u00e1 no m\u00eas seguinte, Lorena andava \u00e0s turras com o marido. N\u00e3o deu outra e l\u00e1 foi a jovem ter um dedo de prosa com a m\u00e3e.<\/p>\n<p>\u2014 Mam\u00e3e, o Ot\u00e1vio tem um g\u00eanio terr\u00edvel. Eita, homem complicado!<\/p>\n<p>\u2014 Pois \u00e9, minha filha.<\/p>\n<p>\u2014 Pois \u00e9 o qu\u00ea, mam\u00e3e?<\/p>\n<p>\u2014 Eu at\u00e9 tentei te alertar, mas voc\u00ea n\u00e3o me deu ouvido.<\/p>\n<p>\u2014 Hum! Pois diga o que a senhora queria me falar.<\/p>\n<p>\u2014 Lorena, um homem que cultiva um bigode daqueles n\u00e3o pode ter uma personalidade f\u00e1cil.<\/p>\n<p>\u2026\u2026\u2026\u2026\u2026\u2026\u2026\u2026\u2026\u2026\u2026\u2026<\/p>\n<p><strong>Eduardo Mart\u00ednez \u00e9 autor do livro 57 Contos e Cr\u00f4nicas por um Autor Muito Velho\u2019<\/strong><\/p>\n<p><strong>Compre aqui<\/strong> &#x1f447;&#x1f3ff;<\/p>\n<p><a href=\"https:\/\/www.joanineditora.com.br\/57-contos-e-cronicas-por-um-autor-muito-velho\">https:\/\/www.joanineditora.com.br\/57-contos-e-cronicas-por-um-autor-muito-velho<\/a><\/p>\n","protected":false},"excerpt":{"rendered":"<p>Sempre foi impetuosa, audaciosa e, pior, teimosa. A m\u00e3e, sabedora desses predicativos, tentava, em v\u00e3o, dissuadir Lorena de certas decis\u00f5es. Entretanto, ju\u00edzo era algo que, caso a garota tivesse conhecimento, certamente daria de ombros, como se j\u00e1 tivesse nascido com toda a sabedoria do mundo. Aos 18, Lorena se engra\u00e7ou para o lado de Ot\u00e1vio, [&hellip;]<\/p>\n","protected":false},"author":21,"featured_media":358220,"comment_status":"closed","ping_status":"closed","sticky":false,"template":"","format":"standard","meta":{"_acf_changed":false,"footnotes":""},"categories":[161],"tags":[],"class_list":["post-358219","post","type-post","status-publish","format-standard","has-post-thumbnail","hentry","category-quadradinho-em-foco"],"acf":[],"_links":{"self":[{"href":"https:\/\/www.notibras.com\/site\/wp-json\/wp\/v2\/posts\/358219","targetHints":{"allow":["GET"]}}],"collection":[{"href":"https:\/\/www.notibras.com\/site\/wp-json\/wp\/v2\/posts"}],"about":[{"href":"https:\/\/www.notibras.com\/site\/wp-json\/wp\/v2\/types\/post"}],"author":[{"embeddable":true,"href":"https:\/\/www.notibras.com\/site\/wp-json\/wp\/v2\/users\/21"}],"replies":[{"embeddable":true,"href":"https:\/\/www.notibras.com\/site\/wp-json\/wp\/v2\/comments?post=358219"}],"version-history":[{"count":3,"href":"https:\/\/www.notibras.com\/site\/wp-json\/wp\/v2\/posts\/358219\/revisions"}],"predecessor-version":[{"id":358448,"href":"https:\/\/www.notibras.com\/site\/wp-json\/wp\/v2\/posts\/358219\/revisions\/358448"}],"wp:featuredmedia":[{"embeddable":true,"href":"https:\/\/www.notibras.com\/site\/wp-json\/wp\/v2\/media\/358220"}],"wp:attachment":[{"href":"https:\/\/www.notibras.com\/site\/wp-json\/wp\/v2\/media?parent=358219"}],"wp:term":[{"taxonomy":"category","embeddable":true,"href":"https:\/\/www.notibras.com\/site\/wp-json\/wp\/v2\/categories?post=358219"},{"taxonomy":"post_tag","embeddable":true,"href":"https:\/\/www.notibras.com\/site\/wp-json\/wp\/v2\/tags?post=358219"}],"curies":[{"name":"wp","href":"https:\/\/api.w.org\/{rel}","templated":true}]}}