{"id":358338,"date":"2025-07-16T08:05:02","date_gmt":"2025-07-16T11:05:02","guid":{"rendered":"https:\/\/www.notibras.com\/site\/?p=358338"},"modified":"2025-07-16T08:05:02","modified_gmt":"2025-07-16T11:05:02","slug":"recife-fecha-as-portas-e-abre-o-coracao-para-nossa-senhora-do-carmo","status":"publish","type":"post","link":"https:\/\/www.notibras.com\/site\/recife-fecha-as-portas-e-abre-o-coracao-para-nossa-senhora-do-carmo\/","title":{"rendered":"Recife fecha as portas e abre o cora\u00e7\u00e3o para Nossa Senhora do Carmo"},"content":{"rendered":"<p data-start=\"152\" data-end=\"587\">H\u00e1 dias em que o tempo desacelera, e o cora\u00e7\u00e3o da cidade bate num compasso mais antigo. Nesta quarta-feira, 16, Recife para. Mas n\u00e3o por protesto, nem por engarrafamento. Para por devo\u00e7\u00e3o. Pela f\u00e9 que atravessa s\u00e9culos, sobrevive a modismos, pol\u00edticas e esquecimentos. Para para seguir, com olhos \u00famidos e p\u00e9s no ch\u00e3o, a imagem de Nossa Senhora do Carmo, padroeira da cidade, rainha dos c\u00e9us e guardi\u00e3 das esquinas do cora\u00e7\u00e3o nordestino.<\/p>\n<p data-start=\"589\" data-end=\"903\">Desde as primeiras luzes da manh\u00e3, a cidade j\u00e1 anunciava: \u00e9 dia santo, \u00e9 dia grande. O cheiro de incenso misturava-se ao das flores frescas que enfeitavam altares improvisados em janelas, cal\u00e7adas e pra\u00e7as. Sinos repicavam, n\u00e3o como eco antigo, mas como chamado presente: &#8220;Vinde, \u00f3 fi\u00e9is! A M\u00e3e caminha entre n\u00f3s.&#8221;<\/p>\n<p data-start=\"905\" data-end=\"1345\">A prociss\u00e3o, centen\u00e1ria como os sobrados do Recife Antigo, vai sair imponente da Bas\u00edlica do Carmo, aquela mesma que h\u00e1 quase tr\u00eas s\u00e9culos testemunha promessas e milagres. Levada nos ombros dos devotos, a santa parecer\u00e1 flutuar. Olhos cerrados, m\u00e3os postas, vestes alvas que tremulam com o vento das ladainhas. Gente de todo canto: crian\u00e7a no colo, idosos de joelhos, comerciantes que fecham as portas por algumas horas para abrir o cora\u00e7\u00e3o.<\/p>\n<p data-start=\"1347\" data-end=\"1639\">E ali, entre passos lentos e ora\u00e7\u00f5es murmuradas, estar\u00e3o tamb\u00e9m as dores da cidade \u2014 as que a f\u00e9 suaviza. Cada vela acesa dir\u00e1 mais do que palavras: gratid\u00e3o, saudade, esperan\u00e7a. Um Recife que, apesar de moderno e ligeiro, ainda se ajoelha diante daquilo que n\u00e3o se explica, apenas se sente.<\/p>\n<p data-start=\"1641\" data-end=\"1868\">A prociss\u00e3o avan\u00e7ar\u00e1, e atr\u00e1s dela estar\u00e1 a alma da cidade. Pode at\u00e9 haver o batuque do maracatu silenciado, a poesia de Capiba sussurrada, o povo em sil\u00eancio respeitoso. At\u00e9 o c\u00e9u, cinzento de julho, deve segurar a chuva em respeito.<\/p>\n<p data-start=\"1870\" data-end=\"2198\">Quando a imagem voltar ao altar, j\u00e1 ao entardecer, o Recife vai respirar fundo. O dia passar\u00e1 diferente. Mais leve. Mais crente. E enquanto a multid\u00e3o se dispersar, restar\u00e1 no ar a certeza de que, mais do que padroeira, Nossa Senhora do Carmo \u00e9 a m\u00e3e que faz a cidade lembrar de si mesma \u2014 de sua f\u00e9, de sua hist\u00f3ria, de seu povo.<\/p>\n","protected":false},"excerpt":{"rendered":"<p>H\u00e1 dias em que o tempo desacelera, e o cora\u00e7\u00e3o da cidade bate num compasso mais antigo. Nesta quarta-feira, 16, Recife para. Mas n\u00e3o por protesto, nem por engarrafamento. Para por devo\u00e7\u00e3o. Pela f\u00e9 que atravessa s\u00e9culos, sobrevive a modismos, pol\u00edticas e esquecimentos. Para para seguir, com olhos \u00famidos e p\u00e9s no ch\u00e3o, a imagem [&hellip;]<\/p>\n","protected":false},"author":2,"featured_media":358342,"comment_status":"closed","ping_status":"closed","sticky":false,"template":"","format":"standard","meta":{"_acf_changed":false,"footnotes":""},"categories":[165],"tags":[],"class_list":["post-358338","post","type-post","status-publish","format-standard","has-post-thumbnail","hentry","category-nordeste"],"acf":[],"_links":{"self":[{"href":"https:\/\/www.notibras.com\/site\/wp-json\/wp\/v2\/posts\/358338","targetHints":{"allow":["GET"]}}],"collection":[{"href":"https:\/\/www.notibras.com\/site\/wp-json\/wp\/v2\/posts"}],"about":[{"href":"https:\/\/www.notibras.com\/site\/wp-json\/wp\/v2\/types\/post"}],"author":[{"embeddable":true,"href":"https:\/\/www.notibras.com\/site\/wp-json\/wp\/v2\/users\/2"}],"replies":[{"embeddable":true,"href":"https:\/\/www.notibras.com\/site\/wp-json\/wp\/v2\/comments?post=358338"}],"version-history":[{"count":1,"href":"https:\/\/www.notibras.com\/site\/wp-json\/wp\/v2\/posts\/358338\/revisions"}],"predecessor-version":[{"id":358344,"href":"https:\/\/www.notibras.com\/site\/wp-json\/wp\/v2\/posts\/358338\/revisions\/358344"}],"wp:featuredmedia":[{"embeddable":true,"href":"https:\/\/www.notibras.com\/site\/wp-json\/wp\/v2\/media\/358342"}],"wp:attachment":[{"href":"https:\/\/www.notibras.com\/site\/wp-json\/wp\/v2\/media?parent=358338"}],"wp:term":[{"taxonomy":"category","embeddable":true,"href":"https:\/\/www.notibras.com\/site\/wp-json\/wp\/v2\/categories?post=358338"},{"taxonomy":"post_tag","embeddable":true,"href":"https:\/\/www.notibras.com\/site\/wp-json\/wp\/v2\/tags?post=358338"}],"curies":[{"name":"wp","href":"https:\/\/api.w.org\/{rel}","templated":true}]}}