{"id":358347,"date":"2025-07-16T00:07:02","date_gmt":"2025-07-16T03:07:02","guid":{"rendered":"https:\/\/www.notibras.com\/site\/?p=358347"},"modified":"2025-07-16T08:10:06","modified_gmt":"2025-07-16T11:10:06","slug":"negros-perdem-espaco-na-hora-de-fazer-pos-graduacao","status":"publish","type":"post","link":"https:\/\/www.notibras.com\/site\/negros-perdem-espaco-na-hora-de-fazer-pos-graduacao\/","title":{"rendered":"Negros perdem espa\u00e7o na hora de fazer p\u00f3s-gradua\u00e7\u00e3o"},"content":{"rendered":"<p>Entre os anos de 1996 a 2021, quase a metade dos t\u00edtulos de mestrado (49,5%) e um sexto das titula\u00e7\u00f5es de doutorado (57,8%) foram obtidos por pessoas brancas. Apesar de majorit\u00e1rios na popula\u00e7\u00e3o brasileira (55,5%, conforme o Censo 2022), os negros s\u00e3o minorit\u00e1rios nos cursos de p\u00f3s-gradua\u00e7\u00e3o stricto sensu.<img decoding=\"async\" src=\"https:\/\/agenciabrasil.ebc.com.br\/ebc.png?id=1650886&amp;o=node\" \/><img decoding=\"async\" src=\"https:\/\/agenciabrasil.ebc.com.br\/ebc.gif?id=1650886&amp;o=node\" \/> O estudo sobre diversidade racial est\u00e1 sendo debatido na 77\u00aa Reuni\u00e3o Anual da Sociedade Brasileira para o Progresso da Ci\u00eanca (SBPC), que acontece em Recife.<\/p>\n<p>\u201cPretos representam apenas 4,1% dos mestres e 3,4% dos doutores, enquanto pardos somam 16,7% e 14,9%, respectivamente. Os ind\u00edgenas correspondem a apenas 0,23% das titula\u00e7\u00f5es de mestrado e 0,3% das de doutorado no per\u00edodo\u201d, descreve nota \u00e0 imprensa sobre levantamento do Centro de Gest\u00e3o e Estudos Estrat\u00e9gicos (CGEE), uma associa\u00e7\u00e3o civil sem fins lucrativos, sediada em Bras\u00edlia, supervisionada pelo Minist\u00e9rio da Ci\u00eancia, Tecnologia e Inova\u00e7\u00e3o (MCTI).<\/p>\n<p>Al\u00e9m dos resultados acumulados em 25 anos 1996 a 2021, o flagrante da desigualdade tamb\u00e9m \u00e9 capturado de outra forma pelo CGEE: \u201cem 2021, enquanto havia 38,9 mestres brancos por 100 mil habitantes, havia apenas 21,4 entre pretos, 16,1 entre pardos e 16 entre ind\u00edgenas. A diferen\u00e7a \u00e9 ainda mais cr\u00edtica no doutorado: brancos somavam 14,5 por 100 mil habitantes, ante cerca de 5 por 100 mil para pretos, pardos e ind\u00edgenas.\u201d<\/p>\n<p>As disparidades permanecem no mercado de trabalho, ap\u00f3s a conclus\u00e3o dos cursos entre quem tem a mesma titula\u00e7\u00e3o. \u201cos brancos ainda concentram a maior parte dos v\u00ednculos empregat\u00edcios\u201d, assim como permanecem as diferen\u00e7as de remunera\u00e7\u00e3o. \u201cEm 2021, os mestres pretos recebiam, em m\u00e9dia, 13,6% a menos que os mestres brancos. Entre os doutores, a diferen\u00e7a foi de 6,4%.\u201d<\/p>\n<p>\u201cQuando se analisa a remunera\u00e7\u00e3o, observa-se uma desvantagem significativa, com sal\u00e1rios inferiores aos da popula\u00e7\u00e3o branca, tomada como refer\u00eancia por apresentar as maiores remunera\u00e7\u00f5es entre mestres e doutores\u201d, acrescenta em nota coordenadora do estudo, Sofia Daher assessora t\u00e9cnica do CGEE e analista em ci\u00eancia e tecnologia.<\/p>\n","protected":false},"excerpt":{"rendered":"<p>Entre os anos de 1996 a 2021, quase a metade dos t\u00edtulos de mestrado (49,5%) e um sexto das titula\u00e7\u00f5es de doutorado (57,8%) foram obtidos por pessoas brancas. Apesar de majorit\u00e1rios na popula\u00e7\u00e3o brasileira (55,5%, conforme o Censo 2022), os negros s\u00e3o minorit\u00e1rios nos cursos de p\u00f3s-gradua\u00e7\u00e3o stricto sensu. O estudo sobre diversidade racial est\u00e1 [&hellip;]<\/p>\n","protected":false},"author":2,"featured_media":358348,"comment_status":"closed","ping_status":"closed","sticky":false,"template":"","format":"standard","meta":{"_acf_changed":false,"footnotes":""},"categories":[165],"tags":[],"class_list":["post-358347","post","type-post","status-publish","format-standard","has-post-thumbnail","hentry","category-nordeste"],"acf":[],"_links":{"self":[{"href":"https:\/\/www.notibras.com\/site\/wp-json\/wp\/v2\/posts\/358347","targetHints":{"allow":["GET"]}}],"collection":[{"href":"https:\/\/www.notibras.com\/site\/wp-json\/wp\/v2\/posts"}],"about":[{"href":"https:\/\/www.notibras.com\/site\/wp-json\/wp\/v2\/types\/post"}],"author":[{"embeddable":true,"href":"https:\/\/www.notibras.com\/site\/wp-json\/wp\/v2\/users\/2"}],"replies":[{"embeddable":true,"href":"https:\/\/www.notibras.com\/site\/wp-json\/wp\/v2\/comments?post=358347"}],"version-history":[{"count":1,"href":"https:\/\/www.notibras.com\/site\/wp-json\/wp\/v2\/posts\/358347\/revisions"}],"predecessor-version":[{"id":358349,"href":"https:\/\/www.notibras.com\/site\/wp-json\/wp\/v2\/posts\/358347\/revisions\/358349"}],"wp:featuredmedia":[{"embeddable":true,"href":"https:\/\/www.notibras.com\/site\/wp-json\/wp\/v2\/media\/358348"}],"wp:attachment":[{"href":"https:\/\/www.notibras.com\/site\/wp-json\/wp\/v2\/media?parent=358347"}],"wp:term":[{"taxonomy":"category","embeddable":true,"href":"https:\/\/www.notibras.com\/site\/wp-json\/wp\/v2\/categories?post=358347"},{"taxonomy":"post_tag","embeddable":true,"href":"https:\/\/www.notibras.com\/site\/wp-json\/wp\/v2\/tags?post=358347"}],"curies":[{"name":"wp","href":"https:\/\/api.w.org\/{rel}","templated":true}]}}