{"id":358364,"date":"2025-07-16T00:00:46","date_gmt":"2025-07-16T03:00:46","guid":{"rendered":"https:\/\/www.notibras.com\/site\/?p=358364"},"modified":"2025-07-16T08:46:04","modified_gmt":"2025-07-16T11:46:04","slug":"queijo-criado-e-produzido-em-brasilia-coleciona-premios","status":"publish","type":"post","link":"https:\/\/www.notibras.com\/site\/queijo-criado-e-produzido-em-brasilia-coleciona-premios\/","title":{"rendered":"Queijo criado e produzido em Bras\u00edlia coleciona pr\u00eamios"},"content":{"rendered":"<p><!--StartFragment --><\/p>\n<p class=\"pf0\"><span class=\"cf0\">Uma hist\u00f3ria bem familiar, de av\u00f3s querendo ajudar a neta pequena, transformou-se em um neg\u00f3cio <\/span><span class=\"cf2\">\u2014 tamb<\/span><span class=\"cf0\">\u00e9m familiar <\/span><span class=\"cf2\">\u2014 que vem colecionando pr<\/span><span class=\"cf0\">\u00eamios nacionais e internacionais. Criada e baseada em Bras\u00edlia, a <\/span><span class=\"cf0\">Cabr\u00edssima<\/span><span class=\"cf0\"> Queijaria Artesanal acaba de conquistar tr\u00eas medalhas, sendo duas de ouro, no Arax\u00e1 <\/span><span class=\"cf0\">International<\/span> <span class=\"cf0\">Cheese<\/span><span class=\"cf0\"> Awards e mais o t\u00edtulo de melhor queijo do Distrito Federal no VIII Pr\u00eamio Queijo Brasil. Tudo com ajuda da Empresa de Assist\u00eancia T\u00e9cnica e Extens\u00e3o Rural do DF (Emater-DF).<\/span><\/p>\n<p class=\"pf0\"><span class=\"cf0\">As origens da <\/span><span class=\"cf0\">Cabr\u00edssima<\/span><span class=\"cf0\"> s\u00e3o, na verdade, um pouquinho anteriores \u00e0 chegada da neta do casal Aurelino Almeida, 69 anos, e Giovana Navarro, 69 <\/span><span class=\"cf2\">\u2014 os criadores da marca. &#8220;Mais de 20 anos atr<\/span><span class=\"cf0\">\u00e1s, eu dei um presente de grego para ela [a esposa]: duas cabras, Gl\u00f3ria e Vit\u00f3ria. A gente criou, fez queijo e fez iogurte por nove anos, mas a gente tinha emprego, tinha que conciliar com a produ\u00e7\u00e3o e n\u00e3o \u00e9 f\u00e1cil. A\u00ed foi ficando puxado e tivemos que fazer uma escolha: as cabras ou o emprego. Na \u00e9poca, como tinha filho pequeno, a gente usou da sensatez e optou pelo emprego&#8221;, lembra seu Aurelino.<\/span><\/p>\n<p class=\"pf0\"><span class=\"cf0\">Passadas duas d\u00e9cadas, com o casal de servidores p\u00fablicos j\u00e1 aposentado, veio a primeira neta. E as cabras tamb\u00e9m acabaram voltando \u00e0 vida de Aurelino e Giovana <\/span><span class=\"cf2\">\u2014 desta vez, para ficar. &#8220;A gente aposentou e come<\/span><span class=\"cf0\">\u00e7ou a pensar o que fazer para n\u00e3o parar de vez. Quer\u00edamos algo que fosse bom para a sa\u00fade das pessoas e coincidiu que a nossa primeira neta nasceu e teve problema para mamar no peito da m\u00e3e. A\u00ed eu falei: &#8216;Vamos dar leite de cabra para essa menina&#8217;. S\u00f3 que eu procurei leite de cabra e n\u00e3o encontrei, n\u00e3o achei uma pessoa que me entregasse. Ent\u00e3o eu disse: &#8216;Vou ter que comprar uma cabra'&#8221;, conta ele.<\/span><\/p>\n<p class=\"pf0\"><span class=\"cf0\">Aurelino foi a um criadouro. Mas os donos haviam morrido h\u00e1 pouco e o local ficou precarizado. O aposentado n\u00e3o pensou duas vezes para decidir o que fazer: &#8220;Sa\u00ed para comprar uma cabra e comprei dez. Depois fomos comprar mais cinco. Dessas 15, dez morreram no primeiro ano, porque estavam muito debilitadas. Das cinco, hoje a gente tem a\u00ed em torno de 120&#8221;. E assim nasceu a empresa que hoje \u00e9 refer\u00eancia no setor. &#8220;A gente n\u00e3o tinha inten\u00e7\u00e3o de criar cabra. Eu queria s\u00f3 uma cabra para dar leite para a minha neta. Como a gente j\u00e1 tinha criado antes e j\u00e1 fazia algumas coisas, come\u00e7amos a fazer um queijinho. A\u00ed foi um queijinho aqui, outro ali e, em 29 de junho de 2022, a gente inaugurou.&#8221;<\/span><\/p>\n<p class=\"pf0\"><span class=\"cf0\">O &#8220;queijinho aqui e ali&#8221; do casal ganhou o mundo. &#8220;Estamos totalizando hoje 17 medalhas de ouro, seis de prata e tr\u00eas de bronze em um per\u00edodo curto. Ent\u00e3o, isso nos d\u00e1 mais responsabilidade, porque a gente precisa garantir que o nosso produto tenha essa qualidade e at\u00e9 acima dela. [Os pr\u00eamios s\u00e3o] muito importantes e fazem com que a gente comece a valorizar o queijo aqui no Brasil&#8221;, pontua dona Giovana.<\/span><\/p>\n<p class=\"pf0\"><span class=\"cf0\">&#8220;A gente n\u00e3o tinha inten\u00e7\u00e3o de criar cabra. Eu queria s\u00f3 uma cabra para dar leite para a minha neta. Como a gente j\u00e1 tinha criado antes e j\u00e1 fazia algumas coisas, come\u00e7amos a fazer um queijinho&#8221;, diz Aurelino Almeida<\/span><\/p>\n<p class=\"pf0\"><span class=\"cf0\">As premia\u00e7\u00f5es mais recentes foram dois ouros e um bronze no Arax\u00e1 <\/span><span class=\"cf0\">International<\/span> <span class=\"cf0\">Cheese<\/span><span class=\"cf0\"> Awards 2025; seis ouros, duas pratas e o t\u00edtulo de melhor queijo do DF no VIII Pr\u00eamio Queijo Brasil. Para chegar a esse patamar foi preciso muita qualidade, mas tamb\u00e9m um empurr\u00e3ozinho da Emater. &#8220;Quando eles decidiram que iam se tornar criadores e, posteriormente, queijeiros, a Emater esteve presente, ensinando a eles a tecnologia de se criar cabra e de se montar a agroind\u00fastria. Houve esse primeiro momento em que a gente participou da constru\u00e7\u00e3o t\u00e9cnica da propriedade, mas, para que desse certo, entra o programa Empreender e Inovar, trazendo conhecimento da gest\u00e3o. E o nosso objetivo \u00e9 transformar o produtor em empreendedor e esse, na verdade, \u00e9 o maior dos desafios&#8221;, aponta o extensionista da Emater-DF Carlos Goulart, que acompanha a <\/span><span class=\"cf0\">Cabr\u00edssima<\/span><span class=\"cf0\"> h\u00e1 dois anos e meio.<\/span><\/p>\n<p class=\"pf0\"><span class=\"cf0\">O apoio, refor\u00e7a Giovana, foi fundamental para a marca alcan\u00e7ar a posi\u00e7\u00e3o de destaque que tem hoje. &#8220;N\u00e3o adianta voc\u00ea saber fazer uma coisa bem feita se voc\u00ea n\u00e3o sabe precificar, n\u00e3o sabe o que \u00e9 lucro. Voc\u00ea tem que saber gerir a empresa e gerir n\u00e3o \u00e9 t\u00e3o simples assim. Esse trabalho da Emater est\u00e1 sendo fant\u00e1stico e \u00e9 importante que chegue a mais pessoas, porque n\u00e3o adianta a <\/span><span class=\"cf0\">Cabr\u00edssima<\/span><span class=\"cf0\"> crescer e os outros n\u00e3o, ou crescerem e depois quebrarem.&#8221;<\/span><\/p>\n<p class=\"pf0\"><span class=\"cf0\">Esse senso de coletividade \u00e9 o que norteia, por exemplo, a consolida\u00e7\u00e3o da Rota do Queijo. A iniciativa nasceu na Emater, mas, hoje, diferentes \u00f3rg\u00e3os do Governo do Distrito Federal (GDF) se uniram <\/span><span class=\"cf2\">\u2014 com participa<\/span><span class=\"cf0\">\u00e7\u00e3o dos produtores <\/span><span class=\"cf2\">\u2014 para estabelecer a rota, nos moldes do que aconteceu com a da uva, que tem estimulado o <\/span><span class=\"cf2\">enoturismo<\/span><span class=\"cf2\"> no DF.<\/span><\/p>\n<p class=\"pf0\"><span class=\"cf0\">A pr\u00f3pria <\/span><span class=\"cf0\">Cabr\u00edssima<\/span><span class=\"cf0\"> j\u00e1 abriu suas portas para o turismo rural. Periodicamente, o espa\u00e7o onde as cabras s\u00e3o criadas e os queijos s\u00e3o produzidos, no Lago Oeste, recebe visitantes de todas as idades. A programa\u00e7\u00e3o de visitas, bem como a loja virtual da marca, pode ser conferida no site da empresa.<\/span><\/p>\n<p class=\"pf0\"><span class=\"cf0\">Daqui para a frente, essa hist\u00f3ria familiar, que come\u00e7ou com o &#8220;presente de grego&#8221; e nasceu de fato na ajuda \u00e0 neta, vai seguir firme. O casal afirma n\u00e3o ter planos de expandir a produ\u00e7\u00e3o, mas, sim, de continuar investindo na qualidade dos produtos. Sempre na companhia das cabras. &#8220;Depois que voc\u00ea cria cabra, percebe que ela \u00e9 apaixonante, \u00e9 alegre, \u00e9 d\u00f3cil, \u00e9 interativa, al\u00e9m de produzir um leite de alt\u00edssima qualidade para o sabor e para a nossa sa\u00fade. \u00c9 fant\u00e1stico. \u00c9 como uma cacha\u00e7a boa, vicia&#8221;, arremata Giovana.<\/span><\/p>\n<p><!--EndFragment --><\/p>\n","protected":false},"excerpt":{"rendered":"<p>Uma hist\u00f3ria bem familiar, de av\u00f3s querendo ajudar a neta pequena, transformou-se em um neg\u00f3cio \u2014 tamb\u00e9m familiar \u2014 que vem colecionando pr\u00eamios nacionais e internacionais. Criada e baseada em Bras\u00edlia, a Cabr\u00edssima Queijaria Artesanal acaba de conquistar tr\u00eas medalhas, sendo duas de ouro, no Arax\u00e1 International Cheese Awards e mais o t\u00edtulo de melhor [&hellip;]<\/p>\n","protected":false},"author":2,"featured_media":358365,"comment_status":"closed","ping_status":"closed","sticky":false,"template":"","format":"standard","meta":{"_acf_changed":false,"footnotes":""},"categories":[161],"tags":[],"class_list":["post-358364","post","type-post","status-publish","format-standard","has-post-thumbnail","hentry","category-quadradinho-em-foco"],"acf":[],"_links":{"self":[{"href":"https:\/\/www.notibras.com\/site\/wp-json\/wp\/v2\/posts\/358364","targetHints":{"allow":["GET"]}}],"collection":[{"href":"https:\/\/www.notibras.com\/site\/wp-json\/wp\/v2\/posts"}],"about":[{"href":"https:\/\/www.notibras.com\/site\/wp-json\/wp\/v2\/types\/post"}],"author":[{"embeddable":true,"href":"https:\/\/www.notibras.com\/site\/wp-json\/wp\/v2\/users\/2"}],"replies":[{"embeddable":true,"href":"https:\/\/www.notibras.com\/site\/wp-json\/wp\/v2\/comments?post=358364"}],"version-history":[{"count":1,"href":"https:\/\/www.notibras.com\/site\/wp-json\/wp\/v2\/posts\/358364\/revisions"}],"predecessor-version":[{"id":358366,"href":"https:\/\/www.notibras.com\/site\/wp-json\/wp\/v2\/posts\/358364\/revisions\/358366"}],"wp:featuredmedia":[{"embeddable":true,"href":"https:\/\/www.notibras.com\/site\/wp-json\/wp\/v2\/media\/358365"}],"wp:attachment":[{"href":"https:\/\/www.notibras.com\/site\/wp-json\/wp\/v2\/media?parent=358364"}],"wp:term":[{"taxonomy":"category","embeddable":true,"href":"https:\/\/www.notibras.com\/site\/wp-json\/wp\/v2\/categories?post=358364"},{"taxonomy":"post_tag","embeddable":true,"href":"https:\/\/www.notibras.com\/site\/wp-json\/wp\/v2\/tags?post=358364"}],"curies":[{"name":"wp","href":"https:\/\/api.w.org\/{rel}","templated":true}]}}