{"id":358369,"date":"2025-07-16T00:09:47","date_gmt":"2025-07-16T03:09:47","guid":{"rendered":"https:\/\/www.notibras.com\/site\/?p=358369"},"modified":"2025-07-16T09:02:40","modified_gmt":"2025-07-16T12:02:40","slug":"buriti-e-judiciario-firmam-parceria-para-plantio-de-70-mil-arvores","status":"publish","type":"post","link":"https:\/\/www.notibras.com\/site\/buriti-e-judiciario-firmam-parceria-para-plantio-de-70-mil-arvores\/","title":{"rendered":"Buriti e Judici\u00e1rio firmam parceria para plantio de 70 mil \u00e1rvores"},"content":{"rendered":"<p><!--StartFragment --><\/p>\n<p class=\"pf0\"><span class=\"cf0\">A Secretaria do Meio Ambiente participou de solenidade no Tribunal Superior do Trabalho (TST) para tratar da implementa\u00e7\u00e3o de um Plano de Compensa\u00e7\u00e3o Ambiental, em cumprimento \u00e0 Resolu\u00e7\u00e3o CNJ <\/span><span class=\"cf0\">n\u00b0<\/span><span class=\"cf0\"> 594\/2024. O encontro marca o in\u00edcio de uma parceria estrat\u00e9gica entre o Governo do Distrito Federal (GDF) e o Poder Judici\u00e1rio brasileiro, que visa \u00e0 promo\u00e7\u00e3o da descarboniza\u00e7\u00e3o institucional e \u00e0 neutralidade de carbono at\u00e9 2030.<\/span><\/p>\n<p class=\"pf0\"><span class=\"cf0\">A parceria prev\u00ea o plantio de 70 mil mudas de esp\u00e9cies nativas do Cerrado, dentro de um projeto com dura\u00e7\u00e3o de quatro anos, que incluir\u00e1 implanta\u00e7\u00e3o e manuten\u00e7\u00e3o dos plantios de recupera\u00e7\u00e3o. A a\u00e7\u00e3o est\u00e1 inserida no Plano de Log\u00edstica Sustent\u00e1vel do TST\/CSJT e ser\u00e1 um importante passo para a recupera\u00e7\u00e3o ambiental de \u00e1reas degradadas, com impacto direto na conserva\u00e7\u00e3o da biodiversidade do bioma Cerrado.<\/span><\/p>\n<p class=\"pf0\"><span class=\"cf0\">A iniciativa integra o Programa Justi\u00e7a Carbono Zero, institu\u00eddo pelo Conselho Nacional de Justi\u00e7a (CNJ), e representa um marco ambiental para o pa\u00eds. Em aten\u00e7\u00e3o \u00e0s diretrizes da Resolu\u00e7\u00e3o, o TST, o Minist\u00e9rio P\u00fablico do Trabalho da 10\u00aa Regi\u00e3o e o Tribunal Regional do Trabalho da 10\u00aa Regi\u00e3o formalizaram a proposta de coopera\u00e7\u00e3o com o GDF para viabilizar a\u00e7\u00f5es concretas de recomposi\u00e7\u00e3o florestal no territ\u00f3rio do Distrito Federal.<\/span><\/p>\n<p class=\"pf0\"><span class=\"cf0\">\u201cFirmar esta parceria \u00e9 avan\u00e7ar com responsabilidade rumo a um futuro mais sustent\u00e1vel. O Governo do Distrito Federal tem compromisso com a\u00e7\u00f5es concretas de recomposi\u00e7\u00e3o ambiental e se orgulha de unir esfor\u00e7os com o Poder Judici\u00e1rio e o Minist\u00e9rio P\u00fablico no \u00e2mbito do Programa Justi\u00e7a Carbono Zero. A formaliza\u00e7\u00e3o dessa coopera\u00e7\u00e3o atende \u00e0 Resolu\u00e7\u00e3o CNJ n\u00ba 594\/2024 e estabelece diretrizes claras para a aplica\u00e7\u00e3o de recursos destinados \u00e0 execu\u00e7\u00e3o do Plano de Descarboniza\u00e7\u00e3o do Tribunal Superior do Trabalho, com foco na recupera\u00e7\u00e3o de \u00e1reas degradadas no territ\u00f3rio do Distrito Federal&#8221;, afirma a vice-governadora Celina Le\u00e3o.<\/span><\/p>\n<p class=\"pf0\"><span class=\"cf0\">&#8220;Este acordo representa mais do que o plantio de \u00e1rvores, \u00e9 a semeadura de um compromisso duradouro com o Cerrado, com a justi\u00e7a clim\u00e1tica e com as pr\u00f3ximas gera\u00e7\u00f5es. Ser\u00e3o 70 mil mudas nativas plantadas ao longo de quatro anos, em um projeto que alia preserva\u00e7\u00e3o, t\u00e9cnica e coopera\u00e7\u00e3o. Proteger o Cerrado \u00e9 preservar a nossa identidade. Ao lado de institui\u00e7\u00f5es que compartilham esse prop\u00f3sito, mostramos que o di\u00e1logo interinstitucional \u00e9 capaz de gerar solu\u00e7\u00f5es reais. Bras\u00edlia reafirma, assim, sua voca\u00e7\u00e3o como capital que integra desenvolvimento, responsabilidade ambiental e inova\u00e7\u00e3o no servi\u00e7o p\u00fablico\u201d, acrescenta Celina.<\/span><\/p>\n<p class=\"pf0\"><span class=\"cf0\">O secret\u00e1rio do Meio Ambiente do DF, Gutemberg Gomes, refor\u00e7ou o papel estrat\u00e9gico da a\u00e7\u00e3o para a agenda clim\u00e1tica local. &#8220;A implementa\u00e7\u00e3o do Plano de Compensa\u00e7\u00e3o Ambiental no \u00e2mbito do Programa Justi\u00e7a Carbono Zero demonstra que o meio ambiente est\u00e1 no centro das decis\u00f5es institucionais. Com o plantio de mais de 70 mil mudas de esp\u00e9cies nativas do Cerrado, damos mais um passo firme rumo \u00e0 restaura\u00e7\u00e3o ecol\u00f3gica e \u00e0 mitiga\u00e7\u00e3o dos efeitos da mudan\u00e7a clim\u00e1tica no DF&#8221;, declarou.<\/span><\/p>\n<p><!--EndFragment --><\/p>\n","protected":false},"excerpt":{"rendered":"<p>A Secretaria do Meio Ambiente participou de solenidade no Tribunal Superior do Trabalho (TST) para tratar da implementa\u00e7\u00e3o de um Plano de Compensa\u00e7\u00e3o Ambiental, em cumprimento \u00e0 Resolu\u00e7\u00e3o CNJ n\u00b0 594\/2024. O encontro marca o in\u00edcio de uma parceria estrat\u00e9gica entre o Governo do Distrito Federal (GDF) e o Poder Judici\u00e1rio brasileiro, que visa \u00e0 [&hellip;]<\/p>\n","protected":false},"author":2,"featured_media":114665,"comment_status":"closed","ping_status":"closed","sticky":false,"template":"","format":"standard","meta":{"_acf_changed":false,"footnotes":""},"categories":[161],"tags":[],"class_list":["post-358369","post","type-post","status-publish","format-standard","has-post-thumbnail","hentry","category-quadradinho-em-foco"],"acf":[],"_links":{"self":[{"href":"https:\/\/www.notibras.com\/site\/wp-json\/wp\/v2\/posts\/358369","targetHints":{"allow":["GET"]}}],"collection":[{"href":"https:\/\/www.notibras.com\/site\/wp-json\/wp\/v2\/posts"}],"about":[{"href":"https:\/\/www.notibras.com\/site\/wp-json\/wp\/v2\/types\/post"}],"author":[{"embeddable":true,"href":"https:\/\/www.notibras.com\/site\/wp-json\/wp\/v2\/users\/2"}],"replies":[{"embeddable":true,"href":"https:\/\/www.notibras.com\/site\/wp-json\/wp\/v2\/comments?post=358369"}],"version-history":[{"count":1,"href":"https:\/\/www.notibras.com\/site\/wp-json\/wp\/v2\/posts\/358369\/revisions"}],"predecessor-version":[{"id":358371,"href":"https:\/\/www.notibras.com\/site\/wp-json\/wp\/v2\/posts\/358369\/revisions\/358371"}],"wp:featuredmedia":[{"embeddable":true,"href":"https:\/\/www.notibras.com\/site\/wp-json\/wp\/v2\/media\/114665"}],"wp:attachment":[{"href":"https:\/\/www.notibras.com\/site\/wp-json\/wp\/v2\/media?parent=358369"}],"wp:term":[{"taxonomy":"category","embeddable":true,"href":"https:\/\/www.notibras.com\/site\/wp-json\/wp\/v2\/categories?post=358369"},{"taxonomy":"post_tag","embeddable":true,"href":"https:\/\/www.notibras.com\/site\/wp-json\/wp\/v2\/tags?post=358369"}],"curies":[{"name":"wp","href":"https:\/\/api.w.org\/{rel}","templated":true}]}}