{"id":35841,"date":"2015-02-03T08:41:42","date_gmt":"2015-02-03T11:41:42","guid":{"rendered":"http:\/\/www.notibras.com\/site\/?p=35841"},"modified":"2015-02-03T08:43:48","modified_gmt":"2015-02-03T11:43:48","slug":"sentando-com-a-mente-no-passado-alimentando-saudades","status":"publish","type":"post","link":"https:\/\/www.notibras.com\/site\/sentando-com-a-mente-no-passado-alimentando-saudades\/","title":{"rendered":"Sentado, com a mente no passado, alimentando nossas saudades"},"content":{"rendered":"<p>Aos poucos, vamos jogando a nossa hist\u00f3ria fora. Primeiro foram as fitas K7s. Depois, os LPs, os filmes em VHS. Agora, os livros. Cada um deles trazia sempre um cheiro, uma marca do tempo, um sinal, um coment\u00e1rio, um registro. Era s\u00f3 peg\u00e1-los e antes de assistir, ler ou ouvir; um filme, com trilha sonora e tudo, passava dentro de n\u00f3s, bem diante de nossos olhos. Era mesmo um tempo de lembran\u00e7as, de conviv\u00eancias, de temperan\u00e7a e espera. N\u00e3o sei, mas acho que essas pequenas coisas, povoadas de n\u00f3s mesmos, nos faziam mais tolerantes, generosos, sens\u00edveis, ligados uns aos outros. Mas o tempo \u00e9 mesmo um deus cruel, vem sempre e leva tudo; um pouco de n\u00f3s tamb\u00e9m.<\/p>\n<p>Hoje, tudo mais sofisticado, moderno, limpo e exato, nos fez perder essa doce liga\u00e7\u00e3o com nossa vida partilhada, em comunidade, mostrando que as coisas tinham um pouco de hist\u00f3ria e mem\u00f3ria, um jeito caseiro de enxergar a vida e enfrentar o mundo. J\u00e1 n\u00e3o mandamos cartas, n\u00e3o esperamos por elas. N\u00e3o emprestamos discos, n\u00e3o copiamos fitas, n\u00e3o trocamos livros e afagos. A vida moderna \u00e9 feita de urg\u00eancia, onde h\u00e1 pouco tempo para depurar e degustar as coisas do cora\u00e7\u00e3o.<\/p>\n<p>Tudo ficou t\u00e3o pequeno que cabe em um telefone, e nele cabe o mundo. Ainda assim, de cabe\u00e7a baixa frente ao infinito, olhamos apenas para nosso umbigo, n\u00e3o temos mais tempo para caminhar observando a paisagem. Olhamos sempre para baixo, fazendo mil e uma atividades que n\u00e3o nos permitem estar onde estamos e por isso n\u00e3o desfrutamos dos v\u00e1rios cen\u00e1rios que descortinamos todos os dias, todas as horas. Somos povoados por aus\u00eancias. Esquecemos que a vida \u00e9 feita de momentos, e os perdemos todos, todos os minutos. Uma pena!<\/p>\n<blockquote><p>Temos o mundo nas m\u00e3os e revelamos o quanto somos pequenos, pois giramos em torno de n\u00f3s mesmo, de nossa imagem capturada; aquela criada, maquiada, moldada em um momento e partilhada com todos, sem revelar as nossas dores menores, nossos sentimentos maiores. Temos hoje a dimens\u00e3o de nossos cliques, t\u00e3o r\u00e1pidos que n\u00e3o sustentam um di\u00e1logo, que interrompem qualquer conex\u00e3o de id\u00e9ias, ideais e sentimentos. S\u00e3o muitas as curtidas e quase nenhuma comemora\u00e7\u00e3o, quase nenhuma celebra\u00e7\u00e3o, apenas abra\u00e7os que nos mant\u00e9m dispersos e afastados, mas muito bem emoldurado: na fotografia.<\/p><\/blockquote>\n<p>A vida moderna se tornou isso, um self, quando, solit\u00e1rios, alongamos nossos bra\u00e7os para registrar tudo aquilo que n\u00e3o somos, que n\u00e3o fazemos, que n\u00e3o vivemos. Queremos os holofotes direcionados para nossa imagem, iludidos com a pueril possibilidade de n\u00e3o sermos a estrela do espet\u00e1culo. Os sorrisos n\u00e3o s\u00e3o da alma, mas para a fotografia, para a internet, para os outros. Fazemos a vida fora, enquanto dentro de cada um de n\u00f3s adormece o cidad\u00e3o aprisionado, o ser calado, que n\u00e3o consegue ver e sorver a beleza do p\u00f4r do sol, do nascer da lua, e as coisas simples da vida, essas que nem o doce vento da saudade consegue levar.<\/p>\n<p><strong>Petr\u00f4nio Souza Gon\u00e7alves<\/strong><\/p>\n","protected":false},"excerpt":{"rendered":"<p>Aos poucos, vamos jogando a nossa hist\u00f3ria fora. Primeiro foram as fitas K7s. Depois, os LPs, os filmes em VHS. Agora, os livros. Cada um deles trazia sempre um cheiro, uma marca do tempo, um sinal, um coment\u00e1rio, um registro. Era s\u00f3 peg\u00e1-los e antes de assistir, ler ou ouvir; um filme, com trilha sonora [&hellip;]<\/p>\n","protected":false},"author":2,"featured_media":35842,"comment_status":"open","ping_status":"closed","sticky":false,"template":"","format":"standard","meta":{"_acf_changed":false,"footnotes":""},"categories":[25],"tags":[],"class_list":["post-35841","post","type-post","status-publish","format-standard","has-post-thumbnail","hentry","category-opina-ai"],"acf":[],"yoast_head":"<!-- This site is optimized with the Yoast SEO plugin v27.5 - https:\/\/yoast.com\/product\/yoast-seo-wordpress\/ -->\n<title>Sentado, com a mente no passado, alimentando nossas saudades - Notibras<\/title>\n<meta name=\"robots\" content=\"index, follow, max-snippet:-1, max-image-preview:large, max-video-preview:-1\" \/>\n<link rel=\"canonical\" href=\"https:\/\/www.notibras.com\/site\/sentando-com-a-mente-no-passado-alimentando-saudades\/\" \/>\n<meta property=\"og:locale\" content=\"pt_BR\" \/>\n<meta property=\"og:type\" content=\"article\" \/>\n<meta property=\"og:title\" content=\"Sentado, com a mente no passado, alimentando nossas saudades - Notibras\" \/>\n<meta property=\"og:description\" content=\"Aos poucos, vamos jogando a nossa hist\u00f3ria fora. Primeiro foram as fitas K7s. Depois, os LPs, os filmes em VHS. Agora, os livros. Cada um deles trazia sempre um cheiro, uma marca do tempo, um sinal, um coment\u00e1rio, um registro. Era s\u00f3 peg\u00e1-los e antes de assistir, ler ou ouvir; um filme, com trilha sonora [&hellip;]\" \/>\n<meta property=\"og:url\" content=\"https:\/\/www.notibras.com\/site\/sentando-com-a-mente-no-passado-alimentando-saudades\/\" \/>\n<meta property=\"og:site_name\" content=\"Notibras\" \/>\n<meta property=\"article:publisher\" content=\"https:\/\/www.facebook.com\/notibras\/\" \/>\n<meta property=\"article:published_time\" content=\"2015-02-03T11:41:42+00:00\" \/>\n<meta property=\"article:modified_time\" content=\"2015-02-03T11:43:48+00:00\" \/>\n<meta property=\"og:image\" content=\"https:\/\/www.notibras.com\/site\/wp-content\/uploads\/2015\/02\/saudades.jpg\" \/>\n\t<meta property=\"og:image:width\" content=\"590\" \/>\n\t<meta property=\"og:image:height\" content=\"400\" \/>\n\t<meta property=\"og:image:type\" content=\"image\/jpeg\" \/>\n<meta name=\"author\" content=\"Reda\u00e7\u00e3o\" \/>\n<meta name=\"twitter:card\" content=\"summary_large_image\" \/>\n<meta name=\"twitter:creator\" content=\"@Notibras\" \/>\n<meta name=\"twitter:site\" content=\"@Notibras\" \/>\n<meta name=\"twitter:label1\" content=\"Escrito por\" \/>\n\t<meta name=\"twitter:data1\" content=\"Reda\u00e7\u00e3o\" \/>\n\t<meta name=\"twitter:label2\" content=\"Est. tempo de leitura\" \/>\n\t<meta name=\"twitter:data2\" content=\"3 minutos\" \/>\n<script type=\"application\/ld+json\" class=\"yoast-schema-graph\">{\"@context\":\"https:\\\/\\\/schema.org\",\"@graph\":[{\"@type\":\"Article\",\"@id\":\"https:\\\/\\\/www.notibras.com\\\/site\\\/sentando-com-a-mente-no-passado-alimentando-saudades\\\/#article\",\"isPartOf\":{\"@id\":\"https:\\\/\\\/www.notibras.com\\\/site\\\/sentando-com-a-mente-no-passado-alimentando-saudades\\\/\"},\"author\":{\"name\":\"Reda\u00e7\u00e3o\",\"@id\":\"https:\\\/\\\/www.notibras.com\\\/site\\\/#\\\/schema\\\/person\\\/36ab0979449956132d3e5b517ea76ac8\"},\"headline\":\"Sentado, com a mente no passado, alimentando nossas saudades\",\"datePublished\":\"2015-02-03T11:41:42+00:00\",\"dateModified\":\"2015-02-03T11:43:48+00:00\",\"mainEntityOfPage\":{\"@id\":\"https:\\\/\\\/www.notibras.com\\\/site\\\/sentando-com-a-mente-no-passado-alimentando-saudades\\\/\"},\"wordCount\":557,\"commentCount\":0,\"publisher\":{\"@id\":\"https:\\\/\\\/www.notibras.com\\\/site\\\/#organization\"},\"image\":{\"@id\":\"https:\\\/\\\/www.notibras.com\\\/site\\\/sentando-com-a-mente-no-passado-alimentando-saudades\\\/#primaryimage\"},\"thumbnailUrl\":\"https:\\\/\\\/www.notibras.com\\\/site\\\/wp-content\\\/uploads\\\/2015\\\/02\\\/saudades.jpg\",\"articleSection\":[\"Opina a\u00ed\"],\"inLanguage\":\"pt-BR\",\"potentialAction\":[{\"@type\":\"CommentAction\",\"name\":\"Comment\",\"target\":[\"https:\\\/\\\/www.notibras.com\\\/site\\\/sentando-com-a-mente-no-passado-alimentando-saudades\\\/#respond\"]}]},{\"@type\":\"WebPage\",\"@id\":\"https:\\\/\\\/www.notibras.com\\\/site\\\/sentando-com-a-mente-no-passado-alimentando-saudades\\\/\",\"url\":\"https:\\\/\\\/www.notibras.com\\\/site\\\/sentando-com-a-mente-no-passado-alimentando-saudades\\\/\",\"name\":\"Sentado, com a mente no passado, alimentando nossas saudades - Notibras\",\"isPartOf\":{\"@id\":\"https:\\\/\\\/www.notibras.com\\\/site\\\/#website\"},\"primaryImageOfPage\":{\"@id\":\"https:\\\/\\\/www.notibras.com\\\/site\\\/sentando-com-a-mente-no-passado-alimentando-saudades\\\/#primaryimage\"},\"image\":{\"@id\":\"https:\\\/\\\/www.notibras.com\\\/site\\\/sentando-com-a-mente-no-passado-alimentando-saudades\\\/#primaryimage\"},\"thumbnailUrl\":\"https:\\\/\\\/www.notibras.com\\\/site\\\/wp-content\\\/uploads\\\/2015\\\/02\\\/saudades.jpg\",\"datePublished\":\"2015-02-03T11:41:42+00:00\",\"dateModified\":\"2015-02-03T11:43:48+00:00\",\"breadcrumb\":{\"@id\":\"https:\\\/\\\/www.notibras.com\\\/site\\\/sentando-com-a-mente-no-passado-alimentando-saudades\\\/#breadcrumb\"},\"inLanguage\":\"pt-BR\",\"potentialAction\":[{\"@type\":\"ReadAction\",\"target\":[\"https:\\\/\\\/www.notibras.com\\\/site\\\/sentando-com-a-mente-no-passado-alimentando-saudades\\\/\"]}]},{\"@type\":\"ImageObject\",\"inLanguage\":\"pt-BR\",\"@id\":\"https:\\\/\\\/www.notibras.com\\\/site\\\/sentando-com-a-mente-no-passado-alimentando-saudades\\\/#primaryimage\",\"url\":\"https:\\\/\\\/www.notibras.com\\\/site\\\/wp-content\\\/uploads\\\/2015\\\/02\\\/saudades.jpg\",\"contentUrl\":\"https:\\\/\\\/www.notibras.com\\\/site\\\/wp-content\\\/uploads\\\/2015\\\/02\\\/saudades.jpg\",\"width\":590,\"height\":400},{\"@type\":\"BreadcrumbList\",\"@id\":\"https:\\\/\\\/www.notibras.com\\\/site\\\/sentando-com-a-mente-no-passado-alimentando-saudades\\\/#breadcrumb\",\"itemListElement\":[{\"@type\":\"ListItem\",\"position\":1,\"name\":\"In\u00edcio\",\"item\":\"https:\\\/\\\/www.notibras.com\\\/site\\\/\"},{\"@type\":\"ListItem\",\"position\":2,\"name\":\"Sentado, com a mente no passado, alimentando nossas saudades\"}]},{\"@type\":\"WebSite\",\"@id\":\"https:\\\/\\\/www.notibras.com\\\/site\\\/#website\",\"url\":\"https:\\\/\\\/www.notibras.com\\\/site\\\/\",\"name\":\"Notibras\",\"description\":\"Not\u00edcias de Bras\u00edlia, do Brasil e do Mundo\",\"publisher\":{\"@id\":\"https:\\\/\\\/www.notibras.com\\\/site\\\/#organization\"},\"potentialAction\":[{\"@type\":\"SearchAction\",\"target\":{\"@type\":\"EntryPoint\",\"urlTemplate\":\"https:\\\/\\\/www.notibras.com\\\/site\\\/?s={search_term_string}\"},\"query-input\":{\"@type\":\"PropertyValueSpecification\",\"valueRequired\":true,\"valueName\":\"search_term_string\"}}],\"inLanguage\":\"pt-BR\"},{\"@type\":\"Organization\",\"@id\":\"https:\\\/\\\/www.notibras.com\\\/site\\\/#organization\",\"name\":\"Grupo Notibras de Comunica\u00e7\u00e3o\",\"url\":\"https:\\\/\\\/www.notibras.com\\\/site\\\/\",\"logo\":{\"@type\":\"ImageObject\",\"inLanguage\":\"pt-BR\",\"@id\":\"https:\\\/\\\/www.notibras.com\\\/site\\\/#\\\/schema\\\/logo\\\/image\\\/\",\"url\":\"https:\\\/\\\/www.notibras.com\\\/site\\\/wp-content\\\/uploads\\\/2023\\\/01\\\/notibras23.png\",\"contentUrl\":\"https:\\\/\\\/www.notibras.com\\\/site\\\/wp-content\\\/uploads\\\/2023\\\/01\\\/notibras23.png\",\"width\":350,\"height\":87,\"caption\":\"Grupo Notibras de Comunica\u00e7\u00e3o\"},\"image\":{\"@id\":\"https:\\\/\\\/www.notibras.com\\\/site\\\/#\\\/schema\\\/logo\\\/image\\\/\"},\"sameAs\":[\"https:\\\/\\\/www.facebook.com\\\/notibras\\\/\",\"https:\\\/\\\/x.com\\\/Notibras\",\"https:\\\/\\\/www.instagram.com\\\/notibras\\\/\"]},{\"@type\":\"Person\",\"@id\":\"https:\\\/\\\/www.notibras.com\\\/site\\\/#\\\/schema\\\/person\\\/36ab0979449956132d3e5b517ea76ac8\",\"name\":\"Reda\u00e7\u00e3o\",\"image\":{\"@type\":\"ImageObject\",\"inLanguage\":\"pt-BR\",\"@id\":\"https:\\\/\\\/secure.gravatar.com\\\/avatar\\\/e0a867bdedb85fd243eadf09663511f96fc81e0720a4a42581f334ad4303aa6b?s=96&d=mm&r=g\",\"url\":\"https:\\\/\\\/secure.gravatar.com\\\/avatar\\\/e0a867bdedb85fd243eadf09663511f96fc81e0720a4a42581f334ad4303aa6b?s=96&d=mm&r=g\",\"contentUrl\":\"https:\\\/\\\/secure.gravatar.com\\\/avatar\\\/e0a867bdedb85fd243eadf09663511f96fc81e0720a4a42581f334ad4303aa6b?s=96&d=mm&r=g\",\"caption\":\"Reda\u00e7\u00e3o\"}}]}<\/script>\n<!-- \/ Yoast SEO plugin. -->","yoast_head_json":{"title":"Sentado, com a mente no passado, alimentando nossas saudades - Notibras","robots":{"index":"index","follow":"follow","max-snippet":"max-snippet:-1","max-image-preview":"max-image-preview:large","max-video-preview":"max-video-preview:-1"},"canonical":"https:\/\/www.notibras.com\/site\/sentando-com-a-mente-no-passado-alimentando-saudades\/","og_locale":"pt_BR","og_type":"article","og_title":"Sentado, com a mente no passado, alimentando nossas saudades - Notibras","og_description":"Aos poucos, vamos jogando a nossa hist\u00f3ria fora. Primeiro foram as fitas K7s. Depois, os LPs, os filmes em VHS. Agora, os livros. Cada um deles trazia sempre um cheiro, uma marca do tempo, um sinal, um coment\u00e1rio, um registro. Era s\u00f3 peg\u00e1-los e antes de assistir, ler ou ouvir; um filme, com trilha sonora [&hellip;]","og_url":"https:\/\/www.notibras.com\/site\/sentando-com-a-mente-no-passado-alimentando-saudades\/","og_site_name":"Notibras","article_publisher":"https:\/\/www.facebook.com\/notibras\/","article_published_time":"2015-02-03T11:41:42+00:00","article_modified_time":"2015-02-03T11:43:48+00:00","og_image":[{"width":590,"height":400,"url":"https:\/\/www.notibras.com\/site\/wp-content\/uploads\/2015\/02\/saudades.jpg","type":"image\/jpeg"}],"author":"Reda\u00e7\u00e3o","twitter_card":"summary_large_image","twitter_creator":"@Notibras","twitter_site":"@Notibras","twitter_misc":{"Escrito por":"Reda\u00e7\u00e3o","Est. tempo de leitura":"3 minutos"},"schema":{"@context":"https:\/\/schema.org","@graph":[{"@type":"Article","@id":"https:\/\/www.notibras.com\/site\/sentando-com-a-mente-no-passado-alimentando-saudades\/#article","isPartOf":{"@id":"https:\/\/www.notibras.com\/site\/sentando-com-a-mente-no-passado-alimentando-saudades\/"},"author":{"name":"Reda\u00e7\u00e3o","@id":"https:\/\/www.notibras.com\/site\/#\/schema\/person\/36ab0979449956132d3e5b517ea76ac8"},"headline":"Sentado, com a mente no passado, alimentando nossas saudades","datePublished":"2015-02-03T11:41:42+00:00","dateModified":"2015-02-03T11:43:48+00:00","mainEntityOfPage":{"@id":"https:\/\/www.notibras.com\/site\/sentando-com-a-mente-no-passado-alimentando-saudades\/"},"wordCount":557,"commentCount":0,"publisher":{"@id":"https:\/\/www.notibras.com\/site\/#organization"},"image":{"@id":"https:\/\/www.notibras.com\/site\/sentando-com-a-mente-no-passado-alimentando-saudades\/#primaryimage"},"thumbnailUrl":"https:\/\/www.notibras.com\/site\/wp-content\/uploads\/2015\/02\/saudades.jpg","articleSection":["Opina a\u00ed"],"inLanguage":"pt-BR","potentialAction":[{"@type":"CommentAction","name":"Comment","target":["https:\/\/www.notibras.com\/site\/sentando-com-a-mente-no-passado-alimentando-saudades\/#respond"]}]},{"@type":"WebPage","@id":"https:\/\/www.notibras.com\/site\/sentando-com-a-mente-no-passado-alimentando-saudades\/","url":"https:\/\/www.notibras.com\/site\/sentando-com-a-mente-no-passado-alimentando-saudades\/","name":"Sentado, com a mente no passado, alimentando nossas saudades - Notibras","isPartOf":{"@id":"https:\/\/www.notibras.com\/site\/#website"},"primaryImageOfPage":{"@id":"https:\/\/www.notibras.com\/site\/sentando-com-a-mente-no-passado-alimentando-saudades\/#primaryimage"},"image":{"@id":"https:\/\/www.notibras.com\/site\/sentando-com-a-mente-no-passado-alimentando-saudades\/#primaryimage"},"thumbnailUrl":"https:\/\/www.notibras.com\/site\/wp-content\/uploads\/2015\/02\/saudades.jpg","datePublished":"2015-02-03T11:41:42+00:00","dateModified":"2015-02-03T11:43:48+00:00","breadcrumb":{"@id":"https:\/\/www.notibras.com\/site\/sentando-com-a-mente-no-passado-alimentando-saudades\/#breadcrumb"},"inLanguage":"pt-BR","potentialAction":[{"@type":"ReadAction","target":["https:\/\/www.notibras.com\/site\/sentando-com-a-mente-no-passado-alimentando-saudades\/"]}]},{"@type":"ImageObject","inLanguage":"pt-BR","@id":"https:\/\/www.notibras.com\/site\/sentando-com-a-mente-no-passado-alimentando-saudades\/#primaryimage","url":"https:\/\/www.notibras.com\/site\/wp-content\/uploads\/2015\/02\/saudades.jpg","contentUrl":"https:\/\/www.notibras.com\/site\/wp-content\/uploads\/2015\/02\/saudades.jpg","width":590,"height":400},{"@type":"BreadcrumbList","@id":"https:\/\/www.notibras.com\/site\/sentando-com-a-mente-no-passado-alimentando-saudades\/#breadcrumb","itemListElement":[{"@type":"ListItem","position":1,"name":"In\u00edcio","item":"https:\/\/www.notibras.com\/site\/"},{"@type":"ListItem","position":2,"name":"Sentado, com a mente no passado, alimentando nossas saudades"}]},{"@type":"WebSite","@id":"https:\/\/www.notibras.com\/site\/#website","url":"https:\/\/www.notibras.com\/site\/","name":"Notibras","description":"Not\u00edcias de Bras\u00edlia, do Brasil e do Mundo","publisher":{"@id":"https:\/\/www.notibras.com\/site\/#organization"},"potentialAction":[{"@type":"SearchAction","target":{"@type":"EntryPoint","urlTemplate":"https:\/\/www.notibras.com\/site\/?s={search_term_string}"},"query-input":{"@type":"PropertyValueSpecification","valueRequired":true,"valueName":"search_term_string"}}],"inLanguage":"pt-BR"},{"@type":"Organization","@id":"https:\/\/www.notibras.com\/site\/#organization","name":"Grupo Notibras de Comunica\u00e7\u00e3o","url":"https:\/\/www.notibras.com\/site\/","logo":{"@type":"ImageObject","inLanguage":"pt-BR","@id":"https:\/\/www.notibras.com\/site\/#\/schema\/logo\/image\/","url":"https:\/\/www.notibras.com\/site\/wp-content\/uploads\/2023\/01\/notibras23.png","contentUrl":"https:\/\/www.notibras.com\/site\/wp-content\/uploads\/2023\/01\/notibras23.png","width":350,"height":87,"caption":"Grupo Notibras de Comunica\u00e7\u00e3o"},"image":{"@id":"https:\/\/www.notibras.com\/site\/#\/schema\/logo\/image\/"},"sameAs":["https:\/\/www.facebook.com\/notibras\/","https:\/\/x.com\/Notibras","https:\/\/www.instagram.com\/notibras\/"]},{"@type":"Person","@id":"https:\/\/www.notibras.com\/site\/#\/schema\/person\/36ab0979449956132d3e5b517ea76ac8","name":"Reda\u00e7\u00e3o","image":{"@type":"ImageObject","inLanguage":"pt-BR","@id":"https:\/\/secure.gravatar.com\/avatar\/e0a867bdedb85fd243eadf09663511f96fc81e0720a4a42581f334ad4303aa6b?s=96&d=mm&r=g","url":"https:\/\/secure.gravatar.com\/avatar\/e0a867bdedb85fd243eadf09663511f96fc81e0720a4a42581f334ad4303aa6b?s=96&d=mm&r=g","contentUrl":"https:\/\/secure.gravatar.com\/avatar\/e0a867bdedb85fd243eadf09663511f96fc81e0720a4a42581f334ad4303aa6b?s=96&d=mm&r=g","caption":"Reda\u00e7\u00e3o"}}]}},"amp_enabled":true,"_links":{"self":[{"href":"https:\/\/www.notibras.com\/site\/wp-json\/wp\/v2\/posts\/35841","targetHints":{"allow":["GET"]}}],"collection":[{"href":"https:\/\/www.notibras.com\/site\/wp-json\/wp\/v2\/posts"}],"about":[{"href":"https:\/\/www.notibras.com\/site\/wp-json\/wp\/v2\/types\/post"}],"author":[{"embeddable":true,"href":"https:\/\/www.notibras.com\/site\/wp-json\/wp\/v2\/users\/2"}],"replies":[{"embeddable":true,"href":"https:\/\/www.notibras.com\/site\/wp-json\/wp\/v2\/comments?post=35841"}],"version-history":[{"count":0,"href":"https:\/\/www.notibras.com\/site\/wp-json\/wp\/v2\/posts\/35841\/revisions"}],"wp:featuredmedia":[{"embeddable":true,"href":"https:\/\/www.notibras.com\/site\/wp-json\/wp\/v2\/media\/35842"}],"wp:attachment":[{"href":"https:\/\/www.notibras.com\/site\/wp-json\/wp\/v2\/media?parent=35841"}],"wp:term":[{"taxonomy":"category","embeddable":true,"href":"https:\/\/www.notibras.com\/site\/wp-json\/wp\/v2\/categories?post=35841"},{"taxonomy":"post_tag","embeddable":true,"href":"https:\/\/www.notibras.com\/site\/wp-json\/wp\/v2\/tags?post=35841"}],"curies":[{"name":"wp","href":"https:\/\/api.w.org\/{rel}","templated":true}]}}