{"id":358485,"date":"2025-07-17T03:40:04","date_gmt":"2025-07-17T06:40:04","guid":{"rendered":"https:\/\/www.notibras.com\/site\/?p=358485"},"modified":"2025-07-17T03:42:30","modified_gmt":"2025-07-17T06:42:30","slug":"nordeste-busca-saidas-sob-o-tarifaco-trumpista","status":"publish","type":"post","link":"https:\/\/www.notibras.com\/site\/nordeste-busca-saidas-sob-o-tarifaco-trumpista\/","title":{"rendered":"Nordeste  busca sa\u00eddas sob o tarifa\u00e7o trumpista"},"content":{"rendered":"<p data-start=\"219\" data-end=\"557\">A not\u00edcia chegou como trov\u00e3o em c\u00e9u azul de caatinga: Donald Trump, de novo no Sal\u00e3o Oval e ainda com gosto de revanche, decidiu apertar os cintos sobre o Brasil. Tarifa\u00e7o de 50% sobre produtos brasileiros, incluindo o que h\u00e1 de mais nordestino no tabuleiro da exporta\u00e7\u00e3o: frutas, tecidos artesanais, cal\u00e7ados de couro, camar\u00e3o e cacha\u00e7a.<\/p>\n<p data-start=\"559\" data-end=\"1000\">Na feira de Juazeiro, Seu Nivaldo, exportador de manga para a Fl\u00f3rida, olhava o celular com a testa enrugada. \u201c\u00c9 o fim do meu sonho americano\u201d, murmurou, vendo os contratos evaporarem no WhatsApp. Em Petrolina, as barcas que levavam mel\u00e3o pelo rio S\u00e3o Francisco ficaram estacionadas, como se esperassem um milagre. E em Campina Grande, o algod\u00e3o org\u00e2nico da cooperativa feminina viu-se encalhado em armaz\u00e9ns, com cheiro de esperan\u00e7a vencida.<\/p>\n<p data-start=\"1002\" data-end=\"1320\">Trump, dizem, retaliou por quest\u00f5es geopol\u00edticas, mas quem sentiu o baque foi Dona Marlene, em Mossor\u00f3, que teve que demitir tr\u00eas costureiras porque a f\u00e1brica de roupas parou de vender para Miami. A tal \u201cgrandeza da Am\u00e9rica\u201d, que ele tanto grita em palanques, virou sin\u00f4nimo de mis\u00e9ria alheia do lado de c\u00e1 do Equador.<\/p>\n<p data-start=\"1322\" data-end=\"1656\">O Nordeste, que h\u00e1 anos vinha aprendendo a se equilibrar entre o sol escaldante e o d\u00f3lar vol\u00e1til, foi derrubado como quem trope\u00e7a numa pedra invis\u00edvel. Prefeitos apelam ao Planalto, governadores re\u00fanem conselhos emergenciais, mas o presidente Lula, embora tenha falado grosso, sabia que enfrentar Trump \u00e9 como gritar com o vento.<\/p>\n<p data-start=\"1658\" data-end=\"1955\">Na beira do Atl\u00e2ntico, jangadeiros de Icapu\u00ed voltaram com redes vazias e semblantes mais ainda. \u201cA gente pesca, mas n\u00e3o sabe se vende\u201d, disse um deles. A economia local, que tanto se reinventou com pequenos arranjos produtivos, agora enfrenta o peso de uma guerra comercial sem ter entrado nela.<\/p>\n<p data-start=\"1957\" data-end=\"2256\">Mas, como sempre, o Nordeste n\u00e3o se entrega f\u00e1cil. Em Olinda, uma cooperativa de maracuj\u00e1 come\u00e7ou a buscar mercados na \u00c1frica. Em Caruaru, artes\u00e3os lan\u00e7aram um e-commerce com slogans em franc\u00eas. E em Salvador, estudantes de economia da UFBA criaram um observat\u00f3rio de alternativas contra o tarifa\u00e7o.<\/p>\n<p data-start=\"2258\" data-end=\"2509\">Porque se Trump ergue muros tarif\u00e1rios, o povo nordestino constr\u00f3i pontes \u2014 nem que seja com madeira, suor e forr\u00f3. A seca ensinou que o sofrimento n\u00e3o \u00e9 o fim. \u00c9 s\u00f3 mais uma curva na estrada. E o Nordeste, meu amigo, nunca teve medo de estrada longa.<\/p>\n","protected":false},"excerpt":{"rendered":"<p>A not\u00edcia chegou como trov\u00e3o em c\u00e9u azul de caatinga: Donald Trump, de novo no Sal\u00e3o Oval e ainda com gosto de revanche, decidiu apertar os cintos sobre o Brasil. Tarifa\u00e7o de 50% sobre produtos brasileiros, incluindo o que h\u00e1 de mais nordestino no tabuleiro da exporta\u00e7\u00e3o: frutas, tecidos artesanais, cal\u00e7ados de couro, camar\u00e3o e [&hellip;]<\/p>\n","protected":false},"author":2,"featured_media":195700,"comment_status":"closed","ping_status":"closed","sticky":false,"template":"","format":"standard","meta":{"_acf_changed":false,"footnotes":""},"categories":[165],"tags":[],"class_list":["post-358485","post","type-post","status-publish","format-standard","has-post-thumbnail","hentry","category-nordeste"],"acf":[],"_links":{"self":[{"href":"https:\/\/www.notibras.com\/site\/wp-json\/wp\/v2\/posts\/358485","targetHints":{"allow":["GET"]}}],"collection":[{"href":"https:\/\/www.notibras.com\/site\/wp-json\/wp\/v2\/posts"}],"about":[{"href":"https:\/\/www.notibras.com\/site\/wp-json\/wp\/v2\/types\/post"}],"author":[{"embeddable":true,"href":"https:\/\/www.notibras.com\/site\/wp-json\/wp\/v2\/users\/2"}],"replies":[{"embeddable":true,"href":"https:\/\/www.notibras.com\/site\/wp-json\/wp\/v2\/comments?post=358485"}],"version-history":[{"count":3,"href":"https:\/\/www.notibras.com\/site\/wp-json\/wp\/v2\/posts\/358485\/revisions"}],"predecessor-version":[{"id":358488,"href":"https:\/\/www.notibras.com\/site\/wp-json\/wp\/v2\/posts\/358485\/revisions\/358488"}],"wp:featuredmedia":[{"embeddable":true,"href":"https:\/\/www.notibras.com\/site\/wp-json\/wp\/v2\/media\/195700"}],"wp:attachment":[{"href":"https:\/\/www.notibras.com\/site\/wp-json\/wp\/v2\/media?parent=358485"}],"wp:term":[{"taxonomy":"category","embeddable":true,"href":"https:\/\/www.notibras.com\/site\/wp-json\/wp\/v2\/categories?post=358485"},{"taxonomy":"post_tag","embeddable":true,"href":"https:\/\/www.notibras.com\/site\/wp-json\/wp\/v2\/tags?post=358485"}],"curies":[{"name":"wp","href":"https:\/\/api.w.org\/{rel}","templated":true}]}}