{"id":35851,"date":"2015-02-03T14:41:15","date_gmt":"2015-02-03T17:41:15","guid":{"rendered":"http:\/\/www.notibras.com\/site\/?p=35851"},"modified":"2015-02-03T16:04:16","modified_gmt":"2015-02-03T19:04:16","slug":"choque-do-novo-preco-da-luz-comeca-em-sao-paulo-e-amapa-depois-se-espalha","status":"publish","type":"post","link":"https:\/\/www.notibras.com\/site\/choque-do-novo-preco-da-luz-comeca-em-sao-paulo-e-amapa-depois-se-espalha\/","title":{"rendered":"Choque da conta de luz come\u00e7a por S\u00e3o Paulo e Amap\u00e1. Depois o resto"},"content":{"rendered":"<p>A Ag\u00eancia Nacional de Energia El\u00e9trica (Aneel) autorizou uma s\u00e9rie de aumentos na tarifa de energia el\u00e9trica de distribuidoras localizadas em diversas partes do pa\u00eds. Os aumentos come\u00e7am a ser cobrados hoje (3) pelas companhias de Luz e For\u00e7a (CPFLs) de Mococa, Santa Cruz, Sul Paulista, Leste Paulista, Jaguari; pela Companha de Eletricidade do Amap\u00e1; e pela Energisa Borborema Distribuidora de Energia.<\/p>\n<p>Com cerca de 44 mil consumidores, que residem principalmente no munic\u00edpio de Mococa, em S\u00e3o Paulo, e nos munic\u00edpios mineiros de Arceburgo, Itamogi e Monte Santo de Minas, a CPFL Mococa aplicar\u00e1 reajuste m\u00e9dio de 29,28% \u2013 sendo de 35,37% para consumidores alta tens\u00e3o e de 27,21% para os de baixa.<\/p>\n<p>A CPFL Santa Cruz distribui energia em 27 munic\u00edpios localizados na regi\u00e3o da M\u00e9dia Sorocabana, em S\u00e3o Paulo, e em tr\u00eas munic\u00edpios ao norte do Paran\u00e1. Os cerca de 197 mil consumidores atendidos pela distribuidora ter\u00e3o reajuste m\u00e9dio de 27,96% em suas contas de luz. Para os de baixa tens\u00e3o, o reajuste m\u00e9dio ser\u00e1 28,99%, e para os de alta, 26,5%.<\/p>\n<blockquote><p>Respons\u00e1vel pela distribui\u00e7\u00e3o de energia para cerca de 80 mil consumidores de cinco munic\u00edpios de S\u00e3o Paulo \u2013 Itapetininga, S\u00e3o Miguel Arcanjo, Sarapu\u00ed, Guare\u00ed e Alambari \u2013 a CPFL Sul Paulista teve autoriza\u00e7\u00e3o para reajuste m\u00e9dio de 28,38% nas contas de luz. O efeito para consumidores de alta tens\u00e3o ser\u00e1 33,71% e, para os de baixa tens\u00e3o, 25,8%.<\/p><\/blockquote>\n<p>A Aneel autorizou tamb\u00e9m aumento m\u00e9dio de 24,89% na conta de luz dos clientes da CPFL Leste Paulista, que atende a cerca de 55 mil consumidores de sete munic\u00edpios paulistas: S\u00e3o Jos\u00e9 do Rio Pardo, Casa Branca, Caconde, Divinol\u00e2ndia, Itobi, S\u00e3o Sebasti\u00e3o da Grama e Tapiratiba. Consumidores de baixa tens\u00e3o ter\u00e3o reajuste m\u00e9dio de 24,73% e os de alta tens\u00e3o, de 25,3%.<\/p>\n<p>Outra CPFL que teve autoriza\u00e7\u00e3o para aumentar suas tarifas foi a de Jaguari, que atende a 37 mil consumidores dos munic\u00edpios de Jaguari\u00fana e Pedreira, ambos em S\u00e3o Paulo. O efeito m\u00e9dio do aumento ser\u00e1 45,40%, sendo de 48,85% para os de alta tens\u00e3o; e de 39,49% para os de baixa. Sobre esse reajuste, o diretor-geral da Aneel, Romeu Rufino, disse tratar-se de uma situa\u00e7\u00e3o espec\u00edfica e muito particular, porque a distribuidora vinha cobrando valores mais baixos. \u201cPortanto, esse aumento n\u00e3o indica uma tend\u00eancia\u201d, afirmou Rufino.<\/p>\n<p>O aumento m\u00e9dio da CPFL autorizado para a Energisa Borborema Distribuidora de Energia ficou em 39,55%, sendo de 38,62% para os de alta tens\u00e3o, e de 40,19% para os de baixa. A Companhia de Eletricidade do Amap\u00e1 teve autoriza\u00e7\u00e3o para aumento m\u00e9dio de 18,56% (8,82% para alta tens\u00e3o e 21,25% para baixa).<\/p>\n<p><strong>Pedro Peduzzi, ABr <\/strong><\/p>\n","protected":false},"excerpt":{"rendered":"<p>A Ag\u00eancia Nacional de Energia El\u00e9trica (Aneel) autorizou uma s\u00e9rie de aumentos na tarifa de energia el\u00e9trica de distribuidoras localizadas em diversas partes do pa\u00eds. Os aumentos come\u00e7am a ser cobrados hoje (3) pelas companhias de Luz e For\u00e7a (CPFLs) de Mococa, Santa Cruz, Sul Paulista, Leste Paulista, Jaguari; pela Companha de Eletricidade do Amap\u00e1; [&hellip;]<\/p>\n","protected":false},"author":2,"featured_media":35852,"comment_status":"open","ping_status":"closed","sticky":false,"template":"","format":"standard","meta":{"_acf_changed":false,"footnotes":""},"categories":[16],"tags":[],"class_list":["post-35851","post","type-post","status-publish","format-standard","has-post-thumbnail","hentry","category-brasil"],"acf":[],"yoast_head":"<!-- This site is optimized with the Yoast SEO plugin v27.2 - https:\/\/yoast.com\/product\/yoast-seo-wordpress\/ -->\n<title>Choque da conta de luz come\u00e7a por S\u00e3o Paulo e Amap\u00e1. Depois o resto - Notibras<\/title>\n<meta name=\"robots\" content=\"index, follow, max-snippet:-1, max-image-preview:large, max-video-preview:-1\" \/>\n<link rel=\"canonical\" href=\"https:\/\/www.notibras.com\/site\/choque-do-novo-preco-da-luz-comeca-em-sao-paulo-e-amapa-depois-se-espalha\/\" \/>\n<meta property=\"og:locale\" content=\"pt_BR\" \/>\n<meta property=\"og:type\" content=\"article\" \/>\n<meta property=\"og:title\" content=\"Choque da conta de luz come\u00e7a por S\u00e3o Paulo e Amap\u00e1. Depois o resto - Notibras\" \/>\n<meta property=\"og:description\" content=\"A Ag\u00eancia Nacional de Energia El\u00e9trica (Aneel) autorizou uma s\u00e9rie de aumentos na tarifa de energia el\u00e9trica de distribuidoras localizadas em diversas partes do pa\u00eds. Os aumentos come\u00e7am a ser cobrados hoje (3) pelas companhias de Luz e For\u00e7a (CPFLs) de Mococa, Santa Cruz, Sul Paulista, Leste Paulista, Jaguari; pela Companha de Eletricidade do Amap\u00e1; [&hellip;]\" \/>\n<meta property=\"og:url\" content=\"https:\/\/www.notibras.com\/site\/choque-do-novo-preco-da-luz-comeca-em-sao-paulo-e-amapa-depois-se-espalha\/\" \/>\n<meta property=\"og:site_name\" content=\"Notibras\" \/>\n<meta property=\"article:publisher\" content=\"https:\/\/www.facebook.com\/notibras\/\" \/>\n<meta property=\"article:published_time\" content=\"2015-02-03T17:41:15+00:00\" \/>\n<meta property=\"article:modified_time\" content=\"2015-02-03T19:04:16+00:00\" \/>\n<meta property=\"og:image\" content=\"https:\/\/www.notibras.com\/site\/wp-content\/uploads\/2015\/02\/energia-eletrica.jpg\" \/>\n\t<meta property=\"og:image:width\" content=\"900\" \/>\n\t<meta property=\"og:image:height\" content=\"620\" \/>\n\t<meta property=\"og:image:type\" content=\"image\/jpeg\" \/>\n<meta name=\"author\" content=\"Reda\u00e7\u00e3o\" \/>\n<meta name=\"twitter:card\" content=\"summary_large_image\" \/>\n<meta name=\"twitter:creator\" content=\"@Notibras\" \/>\n<meta name=\"twitter:site\" content=\"@Notibras\" \/>\n<meta name=\"twitter:label1\" content=\"Escrito por\" \/>\n\t<meta name=\"twitter:data1\" content=\"Reda\u00e7\u00e3o\" \/>\n\t<meta name=\"twitter:label2\" content=\"Est. tempo de leitura\" \/>\n\t<meta name=\"twitter:data2\" content=\"2 minutos\" \/>\n<script type=\"application\/ld+json\" class=\"yoast-schema-graph\">{\"@context\":\"https:\/\/schema.org\",\"@graph\":[{\"@type\":\"Article\",\"@id\":\"https:\/\/www.notibras.com\/site\/choque-do-novo-preco-da-luz-comeca-em-sao-paulo-e-amapa-depois-se-espalha\/#article\",\"isPartOf\":{\"@id\":\"https:\/\/www.notibras.com\/site\/choque-do-novo-preco-da-luz-comeca-em-sao-paulo-e-amapa-depois-se-espalha\/\"},\"author\":{\"name\":\"Reda\u00e7\u00e3o\",\"@id\":\"https:\/\/www.notibras.com\/site\/#\/schema\/person\/36ab0979449956132d3e5b517ea76ac8\"},\"headline\":\"Choque da conta de luz come\u00e7a por S\u00e3o Paulo e Amap\u00e1. Depois o resto\",\"datePublished\":\"2015-02-03T17:41:15+00:00\",\"dateModified\":\"2015-02-03T19:04:16+00:00\",\"mainEntityOfPage\":{\"@id\":\"https:\/\/www.notibras.com\/site\/choque-do-novo-preco-da-luz-comeca-em-sao-paulo-e-amapa-depois-se-espalha\/\"},\"wordCount\":477,\"commentCount\":0,\"publisher\":{\"@id\":\"https:\/\/www.notibras.com\/site\/#organization\"},\"image\":{\"@id\":\"https:\/\/www.notibras.com\/site\/choque-do-novo-preco-da-luz-comeca-em-sao-paulo-e-amapa-depois-se-espalha\/#primaryimage\"},\"thumbnailUrl\":\"https:\/\/www.notibras.com\/site\/wp-content\/uploads\/2015\/02\/energia-eletrica.jpg\",\"articleSection\":[\"Brasil\"],\"inLanguage\":\"pt-BR\",\"potentialAction\":[{\"@type\":\"CommentAction\",\"name\":\"Comment\",\"target\":[\"https:\/\/www.notibras.com\/site\/choque-do-novo-preco-da-luz-comeca-em-sao-paulo-e-amapa-depois-se-espalha\/#respond\"]}]},{\"@type\":\"WebPage\",\"@id\":\"https:\/\/www.notibras.com\/site\/choque-do-novo-preco-da-luz-comeca-em-sao-paulo-e-amapa-depois-se-espalha\/\",\"url\":\"https:\/\/www.notibras.com\/site\/choque-do-novo-preco-da-luz-comeca-em-sao-paulo-e-amapa-depois-se-espalha\/\",\"name\":\"Choque da conta de luz come\u00e7a por S\u00e3o Paulo e Amap\u00e1. Depois o resto - Notibras\",\"isPartOf\":{\"@id\":\"https:\/\/www.notibras.com\/site\/#website\"},\"primaryImageOfPage\":{\"@id\":\"https:\/\/www.notibras.com\/site\/choque-do-novo-preco-da-luz-comeca-em-sao-paulo-e-amapa-depois-se-espalha\/#primaryimage\"},\"image\":{\"@id\":\"https:\/\/www.notibras.com\/site\/choque-do-novo-preco-da-luz-comeca-em-sao-paulo-e-amapa-depois-se-espalha\/#primaryimage\"},\"thumbnailUrl\":\"https:\/\/www.notibras.com\/site\/wp-content\/uploads\/2015\/02\/energia-eletrica.jpg\",\"datePublished\":\"2015-02-03T17:41:15+00:00\",\"dateModified\":\"2015-02-03T19:04:16+00:00\",\"breadcrumb\":{\"@id\":\"https:\/\/www.notibras.com\/site\/choque-do-novo-preco-da-luz-comeca-em-sao-paulo-e-amapa-depois-se-espalha\/#breadcrumb\"},\"inLanguage\":\"pt-BR\",\"potentialAction\":[{\"@type\":\"ReadAction\",\"target\":[\"https:\/\/www.notibras.com\/site\/choque-do-novo-preco-da-luz-comeca-em-sao-paulo-e-amapa-depois-se-espalha\/\"]}]},{\"@type\":\"ImageObject\",\"inLanguage\":\"pt-BR\",\"@id\":\"https:\/\/www.notibras.com\/site\/choque-do-novo-preco-da-luz-comeca-em-sao-paulo-e-amapa-depois-se-espalha\/#primaryimage\",\"url\":\"https:\/\/www.notibras.com\/site\/wp-content\/uploads\/2015\/02\/energia-eletrica.jpg\",\"contentUrl\":\"https:\/\/www.notibras.com\/site\/wp-content\/uploads\/2015\/02\/energia-eletrica.jpg\",\"width\":900,\"height\":620,\"caption\":\"Foto\/Arquivo Notibras\"},{\"@type\":\"BreadcrumbList\",\"@id\":\"https:\/\/www.notibras.com\/site\/choque-do-novo-preco-da-luz-comeca-em-sao-paulo-e-amapa-depois-se-espalha\/#breadcrumb\",\"itemListElement\":[{\"@type\":\"ListItem\",\"position\":1,\"name\":\"In\u00edcio\",\"item\":\"https:\/\/www.notibras.com\/site\/\"},{\"@type\":\"ListItem\",\"position\":2,\"name\":\"Choque da conta de luz come\u00e7a por S\u00e3o Paulo e Amap\u00e1. Depois o resto\"}]},{\"@type\":\"WebSite\",\"@id\":\"https:\/\/www.notibras.com\/site\/#website\",\"url\":\"https:\/\/www.notibras.com\/site\/\",\"name\":\"Notibras\",\"description\":\"Not\u00edcias de Bras\u00edlia, do Brasil e do Mundo\",\"publisher\":{\"@id\":\"https:\/\/www.notibras.com\/site\/#organization\"},\"potentialAction\":[{\"@type\":\"SearchAction\",\"target\":{\"@type\":\"EntryPoint\",\"urlTemplate\":\"https:\/\/www.notibras.com\/site\/?s={search_term_string}\"},\"query-input\":{\"@type\":\"PropertyValueSpecification\",\"valueRequired\":true,\"valueName\":\"search_term_string\"}}],\"inLanguage\":\"pt-BR\"},{\"@type\":\"Organization\",\"@id\":\"https:\/\/www.notibras.com\/site\/#organization\",\"name\":\"Grupo Notibras de Comunica\u00e7\u00e3o\",\"url\":\"https:\/\/www.notibras.com\/site\/\",\"logo\":{\"@type\":\"ImageObject\",\"inLanguage\":\"pt-BR\",\"@id\":\"https:\/\/www.notibras.com\/site\/#\/schema\/logo\/image\/\",\"url\":\"https:\/\/www.notibras.com\/site\/wp-content\/uploads\/2023\/01\/notibras23.png\",\"contentUrl\":\"https:\/\/www.notibras.com\/site\/wp-content\/uploads\/2023\/01\/notibras23.png\",\"width\":350,\"height\":87,\"caption\":\"Grupo Notibras de Comunica\u00e7\u00e3o\"},\"image\":{\"@id\":\"https:\/\/www.notibras.com\/site\/#\/schema\/logo\/image\/\"},\"sameAs\":[\"https:\/\/www.facebook.com\/notibras\/\",\"https:\/\/x.com\/Notibras\",\"https:\/\/www.instagram.com\/notibras\/\"]},{\"@type\":\"Person\",\"@id\":\"https:\/\/www.notibras.com\/site\/#\/schema\/person\/36ab0979449956132d3e5b517ea76ac8\",\"name\":\"Reda\u00e7\u00e3o\",\"image\":{\"@type\":\"ImageObject\",\"inLanguage\":\"pt-BR\",\"@id\":\"https:\/\/secure.gravatar.com\/avatar\/e0a867bdedb85fd243eadf09663511f96fc81e0720a4a42581f334ad4303aa6b?s=96&d=mm&r=g\",\"url\":\"https:\/\/secure.gravatar.com\/avatar\/e0a867bdedb85fd243eadf09663511f96fc81e0720a4a42581f334ad4303aa6b?s=96&d=mm&r=g\",\"contentUrl\":\"https:\/\/secure.gravatar.com\/avatar\/e0a867bdedb85fd243eadf09663511f96fc81e0720a4a42581f334ad4303aa6b?s=96&d=mm&r=g\",\"caption\":\"Reda\u00e7\u00e3o\"}}]}<\/script>\n<!-- \/ Yoast SEO plugin. -->","yoast_head_json":{"title":"Choque da conta de luz come\u00e7a por S\u00e3o Paulo e Amap\u00e1. Depois o resto - Notibras","robots":{"index":"index","follow":"follow","max-snippet":"max-snippet:-1","max-image-preview":"max-image-preview:large","max-video-preview":"max-video-preview:-1"},"canonical":"https:\/\/www.notibras.com\/site\/choque-do-novo-preco-da-luz-comeca-em-sao-paulo-e-amapa-depois-se-espalha\/","og_locale":"pt_BR","og_type":"article","og_title":"Choque da conta de luz come\u00e7a por S\u00e3o Paulo e Amap\u00e1. Depois o resto - Notibras","og_description":"A Ag\u00eancia Nacional de Energia El\u00e9trica (Aneel) autorizou uma s\u00e9rie de aumentos na tarifa de energia el\u00e9trica de distribuidoras localizadas em diversas partes do pa\u00eds. Os aumentos come\u00e7am a ser cobrados hoje (3) pelas companhias de Luz e For\u00e7a (CPFLs) de Mococa, Santa Cruz, Sul Paulista, Leste Paulista, Jaguari; pela Companha de Eletricidade do Amap\u00e1; [&hellip;]","og_url":"https:\/\/www.notibras.com\/site\/choque-do-novo-preco-da-luz-comeca-em-sao-paulo-e-amapa-depois-se-espalha\/","og_site_name":"Notibras","article_publisher":"https:\/\/www.facebook.com\/notibras\/","article_published_time":"2015-02-03T17:41:15+00:00","article_modified_time":"2015-02-03T19:04:16+00:00","og_image":[{"width":900,"height":620,"url":"https:\/\/www.notibras.com\/site\/wp-content\/uploads\/2015\/02\/energia-eletrica.jpg","type":"image\/jpeg"}],"author":"Reda\u00e7\u00e3o","twitter_card":"summary_large_image","twitter_creator":"@Notibras","twitter_site":"@Notibras","twitter_misc":{"Escrito por":"Reda\u00e7\u00e3o","Est. tempo de leitura":"2 minutos"},"schema":{"@context":"https:\/\/schema.org","@graph":[{"@type":"Article","@id":"https:\/\/www.notibras.com\/site\/choque-do-novo-preco-da-luz-comeca-em-sao-paulo-e-amapa-depois-se-espalha\/#article","isPartOf":{"@id":"https:\/\/www.notibras.com\/site\/choque-do-novo-preco-da-luz-comeca-em-sao-paulo-e-amapa-depois-se-espalha\/"},"author":{"name":"Reda\u00e7\u00e3o","@id":"https:\/\/www.notibras.com\/site\/#\/schema\/person\/36ab0979449956132d3e5b517ea76ac8"},"headline":"Choque da conta de luz come\u00e7a por S\u00e3o Paulo e Amap\u00e1. Depois o resto","datePublished":"2015-02-03T17:41:15+00:00","dateModified":"2015-02-03T19:04:16+00:00","mainEntityOfPage":{"@id":"https:\/\/www.notibras.com\/site\/choque-do-novo-preco-da-luz-comeca-em-sao-paulo-e-amapa-depois-se-espalha\/"},"wordCount":477,"commentCount":0,"publisher":{"@id":"https:\/\/www.notibras.com\/site\/#organization"},"image":{"@id":"https:\/\/www.notibras.com\/site\/choque-do-novo-preco-da-luz-comeca-em-sao-paulo-e-amapa-depois-se-espalha\/#primaryimage"},"thumbnailUrl":"https:\/\/www.notibras.com\/site\/wp-content\/uploads\/2015\/02\/energia-eletrica.jpg","articleSection":["Brasil"],"inLanguage":"pt-BR","potentialAction":[{"@type":"CommentAction","name":"Comment","target":["https:\/\/www.notibras.com\/site\/choque-do-novo-preco-da-luz-comeca-em-sao-paulo-e-amapa-depois-se-espalha\/#respond"]}]},{"@type":"WebPage","@id":"https:\/\/www.notibras.com\/site\/choque-do-novo-preco-da-luz-comeca-em-sao-paulo-e-amapa-depois-se-espalha\/","url":"https:\/\/www.notibras.com\/site\/choque-do-novo-preco-da-luz-comeca-em-sao-paulo-e-amapa-depois-se-espalha\/","name":"Choque da conta de luz come\u00e7a por S\u00e3o Paulo e Amap\u00e1. Depois o resto - Notibras","isPartOf":{"@id":"https:\/\/www.notibras.com\/site\/#website"},"primaryImageOfPage":{"@id":"https:\/\/www.notibras.com\/site\/choque-do-novo-preco-da-luz-comeca-em-sao-paulo-e-amapa-depois-se-espalha\/#primaryimage"},"image":{"@id":"https:\/\/www.notibras.com\/site\/choque-do-novo-preco-da-luz-comeca-em-sao-paulo-e-amapa-depois-se-espalha\/#primaryimage"},"thumbnailUrl":"https:\/\/www.notibras.com\/site\/wp-content\/uploads\/2015\/02\/energia-eletrica.jpg","datePublished":"2015-02-03T17:41:15+00:00","dateModified":"2015-02-03T19:04:16+00:00","breadcrumb":{"@id":"https:\/\/www.notibras.com\/site\/choque-do-novo-preco-da-luz-comeca-em-sao-paulo-e-amapa-depois-se-espalha\/#breadcrumb"},"inLanguage":"pt-BR","potentialAction":[{"@type":"ReadAction","target":["https:\/\/www.notibras.com\/site\/choque-do-novo-preco-da-luz-comeca-em-sao-paulo-e-amapa-depois-se-espalha\/"]}]},{"@type":"ImageObject","inLanguage":"pt-BR","@id":"https:\/\/www.notibras.com\/site\/choque-do-novo-preco-da-luz-comeca-em-sao-paulo-e-amapa-depois-se-espalha\/#primaryimage","url":"https:\/\/www.notibras.com\/site\/wp-content\/uploads\/2015\/02\/energia-eletrica.jpg","contentUrl":"https:\/\/www.notibras.com\/site\/wp-content\/uploads\/2015\/02\/energia-eletrica.jpg","width":900,"height":620,"caption":"Foto\/Arquivo Notibras"},{"@type":"BreadcrumbList","@id":"https:\/\/www.notibras.com\/site\/choque-do-novo-preco-da-luz-comeca-em-sao-paulo-e-amapa-depois-se-espalha\/#breadcrumb","itemListElement":[{"@type":"ListItem","position":1,"name":"In\u00edcio","item":"https:\/\/www.notibras.com\/site\/"},{"@type":"ListItem","position":2,"name":"Choque da conta de luz come\u00e7a por S\u00e3o Paulo e Amap\u00e1. Depois o resto"}]},{"@type":"WebSite","@id":"https:\/\/www.notibras.com\/site\/#website","url":"https:\/\/www.notibras.com\/site\/","name":"Notibras","description":"Not\u00edcias de Bras\u00edlia, do Brasil e do Mundo","publisher":{"@id":"https:\/\/www.notibras.com\/site\/#organization"},"potentialAction":[{"@type":"SearchAction","target":{"@type":"EntryPoint","urlTemplate":"https:\/\/www.notibras.com\/site\/?s={search_term_string}"},"query-input":{"@type":"PropertyValueSpecification","valueRequired":true,"valueName":"search_term_string"}}],"inLanguage":"pt-BR"},{"@type":"Organization","@id":"https:\/\/www.notibras.com\/site\/#organization","name":"Grupo Notibras de Comunica\u00e7\u00e3o","url":"https:\/\/www.notibras.com\/site\/","logo":{"@type":"ImageObject","inLanguage":"pt-BR","@id":"https:\/\/www.notibras.com\/site\/#\/schema\/logo\/image\/","url":"https:\/\/www.notibras.com\/site\/wp-content\/uploads\/2023\/01\/notibras23.png","contentUrl":"https:\/\/www.notibras.com\/site\/wp-content\/uploads\/2023\/01\/notibras23.png","width":350,"height":87,"caption":"Grupo Notibras de Comunica\u00e7\u00e3o"},"image":{"@id":"https:\/\/www.notibras.com\/site\/#\/schema\/logo\/image\/"},"sameAs":["https:\/\/www.facebook.com\/notibras\/","https:\/\/x.com\/Notibras","https:\/\/www.instagram.com\/notibras\/"]},{"@type":"Person","@id":"https:\/\/www.notibras.com\/site\/#\/schema\/person\/36ab0979449956132d3e5b517ea76ac8","name":"Reda\u00e7\u00e3o","image":{"@type":"ImageObject","inLanguage":"pt-BR","@id":"https:\/\/secure.gravatar.com\/avatar\/e0a867bdedb85fd243eadf09663511f96fc81e0720a4a42581f334ad4303aa6b?s=96&d=mm&r=g","url":"https:\/\/secure.gravatar.com\/avatar\/e0a867bdedb85fd243eadf09663511f96fc81e0720a4a42581f334ad4303aa6b?s=96&d=mm&r=g","contentUrl":"https:\/\/secure.gravatar.com\/avatar\/e0a867bdedb85fd243eadf09663511f96fc81e0720a4a42581f334ad4303aa6b?s=96&d=mm&r=g","caption":"Reda\u00e7\u00e3o"}}]}},"amp_enabled":true,"_links":{"self":[{"href":"https:\/\/www.notibras.com\/site\/wp-json\/wp\/v2\/posts\/35851","targetHints":{"allow":["GET"]}}],"collection":[{"href":"https:\/\/www.notibras.com\/site\/wp-json\/wp\/v2\/posts"}],"about":[{"href":"https:\/\/www.notibras.com\/site\/wp-json\/wp\/v2\/types\/post"}],"author":[{"embeddable":true,"href":"https:\/\/www.notibras.com\/site\/wp-json\/wp\/v2\/users\/2"}],"replies":[{"embeddable":true,"href":"https:\/\/www.notibras.com\/site\/wp-json\/wp\/v2\/comments?post=35851"}],"version-history":[{"count":0,"href":"https:\/\/www.notibras.com\/site\/wp-json\/wp\/v2\/posts\/35851\/revisions"}],"wp:featuredmedia":[{"embeddable":true,"href":"https:\/\/www.notibras.com\/site\/wp-json\/wp\/v2\/media\/35852"}],"wp:attachment":[{"href":"https:\/\/www.notibras.com\/site\/wp-json\/wp\/v2\/media?parent=35851"}],"wp:term":[{"taxonomy":"category","embeddable":true,"href":"https:\/\/www.notibras.com\/site\/wp-json\/wp\/v2\/categories?post=35851"},{"taxonomy":"post_tag","embeddable":true,"href":"https:\/\/www.notibras.com\/site\/wp-json\/wp\/v2\/tags?post=35851"}],"curies":[{"name":"wp","href":"https:\/\/api.w.org\/{rel}","templated":true}]}}